{"id":181208,"date":"2025-02-21T07:56:34","date_gmt":"2025-02-21T12:56:34","guid":{"rendered":"https:\/\/sportseco.com\/?p=181208"},"modified":"2025-02-21T07:56:38","modified_gmt":"2025-02-21T12:56:38","slug":"alcalde-alejandro-eder-confirmo-el-regreso-de-la-ciclovida-que-tendra-20-kilometros-mas-de-recorrido-y-una-ruta-comunitaria-en-la-ladera","status":"publish","type":"post","link":"https:\/\/sportseco.com\/?p=181208","title":{"rendered":"Alcalde Alejandro Eder confirm\u00f3 el regreso de la Ciclovida, que tendr\u00e1 20 kil\u00f3metros m\u00e1s de recorrido y una ruta comunitaria en la ladera"},"content":{"rendered":"\n<figure class=\"wp-block-image\"><img data-recalc-dims=\"1\" decoding=\"async\" src=\"https:\/\/i0.wp.com\/www.cali.gov.co\/deportes\/publicaciones\/184663\/alcalde-alejandro-eder-confirmo-el-regreso-de-la-ciclovida-que-tendra-20-kilometros-mas-de-recorrido-y-una-ruta-comunitaria-en-la-ladera\/info\/principal\/media\/pubInt\/thumbs\/thpub_700X400_184663.jpg?w=640&#038;ssl=1\" alt=\"Alcalde Alejandro Eder confirm\u00f3 el regreso de la Ciclovida, que tendr\u00e1 20 kil\u00f3metros m\u00e1s de recorrido y una ruta comunitaria en la ladera\"\/><\/figure>\n\n\n\n<p>Durante 2024 la Ciclovida tuvo m\u00e1s de 93 mil usuarios por jornada, quienes disfrutaron del recorrido, los M\u00f3dulos de Actividad F\u00edsica Musicalizada, las zonas infantiles y los circuitos deportivos.<\/p>\n\n\n\n<blockquote class=\"wp-block-quote is-layout-flow wp-block-quote-is-layout-flow\">\n<ul class=\"wp-block-list\">\n<li><em>La\u00a0<strong>Ciclovida<\/strong>\u00a0vuelve con toda el domingo 2 de marzo de 2025, integrando a la ciudad en un circuito que conecta el oriente con el norte, el oeste y el sur de Cali.<\/em><br \/>\u00a0<\/li>\n\n\n\n<li><em>El emblem\u00e1tico programa de la Secretar\u00eda del Deporte tendr\u00e1 una Ciclovida comunitaria en la ladera, para beneficio de los habitantes de la Comuna 20 y, especialmente, de Silo\u00e9.<\/em><\/li>\n<\/ul>\n<\/blockquote>\n\n\n\n<p><strong>Santiago de Cali, 20 de febrero de 2025<\/strong><br \/><br \/>El jueves (<em>20.02.2025<\/em>) y en el parque de la Urbanizaci\u00f3n Venezuela, el alcalde Alejandro Eder confirm\u00f3 que la&nbsp;<strong><em>Ciclovida de Cali<\/em><\/strong>&nbsp;ampliar\u00e1 su recorrido en&nbsp;<em>20 kil\u00f3metros<\/em>&nbsp;y que uno de los tramos nuevos ser\u00e1 una&nbsp;<em>ruta comunitaria<\/em>&nbsp;en la&nbsp;<em>Comuna 20<\/em>.<br \/><br \/>El mandatario reconoci\u00f3 c\u00f3mo el programa preferido y de mayor impacto social en los cale\u00f1os, sirve de veh\u00edculo para reconciliar, unir y recuperar a Cali.&nbsp;<em>\u201cQuiero decirle hoy a esta comuna que la Ciclovida es una realidad. Aqu\u00ed donde estamos parados es un punto donde antes no llegaba ese programa y ahora ser\u00e1 parte del recorrido. Esto significa que miles de habitantes de esta zona podr\u00e1n disfrutar de la Ciclovida sin tener que desplazarse a otros sitios\u201d<\/em>, anunci\u00f3.<br \/><br \/>Tambi\u00e9n inform\u00f3 que el pr\u00f3ximo&nbsp;<em>domingo 2 de marzo&nbsp;<\/em>regresa la&nbsp;<em>Ciclovida<\/em>, que este a\u00f1o ser\u00e1 m\u00e1s larga y con un tramo adicional en Silo\u00e9 y la zona de ladera.&nbsp;<em>\u201cEsa fue una solicitud de la comunidad, lo pidieron y hoy lo estamos entregando. Este espacio es una oportunidad para hacer ejercicio, estar en familia, con los hijos y las mascotas y, de paso, para mover la econom\u00eda\u201d<\/em>, consider\u00f3 Eder.<br \/><br \/><strong>M\u00e1s recorrido y m\u00e1s vida<\/strong><br \/><br \/>Los 20 kil\u00f3metros nuevos de&nbsp;<em>Ciclovida<\/em>&nbsp;se ir\u00e1n implementando progresivamente durante el primer semestre de 2025. Esto permitir\u00e1, adem\u00e1s, pasar de&nbsp;<em>443 a 737 personas&nbsp;<\/em>vinculadas al programa, generando m\u00e1s empleo y dinamizando la econom\u00eda del deporte.&nbsp;<br \/><br \/>Cali es una ciudad de campeones y la Comuna 20 es clave en esa historia. Desde este sector han salido grandes deportistas y ahora tendr\u00e1n la&nbsp;<em>Ciclovida<\/em>&nbsp;en su propia comunidad. Se trata de una apuesta por la inclusi\u00f3n y el derecho al deporte.&nbsp;<br \/><br \/><em>\u201cVamos por la mejor Ciclovida de nuestra historia. Hemos trabajado con detalle para que este programa regrese m\u00e1s fuerte y mejor que nunca. Porque es m\u00e1s que un recorrido, es una tradici\u00f3n cale\u00f1a que tiene 41 a\u00f1os y que nos une, activa y llena de vida\u201d<\/em>, manifest\u00f3 Alexander Camacho, secretario del Deporte y la Recreaci\u00f3n Distrital.<br \/><br \/><strong>Una ampliaci\u00f3n planificada<\/strong><br \/><br \/>Es importante recalcar que desde hace varios meses se adelantan estudios para la ampliaci\u00f3n de nuevos tramos de la&nbsp;<em>Ciclovida<\/em>.<br \/><br \/>A lo largo del primer semestre de 2025, se ir\u00e1n implementando paso a paso estos nuevos espacios, hasta lograr un circuito completo que conecte los tramos que ya ven\u00edan funcionando en vigencias anteriores.<br \/><br \/>La propuesta incluye un circuito que conecte la ciudad en sus cuatro puntos cardinales. A eso se suma la directriz del alcalde Eder, de contar con una&nbsp;<em>Ciclovida comunitaria<\/em>&nbsp;en la Comuna 20, que a futuro una el sector de ladera con el resto del recorrido.<br \/><br \/>As\u00ed las cosas, la&nbsp;<em>Ciclovida de 2025<\/em>&nbsp;impactar\u00e1 a 17 de las 22 comunas del Distrito, pasando de 38 a 58 kil\u00f3metros de recorrido, aproximadamente.<br \/><br \/><strong>Esto dijo la gente\u2026<\/strong><br \/><br \/>Y\u00edlmer Chac\u00f3n, presidente de la Junta de Acci\u00f3n Comunal (<em>JAC<\/em>) de Silo\u00e9, defini\u00f3 el anuncio del alcalde de Cali como una gran noticia y la oportunidad para muchas personas en cuanto a deporte y trabajo.&nbsp;<em>\u201cSabemos que con el deporte podemos transformar vidas, pues hay muchas oportunidades sociales e inversi\u00f3n. Agradecemos al secretario del Deporte y al alcalde Eder, porque esto es un sue\u00f1o hecho realidad. Hace mucho tiempo ven\u00edamos so\u00f1ando con la Ciclovida ac\u00e1 en la ladera y hoy nos dan esta gran noticia. Esperamos que la comunidad se una, pues se trata de una oportunidad \u00fanica\u201d<\/em>, manifest\u00f3.<br \/><br \/>A su turno, Mar\u00eda Alicia Quigu\u00e1, habitante del sector, puntualiz\u00f3:&nbsp;<em>\u201cme alegra mucho la iniciativa de la Ciclovida, porque es importante para nuestros j\u00f3venes y los adultos mayores; nos gusta que el secretario del Deporte tambi\u00e9n haya anunciado que ya est\u00e1n contratados los monitores, para seguir con nuestras actividades en la comuna\u201d<\/em>.<\/p>\n\n\n\n<p><\/p>\n\n\n\n<p><\/p>\n\n\n\n<p>cali.gov.co<\/p>\n","protected":false},"excerpt":{"rendered":"<p>Durante 2024 la Ciclovida tuvo m\u00e1s de 93 mil usuarios por jornada, quienes disfrutaron del recorrido, los M\u00f3dulos de Actividad F\u00edsica Musicalizada, las zonas infantiles y los circuitos deportivos. Santiago de Cali, 20 de febrero de 2025 El jueves (20.02.2025) y en el parque de la Urbanizaci\u00f3n Venezuela, el alcalde Alejandro Eder confirm\u00f3 que la&nbsp;Ciclovida [&hellip;]<\/p>\n","protected":false},"author":1,"featured_media":181209,"comment_status":"closed","ping_status":"closed","sticky":false,"template":"","format":"standard","meta":{"_acf_changed":false,"_jetpack_memberships_contains_paid_content":false,"footnotes":"","jetpack_publicize_message":"","jetpack_publicize_feature_enabled":true,"jetpack_social_post_already_shared":true,"jetpack_social_options":{"image_generator_settings":{"template":"highway","default_image_id":0,"font":"","enabled":false},"version":2}},"categories":[5],"tags":[],"class_list":["post-181208","post","type-post","status-publish","format-standard","has-post-thumbnail","hentry","category-futbol"],"acf":[],"jetpack_publicize_connections":[],"jetpack_featured_media_url":"https:\/\/i0.wp.com\/sportseco.com\/wp-content\/uploads\/2025\/02\/thpub_700X400_184663.jpg?fit=669%2C400&ssl=1","jetpack_sharing_enabled":true,"_links":{"self":[{"href":"https:\/\/sportseco.com\/index.php?rest_route=\/wp\/v2\/posts\/181208","targetHints":{"allow":["GET"]}}],"collection":[{"href":"https:\/\/sportseco.com\/index.php?rest_route=\/wp\/v2\/posts"}],"about":[{"href":"https:\/\/sportseco.com\/index.php?rest_route=\/wp\/v2\/types\/post"}],"author":[{"embeddable":true,"href":"https:\/\/sportseco.com\/index.php?rest_route=\/wp\/v2\/users\/1"}],"replies":[{"embeddable":true,"href":"https:\/\/sportseco.com\/index.php?rest_route=%2Fwp%2Fv2%2Fcomments&post=181208"}],"version-history":[{"count":1,"href":"https:\/\/sportseco.com\/index.php?rest_route=\/wp\/v2\/posts\/181208\/revisions"}],"predecessor-version":[{"id":181210,"href":"https:\/\/sportseco.com\/index.php?rest_route=\/wp\/v2\/posts\/181208\/revisions\/181210"}],"wp:featuredmedia":[{"embeddable":true,"href":"https:\/\/sportseco.com\/index.php?rest_route=\/wp\/v2\/media\/181209"}],"wp:attachment":[{"href":"https:\/\/sportseco.com\/index.php?rest_route=%2Fwp%2Fv2%2Fmedia&parent=181208"}],"wp:term":[{"taxonomy":"category","embeddable":true,"href":"https:\/\/sportseco.com\/index.php?rest_route=%2Fwp%2Fv2%2Fcategories&post=181208"},{"taxonomy":"post_tag","embeddable":true,"href":"https:\/\/sportseco.com\/index.php?rest_route=%2Fwp%2Fv2%2Ftags&post=181208"}],"curies":[{"name":"wp","href":"https:\/\/api.w.org\/{rel}","templated":true}]}}