{"id":181230,"date":"2025-02-21T10:32:31","date_gmt":"2025-02-21T15:32:31","guid":{"rendered":"https:\/\/sportseco.com\/?p=181230"},"modified":"2025-02-21T10:32:36","modified_gmt":"2025-02-21T15:32:36","slug":"colombia-avanza-en-la-lucha-contra-la-deforestacion-con-una-reduccion-acumulada-del-40","status":"publish","type":"post","link":"https:\/\/sportseco.com\/?p=181230","title":{"rendered":"Colombia avanza en la lucha contra la deforestaci\u00f3n con una reducci\u00f3n acumulada del 40%"},"content":{"rendered":"\n<figure class=\"wp-block-image\"><img data-recalc-dims=\"1\" decoding=\"async\" src=\"https:\/\/i0.wp.com\/www.minambiente.gov.co\/wp-content\/uploads\/2025\/02\/Deforestacion_2024_MinAmbiente_Susana_Muhamad--scaled.jpg?w=640&#038;ssl=1\" alt=\"Colombia avanza en la lucha contra la deforestaci\u00f3n con una reducci\u00f3n acumulada del 40%\" title=\"Colombia avanza en la lucha contra la deforestaci\u00f3n con una reducci\u00f3n acumulada del 40%\"\/><\/figure>\n\n\n\n<ul class=\"wp-block-list\">\n<li>En 2024, Colombia mantuvo una tendencia hist\u00f3rica a la baja en deforestaci\u00f3n, consolidando una reducci\u00f3n acumulada del 40% durante el periodo 2022-2024.<\/li>\n\n\n\n<li>A pesar de los desaf\u00edos actuales, el Gobierno del Cambio ha superado la meta del Plan Nacional de Desarrollo, logrando reducciones del 29% en 2022, 54% en 2023 y 38,5% en 2024.<\/li>\n\n\n\n<li>El Plan de Contenci\u00f3n de la Deforestaci\u00f3n, basado en el trabajo con comunidades y el fortalecimiento institucional, demuestra ser un modelo efectivo para la protecci\u00f3n de los bosques.<\/li>\n<\/ul>\n\n\n\n<p><strong>Bogot\u00e1, 20 de febrero de 2025 (@Minambienteco)<\/strong>&nbsp;\u2013 La ministra de Ambiente y Desarrollo Sostenible, Susana Muhamad, present\u00f3 el balance preliminar de deforestaci\u00f3n en Colombia, resaltando que el pa\u00eds alcanz\u00f3 la segunda cifra m\u00e1s baja de deforestaci\u00f3n desde que se mide este fen\u00f3meno. Este resultado se enmarca dentro de una tendencia sostenida de reducci\u00f3n que ha evitado la p\u00e9rdida de m\u00e1s de 212.000 hect\u00e1reas de bosque en los \u00faltimos tres a\u00f1os, protegiendo m\u00e1s de 118 millones de \u00e1rboles.<\/p>\n\n\n\n<p>\u201cGracias a la estrategia integral del Ministerio de Ambiente y al trabajo con las comunidades, hemos logrado consolidar una reducci\u00f3n hist\u00f3rica de la deforestaci\u00f3n en el pa\u00eds,&nbsp;<a href=\"https:\/\/www.minambiente.gov.co\/2024-un-ano-de-logros-historicos-para-el-ambiente-en-colombia\/\">superando los compromisos establecidos en el Plan Nacional de Desarrollo<\/a>\u201d, afirm\u00f3 la ministra Susana Muhamad.<\/p>\n\n\n\n<p><strong>Estrategia efectiva para contener la deforestaci\u00f3n<\/strong><\/p>\n\n\n\n<p>El Plan de Contenci\u00f3n de la Deforestaci\u00f3n implementado por el Gobierno Nacional se ha consolidado como un modelo exitoso de protecci\u00f3n ambiental, estructurado en cinco pilares fundamentales:<\/p>\n\n\n\n<ol class=\"wp-block-list\">\n<li><strong>Acuerdos de Conservaci\u00f3n:<\/strong>\u00a0Alianzas efectivas con comunidades locales para la protecci\u00f3n de sus territorios.<\/li>\n\n\n\n<li><strong>Agenda Ambiental para la Paz:<\/strong>\u00a0Integraci\u00f3n de pol\u00edticas ambientales en el proceso de paz, promoviendo la convivencia arm\u00f3nica con la naturaleza.<\/li>\n\n\n\n<li><strong>Fortalecimiento Institucional:<\/strong>\u00a0Capacitaci\u00f3n y empoderamiento de autoridades locales para el control y monitoreo ambiental.<\/li>\n\n\n\n<li><strong>Investigaci\u00f3n Criminal:<\/strong>\u00a0Acciones efectivas contra actores ilegales responsables de la deforestaci\u00f3n.<\/li>\n\n\n\n<li><strong>Despliegue de la Fuerza P\u00fablica:<\/strong>\u00a0Protecci\u00f3n estrat\u00e9gica de las \u00e1reas m\u00e1s vulnerables.<\/li>\n<\/ol>\n\n\n\n<p><strong>La Amazon\u00eda en el centro de la protecci\u00f3n<\/strong><\/p>\n\n\n\n<p>En la regi\u00f3n amaz\u00f3nica, la deforestaci\u00f3n ha mostrado una reducci\u00f3n acumulada del 39% en comparaci\u00f3n con la l\u00ednea base de 2021. A pesar de un aumento puntual de aproximadamente 23.000 hect\u00e1reas respecto a 2023, esta variaci\u00f3n responde a factores coyunturales que refuerzan la necesidad de continuar fortaleciendo las estrategias de conservaci\u00f3n y protecci\u00f3n en esta zona estrat\u00e9gica.<\/p>\n\n\n\n<p>El Ministerio de Ambiente y Desarrollo Sostenible reafirma su compromiso con la protecci\u00f3n de los bosques, impulsando estrategias que garanticen la sostenibilidad y la mitigaci\u00f3n del cambio clim\u00e1tico, alineadas con los\u00a0<a href=\"https:\/\/www.un.org\/sustainabledevelopment\/es\/sustainable-development-goals\/\">Objetivos y metas de desarrollo sostenible \u2013 Desarrollo Sostenible<\/a>.<\/p>\n\n\n\n<p><\/p>\n\n\n\n<p><\/p>\n\n\n\n<p>minambiente.gov.co<\/p>\n","protected":false},"excerpt":{"rendered":"<p>Bogot\u00e1, 20 de febrero de 2025 (@Minambienteco)&nbsp;\u2013 La ministra de Ambiente y Desarrollo Sostenible, Susana Muhamad, present\u00f3 el balance preliminar de deforestaci\u00f3n en Colombia, resaltando que el pa\u00eds alcanz\u00f3 la segunda cifra m\u00e1s baja de deforestaci\u00f3n desde que se mide este fen\u00f3meno. Este resultado se enmarca dentro de una tendencia sostenida de reducci\u00f3n que ha [&hellip;]<\/p>\n","protected":false},"author":1,"featured_media":181231,"comment_status":"closed","ping_status":"closed","sticky":false,"template":"","format":"standard","meta":{"_acf_changed":false,"_jetpack_memberships_contains_paid_content":false,"footnotes":"","jetpack_publicize_message":"","jetpack_publicize_feature_enabled":true,"jetpack_social_post_already_shared":true,"jetpack_social_options":{"image_generator_settings":{"template":"highway","default_image_id":0,"font":"","enabled":false},"version":2}},"categories":[6],"tags":[],"class_list":["post-181230","post","type-post","status-publish","format-standard","has-post-thumbnail","hentry","category-ecologia"],"acf":[],"jetpack_publicize_connections":[],"jetpack_featured_media_url":"https:\/\/i0.wp.com\/sportseco.com\/wp-content\/uploads\/2025\/02\/Deforestacion_2024_MinAmbiente_Susana_Muhamad-scaled-1.jpg?fit=2560%2C1441&ssl=1","jetpack_sharing_enabled":true,"_links":{"self":[{"href":"https:\/\/sportseco.com\/index.php?rest_route=\/wp\/v2\/posts\/181230","targetHints":{"allow":["GET"]}}],"collection":[{"href":"https:\/\/sportseco.com\/index.php?rest_route=\/wp\/v2\/posts"}],"about":[{"href":"https:\/\/sportseco.com\/index.php?rest_route=\/wp\/v2\/types\/post"}],"author":[{"embeddable":true,"href":"https:\/\/sportseco.com\/index.php?rest_route=\/wp\/v2\/users\/1"}],"replies":[{"embeddable":true,"href":"https:\/\/sportseco.com\/index.php?rest_route=%2Fwp%2Fv2%2Fcomments&post=181230"}],"version-history":[{"count":1,"href":"https:\/\/sportseco.com\/index.php?rest_route=\/wp\/v2\/posts\/181230\/revisions"}],"predecessor-version":[{"id":181232,"href":"https:\/\/sportseco.com\/index.php?rest_route=\/wp\/v2\/posts\/181230\/revisions\/181232"}],"wp:featuredmedia":[{"embeddable":true,"href":"https:\/\/sportseco.com\/index.php?rest_route=\/wp\/v2\/media\/181231"}],"wp:attachment":[{"href":"https:\/\/sportseco.com\/index.php?rest_route=%2Fwp%2Fv2%2Fmedia&parent=181230"}],"wp:term":[{"taxonomy":"category","embeddable":true,"href":"https:\/\/sportseco.com\/index.php?rest_route=%2Fwp%2Fv2%2Fcategories&post=181230"},{"taxonomy":"post_tag","embeddable":true,"href":"https:\/\/sportseco.com\/index.php?rest_route=%2Fwp%2Fv2%2Ftags&post=181230"}],"curies":[{"name":"wp","href":"https:\/\/api.w.org\/{rel}","templated":true}]}}