{"id":181257,"date":"2025-02-21T19:26:32","date_gmt":"2025-02-22T00:26:32","guid":{"rendered":"https:\/\/sportseco.com\/?p=181257"},"modified":"2025-02-21T19:26:35","modified_gmt":"2025-02-22T00:26:35","slug":"una-radio-para-hablar-sobre-cambio-climatico-desde-la-perspectiva-de-la-justicia-2","status":"publish","type":"post","link":"https:\/\/sportseco.com\/?p=181257","title":{"rendered":"Una radio para hablar sobre cambio clim\u00e1tico desde la perspectiva de la justicia"},"content":{"rendered":"\n<figure class=\"wp-block-image\"><img data-recalc-dims=\"1\" decoding=\"async\" src=\"https:\/\/i0.wp.com\/global.unitednations.entermediadb.net\/assets\/mediadb\/services\/module\/asset\/downloads\/preset\/Libraries\/Production%20Library\/07-02-2025-Ruta-del-Clima-Costa-Rica-01.jpg\/image1170x530cropped.jpg?w=640&#038;ssl=1\" alt=\"Pescador del Golfo de Nicoya, Costa Rica.\" title=\"Pescador del Golfo de Nicoya, Costa Rica.\"\/><\/figure>\n\n\n\n<p>En la era de la inteligencia artificial, junto a las omnipresentes redes sociales, la radio de calidad sigue siendo universal, popular y m\u00e1s fiable que otros medios. La Ruta del Clima Radio aprovecha estas caracter\u00edsticas para sensibilizar y promover la participaci\u00f3n p\u00fablica en la toma de decisiones clim\u00e1ticas en Am\u00e9rica Latina.<\/p>\n\n\n\n<p>En un a\u00f1o crucial para la acci\u00f3n clim\u00e1tica que, de conformidad con el&nbsp;<a href=\"https:\/\/unfccc.int\/es\/acerca-de-las-ndc\/el-acuerdo-de-paris\" target=\"_blank\" rel=\"noreferrer noopener\">Acuerdo de Par\u00eds<\/a>, busca limitar el calentamiento global a 1,5 \u00b0C, el&nbsp;<a href=\"https:\/\/www.un.org\/es\/observances\/radio-day\" target=\"_blank\" rel=\"noreferrer noopener\">D\u00eda Mundial de la Radio<\/a>&nbsp;est\u00e1 dedicado en 2025 a destacar el poder de la radiodifusi\u00f3n para dar prominencia a las cuestiones relacionadas con el&nbsp;<a href=\"https:\/\/news.un.org\/es\/news\/topic\/climate-change\">cambio clim\u00e1tico<\/a>.<\/p>\n\n\n\n<p>Seg\u00fan la Organizaci\u00f3n de las Naciones Unidas para&nbsp;<a href=\"https:\/\/www.unesco.org\/es\" target=\"_blank\" rel=\"noreferrer noopener\">la Educaci\u00f3n, la Ciencia y la Cultura<\/a>&nbsp;(<a href=\"https:\/\/en.unesco.org\/\" target=\"_blank\" rel=\"noreferrer noopener\"><\/a><a href=\"https:\/\/es.unesco.org\/\" target=\"_blank\" rel=\"noreferrer noopener\">UNESCO<\/a>), en la era de la inteligencia artificial, junto a las omnipresentes redes sociales, la radio de calidad sigue siendo universal y popular, adem\u00e1s de que se considera el medio m\u00e1s fiable.<\/p>\n\n\n\n<p>Por estas razones, en la jornada mundial, celebrada cada 13 de febrero, la UNESCO apoya a las emisoras de radio en su cobertura period\u00edstica del tema.<\/p>\n\n\n\n<p>Como la UNESCO,&nbsp;<a href=\"https:\/\/larutadelclima.org\/la-ruta-del-clima-radio\/\" target=\"_blank\" rel=\"noreferrer noopener\">la Ruta del Clima Radio<\/a>&nbsp;sabe del poder y la fiabilidad de este medio, que no pierde importancia pese a la gran diversidad de tecnolog\u00edas y veh\u00edculos de comunicaci\u00f3n que existen en la actualidad.<\/p>\n\n\n\n<figure class=\"wp-block-image\"><img data-recalc-dims=\"1\" decoding=\"async\" src=\"https:\/\/i0.wp.com\/global.unitednations.entermediadb.net\/assets\/mediadb\/services\/module\/asset\/downloads\/preset\/Libraries\/Production%20Library\/07-02-2025-Ruta-del-Clima-Costa-Rica-03.jpg\/image1024x768.jpg?w=640&#038;ssl=1\" alt=\"Adri\u00e1n Mart\u00ednez, director de la Ruta del Clima (izquierda), participa como panelista en un evento de la  COP 29, en  Baku, Azerbaiy\u00e1n.\" title=\"Adri\u00e1n Mart\u00ednez, director de la Ruta del Clima (izquierda), participa como panelista en un evento de la  COP 29, en  Baku, Azerbaiy\u00e1n.\"\/><\/figure>\n\n\n\n<p>\u00a9 La Ruta del Clima<\/p>\n\n\n\n<p>Adri\u00e1n Mart\u00ednez, director de la Ruta del Clima (izquierda), participa como panelista en un evento de la COP 29, en Baku, Azerbaiy\u00e1n.<\/p>\n\n\n\n<h2 class=\"wp-block-heading\">La radio democratiza<\/h2>\n\n\n\n<p>\u201cLa radio en todas sus versiones, sea digital o transmitida por antenas es s\u00faper importante porque democratiza. La radio tradicionalmente&nbsp;<strong>llega a lugares y a comunidades donde no necesariamente hay internet.<\/strong>&nbsp;Es tambi\u00e9n muy generacional, las personas interact\u00faan con la radio d\u00eda a d\u00eda porque es ef\u00edmera, es una naturaleza muy interesante para un medio de comunicaci\u00f3n\u201d, se\u00f1ala Adri\u00e1n Mart\u00ednez, director de la&nbsp;<a href=\"https:\/\/larutadelclima.org\/\" target=\"_blank\" rel=\"noreferrer noopener\">Ruta del Clima<\/a>, una ONG de Costa Rica que promueve la participaci\u00f3n p\u00fablica en la toma de decisiones clim\u00e1ticas y ambientales.<\/p>\n\n\n\n<p>En entrevista con Noticias ONU, Mart\u00ednez explica que la Ruta del Clima estudia y expone los&nbsp;<strong>impactos clim\u00e1ticos \u201cen los&nbsp;<a href=\"https:\/\/news.un.org\/es\/news\/topic\/human-rights\">derechos humanos<\/a>&nbsp;de las personas de las comunidades vulnerables de Am\u00e9rica Latina<\/strong>, en especial de Centroam\u00e9rica, que tienen que lidiar con los efectos adversos del cambio clim\u00e1tico, de los cuales tiene muy poca responsabilidad pero que est\u00e1 transformando sus territorios y modos de vida\u201d.<\/p>\n\n\n\n<p>Con el objetivo de difundir y sensibilizar a la sociedad sobre estos temas, la organizaci\u00f3n cre\u00f3 en 2015 la Ruta del Clima Radio, un programa difundido los primeros a\u00f1os por una emisora de la Universidad de Costa Rica, y luego por medios digitales a trav\u00e9s de podcasts.<\/p>\n\n\n\n<p>Para el director del proyecto, \u201cla radio digital tambi\u00e9n provee un gran material que se va acumulando y al que pueden acceder las personas, democratizando as\u00ed las perspectivas y las opiniones\u201d.<\/p>\n\n\n\n<h2 class=\"wp-block-heading\">Las comunidades pueden hacer escuchar su voz<\/h2>\n\n\n\n<p>\u201cY eso es muy importante porque la comunicaci\u00f3n que pueda tener un alcance masivo se ha vuelto muy cara y elitista. Sin embargo, la radio digital o tradicional&nbsp;<strong>abre esa oportunidad<\/strong>&nbsp;para que comunidades, organizaciones sociales y movimientos puedan crear su ventana y hacer escuchar su voz\u201d, reflexiona.<\/p>\n\n\n\n<p>La UNESCO sostiene que m\u00e1s all\u00e1 de popularizar conceptos medioambientales, al difundir informaci\u00f3n contrastada e independiente de poderes econ\u00f3micos, ideol\u00f3gicos y pol\u00edticos, la radio puede condicionar la percepci\u00f3n de los oyentes sobre el cambio clim\u00e1tico, y la importancia que se concede al tema, por lo que tambi\u00e9n puede&nbsp;<strong>contribuir a configurar la agenda p\u00fablica e influir en las pol\u00edticas<\/strong>&nbsp;al respecto.<\/p>\n\n\n\n<figure class=\"wp-block-image\"><img data-recalc-dims=\"1\" decoding=\"async\" src=\"https:\/\/i0.wp.com\/global.unitednations.entermediadb.net\/assets\/mediadb\/services\/module\/asset\/downloads\/preset\/Libraries\/Production%20Library\/07-02-2025-Ruta-del-Clima-Costa-Rica-02.jpg\/image1024x768.jpg?w=640&#038;ssl=1\" alt=\"Taller de capacitaci\u00f3n sobre da\u00f1os y p\u00e9rdidas en la comunidad de Cahuita en Costa Rica.\" title=\"Taller de capacitaci\u00f3n sobre da\u00f1os y p\u00e9rdidas en la comunidad de Cahuita en Costa Rica.\"\/><\/figure>\n\n\n\n<p>\u00a9 La Ruta del Clima<\/p>\n\n\n\n<p>Taller de capacitaci\u00f3n sobre da\u00f1os y p\u00e9rdidas en la comunidad de Cahuita en Costa Rica.<\/p>\n\n\n\n<h2 class=\"wp-block-heading\">Conectar el cambio clim\u00e1tico con las personas<\/h2>\n\n\n\n<p>En este sentido, Adri\u00e1n Martinez se\u00f1ala que la Ruta del Clima Radio \u201cse ha enfocado mucho en conectar el tema del cambio clim\u00e1tico con las personas, no solo a nivel nacional en Costa Rica, sino&nbsp;<strong>en toda la regi\u00f3n latinoamericana<\/strong>, discutiendo los temas que son m\u00e1s relevantes en la gobernanza clim\u00e1tica y dando a conocer el trabajo y las experiencias y opiniones de colegas, activistas y expertos de la regi\u00f3n y de otras regiones sobre temas clim\u00e1ticos, para que la ciudadan\u00eda pueda tener informaci\u00f3n y criterios m\u00e1s all\u00e1 de lo que hay en los medios de comunicaci\u00f3n oficiales y que as\u00ed pueda tener una visi\u00f3n m\u00e1s integral e impulsar la participaci\u00f3n efectiva de nuestras comunidades en las decisiones clim\u00e1ticas\u201d.<\/p>\n\n\n\n<p>Las producciones de la Ruta del Clima Radio son aut\u00f3nomas e incluyen las cumbres clim\u00e1ticas, entrevistas en comunidades y entrevistas en l\u00ednea con personas alrededor del mundo en ingl\u00e9s o espa\u00f1ol.<\/p>\n\n\n\n<figure class=\"wp-block-image\"><img data-recalc-dims=\"1\" decoding=\"async\" src=\"https:\/\/i0.wp.com\/global.unitednations.entermediadb.net\/assets\/mediadb\/services\/module\/asset\/downloads\/preset\/assets\/2015\/09\/22532\/image1024x768.jpg?w=640&#038;ssl=1\" alt=\"Gr\u00e1fico de los 17 Objetivos de Desarrollo Sostenible, aprobados en 2015 por todos los Estados miembros de la ONU.\" title=\"Gr\u00e1fico de los 17 Objetivos de Desarrollo Sostenible, aprobados en 2015 por todos los Estados miembros de la ONU.\"\/><\/figure>\n\n\n\n<p>ONU<\/p>\n\n\n\n<p>Gr\u00e1fico de los 17 Objetivos de Desarrollo Sostenible, aprobados en 2015 por todos los Estados miembros de la ONU.<\/p>\n\n\n\n<h2 class=\"wp-block-heading\">A tono con los Objetivos de Desarrollo Sostenible<\/h2>\n\n\n\n<p>La Ruta del Clima subraya la importancia de los&nbsp;<a href=\"https:\/\/news.un.org\/es\/news\/topic\/sdgs\">Objetivos de Desarrollo Sostenible<\/a>&nbsp;(ODS), particularmente los que se refieren a&nbsp;<a href=\"https:\/\/www.un.org\/sustainabledevelopment\/es\/climate-change-2\/\" target=\"_blank\" rel=\"noreferrer noopener\">acci\u00f3n por el clima<\/a>;&nbsp;<a href=\"https:\/\/www.un.org\/sustainabledevelopment\/es\/peace-justice\/\" target=\"_blank\" rel=\"noreferrer noopener\">paz, justica e Instituciones s\u00f3lidas<\/a>; y&nbsp;<a href=\"https:\/\/www.un.org\/sustainabledevelopment\/es\/globalpartnerships\/\" target=\"_blank\" rel=\"noreferrer noopener\">alianzas para lograr los objetivos<\/a>.<\/p>\n\n\n\n<p>Adri\u00e1n Mart\u00ednez se\u00f1ala que la ONG ha trabajado con algunas agencias de la ONU, como&nbsp;<a href=\"https:\/\/www.unicef.org\/es\" target=\"_blank\" rel=\"noreferrer noopener\">UNICEF<\/a>&nbsp;y el&nbsp;<a href=\"http:\/\/www.undp.org\/content\/undp\/es\/home.html\" target=\"_blank\" rel=\"noreferrer noopener\">PNUD<\/a>.<\/p>\n\n\n\n<p>\u201cColaboramos, por ejemplo, con el Alto Comisionado de Derechos Humanos, en temas de cambio clim\u00e1tico y siempre estamos discutiendo con ellos y con los relatores del sistema de Naciones Unidas o de la OEA en temas ambientales\u201d, detalla.<\/p>\n\n\n\n<h2 class=\"wp-block-heading\">Reclamos de justicia clim\u00e1tica<\/h2>\n\n\n\n<p>Costa Rica es un pa\u00eds que desde hace a\u00f1os se ha destacado por la conciencia ecol\u00f3gica y clim\u00e1tica de su poblaci\u00f3n y gobierno, y la Ruta del Clima Radio podr\u00eda tener algo que ver con esa conciencia.<\/p>\n\n\n\n<p>\u201cSabemos que tenemos una&nbsp;<strong>comunidad muy especializada de escuchas<\/strong>, de oyentes y eso ha ayudado a poder interactuar con este grupo t\u00e9cnico de diversos pa\u00edses: pol\u00edticos, activistas o miembros de gobiernos o delegaciones nacionales, [ha ayudado] a conversar con esta comunidad espec\u00edficamente sobre temas de temas de derechos humanos, de g\u00e9nero, de perspectiva de las comunidades, y hacer cr\u00edtica constructiva\u201d, precisa Adri\u00e1n Mart\u00ednez.<\/p>\n\n\n\n<p>Esa interacci\u00f3n, abunda, ha permitido&nbsp;<strong>potenciar los reclamos de justicia clim\u00e1tica<\/strong>.<\/p>\n\n\n\n<figure class=\"wp-block-image\"><img data-recalc-dims=\"1\" decoding=\"async\" src=\"https:\/\/i0.wp.com\/global.unitednations.entermediadb.net\/assets\/mediadb\/services\/module\/asset\/downloads\/preset\/Libraries\/Production%20Library\/07-02-2025-Ruta-del-Clima-Costa-Rica-04.jpg\/image770x420cropped.jpg?w=640&#038;ssl=1\" alt=\"Adri\u00e1n Mart\u00ednez, director de La Ruta del Clima, imparte un taller sobre reparaciones clim\u00e1ticas en la COP 29 en Baku, Azerbaiy\u00e1n.\" title=\"Adri\u00e1n Mart\u00ednez, director de La Ruta del Clima, imparte un taller sobre reparaciones clim\u00e1ticas en la COP 29 en Baku, Azerbaiy\u00e1n.\"\/><\/figure>\n\n\n\n<p>\u00a9 La Ruta del Clima<\/p>\n\n\n\n<h2 class=\"wp-block-heading\">Una radio muy especial<\/h2>\n\n\n\n<p>\u201cNo somos una radio muy grande, pero s\u00ed tal vez muy especial en su mensaje y creo que&nbsp;<strong>eso nos ha abierto puertas para dar a conocer nuestra perspectiva<\/strong>&nbsp;y crear un enlace con esta comunidad que a veces cuesta enganchar\u201d.<\/p>\n\n\n\n<p>En este sentido, Adri\u00e1n Mart\u00ednez insiste en la relevancia de la radio: \u201cnos permite acceder a la comunicaci\u00f3n de una manera oral, que a veces es muy necesaria para poder tener comprensi\u00f3n,&nbsp;<strong>La forma en que nos comunicamos oralmente es muy diferente<\/strong>&nbsp;a la que utilizamos de manera escrita y a veces no podemos comunicarnos de la misma forma\u201d.<\/p>\n\n\n\n<p>El caso de las redes sociales, en cambio, tiene un nivel de complejidad para la interacci\u00f3n y suele ser escenario de violencia, acota. \u201cLa radio tal vez&nbsp;<strong>facilita un poco la comprensi\u00f3n de las ideas<\/strong>&nbsp;y carece de ese elemento tan distractor que a veces tienen los medios visuales como la televisi\u00f3n o YouTube, [nos permite] enfocarnos m\u00e1s en el mensaje y la atenci\u00f3n\u201d, considera Mart\u00ednez.<\/p>\n\n\n\n<p>Con motivo del D\u00eda Mundial de la Radio, Adri\u00e1n Mart\u00ednez subraya que la radio, \u201cy no solo la radio, sino la comunicaci\u00f3n, es esencial para poder generar ese di\u00e1logo de ideas, emociones, de sentimientos que pueden potenciar la toma de decisiones para la paz, para la construcci\u00f3n de una mejor relaci\u00f3n con nuestro ambiente, con el clima. Creo que debemos seguir explorando no solo en la utilizaci\u00f3n de la radio, sino de otros medios que nos lleguen a conectar y a entender la necesidad del trabajo en conjunto, eso es lo importante de los medios de comunicaci\u00f3n:&nbsp;<strong>poder entender a otros y poder entablar luego acciones en com\u00fan\u201d.<\/strong><\/p>\n\n\n\n<p><\/p>\n\n\n\n<p>un.org<\/p>\n","protected":false},"excerpt":{"rendered":"<p>En la era de la inteligencia artificial, junto a las omnipresentes redes sociales, la radio de calidad sigue siendo universal, popular y m\u00e1s fiable que otros medios. La Ruta del Clima Radio aprovecha estas caracter\u00edsticas para sensibilizar y promover la participaci\u00f3n p\u00fablica en la toma de decisiones clim\u00e1ticas en Am\u00e9rica Latina. En un a\u00f1o crucial [&hellip;]<\/p>\n","protected":false},"author":1,"featured_media":181258,"comment_status":"closed","ping_status":"closed","sticky":false,"template":"","format":"standard","meta":{"_acf_changed":false,"_jetpack_memberships_contains_paid_content":false,"footnotes":"","jetpack_publicize_message":"","jetpack_publicize_feature_enabled":true,"jetpack_social_post_already_shared":true,"jetpack_social_options":{"image_generator_settings":{"template":"highway","default_image_id":0,"font":"","enabled":false},"version":2}},"categories":[6],"tags":[],"class_list":["post-181257","post","type-post","status-publish","format-standard","has-post-thumbnail","hentry","category-ecologia"],"acf":[],"jetpack_publicize_connections":[],"jetpack_featured_media_url":"https:\/\/i0.wp.com\/sportseco.com\/wp-content\/uploads\/2025\/02\/image1170x530cropped-10.jpg?fit=1170%2C530&ssl=1","jetpack_sharing_enabled":true,"_links":{"self":[{"href":"https:\/\/sportseco.com\/index.php?rest_route=\/wp\/v2\/posts\/181257","targetHints":{"allow":["GET"]}}],"collection":[{"href":"https:\/\/sportseco.com\/index.php?rest_route=\/wp\/v2\/posts"}],"about":[{"href":"https:\/\/sportseco.com\/index.php?rest_route=\/wp\/v2\/types\/post"}],"author":[{"embeddable":true,"href":"https:\/\/sportseco.com\/index.php?rest_route=\/wp\/v2\/users\/1"}],"replies":[{"embeddable":true,"href":"https:\/\/sportseco.com\/index.php?rest_route=%2Fwp%2Fv2%2Fcomments&post=181257"}],"version-history":[{"count":1,"href":"https:\/\/sportseco.com\/index.php?rest_route=\/wp\/v2\/posts\/181257\/revisions"}],"predecessor-version":[{"id":181259,"href":"https:\/\/sportseco.com\/index.php?rest_route=\/wp\/v2\/posts\/181257\/revisions\/181259"}],"wp:featuredmedia":[{"embeddable":true,"href":"https:\/\/sportseco.com\/index.php?rest_route=\/wp\/v2\/media\/181258"}],"wp:attachment":[{"href":"https:\/\/sportseco.com\/index.php?rest_route=%2Fwp%2Fv2%2Fmedia&parent=181257"}],"wp:term":[{"taxonomy":"category","embeddable":true,"href":"https:\/\/sportseco.com\/index.php?rest_route=%2Fwp%2Fv2%2Fcategories&post=181257"},{"taxonomy":"post_tag","embeddable":true,"href":"https:\/\/sportseco.com\/index.php?rest_route=%2Fwp%2Fv2%2Ftags&post=181257"}],"curies":[{"name":"wp","href":"https:\/\/api.w.org\/{rel}","templated":true}]}}