{"id":181298,"date":"2025-02-22T17:06:22","date_gmt":"2025-02-22T22:06:22","guid":{"rendered":"https:\/\/sportseco.com\/?p=181298"},"modified":"2025-02-22T17:06:28","modified_gmt":"2025-02-22T22:06:28","slug":"mas-de-100-paises-piden-compromiso-con-ciencia-climatica-para-monitorear-acuerdo-de-paris","status":"publish","type":"post","link":"https:\/\/sportseco.com\/?p=181298","title":{"rendered":"M\u00e1s de 100 pa\u00edses piden compromiso con ciencia clim\u00e1tica para monitorear Acuerdo de Par\u00eds"},"content":{"rendered":"\n<p>Redacci\u00f3n Medioambiente, 21 feb (EFEverde).- M\u00e1s de un centenar de pa\u00edses pidieron este viernes un compromiso global para asegurar que la \u00faltima informaci\u00f3n cient\u00edfica del Grupo Intergubernamental sobre Cambio Clim\u00e1tico (IPCC en ingl\u00e9s) de la ONU se tenga en cuenta para la pr\u00f3xima fase de monitorizaci\u00f3n del Acuerdo de Par\u00eds.<\/p>\n\n\n\n<p>Este llamamiento se hizo a tres d\u00edas del arranque de la 62\u00aa reuni\u00f3n del IPCC, que se realizar\u00e1 entre el 24 y el 28 de febrero en Hangzhou (China), en la que se establecer\u00e1 el calendario de preparaci\u00f3n de los informes del s\u00e9ptimo ciclo de evaluaci\u00f3n del panel de expertos de la ONU.<\/p>\n\n\n\n<p>Varios grupos de pa\u00edses mostraron su preocupaci\u00f3n por que los tiempos se retrasen y no se permita que esos informes lleguen a tiempo para el pr\u00f3ximo Balance Mundial, el instrumento que se utiliza para monitorizar su implementaci\u00f3n y evaluar el progreso colectivo hacia las metas acordadas.<\/p>\n\n\n\n<p>El segundo Balance Mundial (Global Stocktake, en ingl\u00e9s) establece 2028 como fecha l\u00edmite para recibir las aportaciones cient\u00edficas.<\/p>\n\n\n\n<blockquote class=\"wp-block-quote is-layout-flow wp-block-quote-is-layout-flow\">\n<p><strong><em>\u00abEl proceso del Acuerdo de Par\u00eds debe estar informado por la mejor ciencia y la m\u00e1s reciente\u00bb, defendieron en una carta 19 integrantes de la Coalici\u00f3n Gran Ambici\u00f3n, un grupo informal que re\u00fane a 117 pa\u00edses comprometidos con los progresos clim\u00e1ticos.<\/em><\/strong><\/p>\n<\/blockquote>\n\n\n\n<p><a href=\"https:\/\/efeverde.com\/wp-content\/uploads\/2025\/02\/250221-IPCC-Statement-HAC-2.pdf\">En una misiva<\/a>&nbsp;-firmada por la ministra para la Transici\u00f3n Ecol\u00f3gica de Espa\u00f1a, Sara Aagesen, y el comisario europeo de Clima, Wopke Hoekstra, entre otros- apuntan&nbsp; que es \u00abfundamental\u00bb que todas las contribuciones del s\u00e9ptimo ciclo de evaluaci\u00f3n del IPCC est\u00e9n listas a tiempo.<\/p>\n\n\n\n<blockquote class=\"wp-block-quote is-layout-flow wp-block-quote-is-layout-flow\">\n<p>\u00abLa capacidad de los \u00faltimos avances cient\u00edficos disponibles para informar al Balance Mundial es un elemento fundamental del Acuerdo de Par\u00eds que, de perderse, socavar\u00eda su credibilidad e integridad\u00bb, alertaron los firmantes de la carta, entre los que tambi\u00e9n est\u00e1n Francia, Alemania, B\u00e9lgica, Holanda, el Reino Unido y Guatemala.<\/p>\n<\/blockquote>\n\n\n\n<p>En la misma l\u00ednea se manifest\u00f3 el grupo de Pa\u00edses Menos Desarrollados, que representa a 45 estados y que defendi\u00f3 que los \u00faltimos reportes cient\u00edficos tendr\u00e1n \u00abinformaci\u00f3n cr\u00edtica\u00bb para sus prioridades, como la adaptaci\u00f3n, las finanzas o una acci\u00f3n de mitigaci\u00f3n m\u00e1s amplia.<\/p>\n\n\n\n<p>\u00abCualquier retroceso en esta cuesti\u00f3n del proceso ser\u00e1 visto como lo que es: politizaci\u00f3n de la ciencia a expensas de los pa\u00edses vulnerables. La gente del mundo en desarrollo no tiene nada que ganar restringiendo el acceso a la ciencia del IPCC de libre acceso\u00bb, alegaron.<\/p>\n\n\n\n<p>Los 39 miembros de la Alianza de Peque\u00f1os Estados Insulares tambi\u00e9n solicitaron que se incluya la ciencia clim\u00e1tica m\u00e1s reciente en la pr\u00f3xima ronda de monitorizaci\u00f3n de Par\u00eds. EFEverde<\/p>\n","protected":false},"excerpt":{"rendered":"<p>Redacci\u00f3n Medioambiente, 21 feb (EFEverde).- M\u00e1s de un centenar de pa\u00edses pidieron este viernes un compromiso global para asegurar que la \u00faltima informaci\u00f3n cient\u00edfica del Grupo Intergubernamental sobre Cambio Clim\u00e1tico (IPCC en ingl\u00e9s) de la ONU se tenga en cuenta para la pr\u00f3xima fase de monitorizaci\u00f3n del Acuerdo de Par\u00eds. Este llamamiento se hizo a [&hellip;]<\/p>\n","protected":false},"author":1,"featured_media":181299,"comment_status":"closed","ping_status":"closed","sticky":false,"template":"","format":"standard","meta":{"_acf_changed":false,"_jetpack_memberships_contains_paid_content":false,"footnotes":"","jetpack_publicize_message":"","jetpack_publicize_feature_enabled":true,"jetpack_social_post_already_shared":true,"jetpack_social_options":{"image_generator_settings":{"template":"highway","default_image_id":0,"font":"","enabled":false},"version":2}},"categories":[6],"tags":[],"class_list":["post-181298","post","type-post","status-publish","format-standard","has-post-thumbnail","hentry","category-ecologia"],"acf":[],"jetpack_publicize_connections":[],"jetpack_featured_media_url":"https:\/\/i0.wp.com\/sportseco.com\/wp-content\/uploads\/2025\/02\/Paris-Agreement_Logo_Final_S1.jpg?fit=1340%2C597&ssl=1","jetpack_sharing_enabled":true,"_links":{"self":[{"href":"https:\/\/sportseco.com\/index.php?rest_route=\/wp\/v2\/posts\/181298","targetHints":{"allow":["GET"]}}],"collection":[{"href":"https:\/\/sportseco.com\/index.php?rest_route=\/wp\/v2\/posts"}],"about":[{"href":"https:\/\/sportseco.com\/index.php?rest_route=\/wp\/v2\/types\/post"}],"author":[{"embeddable":true,"href":"https:\/\/sportseco.com\/index.php?rest_route=\/wp\/v2\/users\/1"}],"replies":[{"embeddable":true,"href":"https:\/\/sportseco.com\/index.php?rest_route=%2Fwp%2Fv2%2Fcomments&post=181298"}],"version-history":[{"count":1,"href":"https:\/\/sportseco.com\/index.php?rest_route=\/wp\/v2\/posts\/181298\/revisions"}],"predecessor-version":[{"id":181300,"href":"https:\/\/sportseco.com\/index.php?rest_route=\/wp\/v2\/posts\/181298\/revisions\/181300"}],"wp:featuredmedia":[{"embeddable":true,"href":"https:\/\/sportseco.com\/index.php?rest_route=\/wp\/v2\/media\/181299"}],"wp:attachment":[{"href":"https:\/\/sportseco.com\/index.php?rest_route=%2Fwp%2Fv2%2Fmedia&parent=181298"}],"wp:term":[{"taxonomy":"category","embeddable":true,"href":"https:\/\/sportseco.com\/index.php?rest_route=%2Fwp%2Fv2%2Fcategories&post=181298"},{"taxonomy":"post_tag","embeddable":true,"href":"https:\/\/sportseco.com\/index.php?rest_route=%2Fwp%2Fv2%2Ftags&post=181298"}],"curies":[{"name":"wp","href":"https:\/\/api.w.org\/{rel}","templated":true}]}}