{"id":181360,"date":"2025-02-23T12:53:35","date_gmt":"2025-02-23T17:53:35","guid":{"rendered":"https:\/\/sportseco.com\/?p=181360"},"modified":"2025-02-23T12:53:40","modified_gmt":"2025-02-23T17:53:40","slug":"pavel-sivakov-se-adjudica-la-vuelta-a-andalucia-del-centenario","status":"publish","type":"post","link":"https:\/\/sportseco.com\/?p=181360","title":{"rendered":"Pavel Sivakov se adjudica la Vuelta a Andaluc\u00eda del centenario"},"content":{"rendered":"\n<figure class=\"wp-block-image\"><img data-recalc-dims=\"1\" height=\"398\" width=\"640\" decoding=\"async\" src=\"https:\/\/i0.wp.com\/vueltaandalucia.es\/wp-content\/uploads\/2025\/02\/DSC_9604-1024x636.jpg?resize=640%2C398&#038;ssl=1\" alt=\"\" class=\"wp-image-15784\"\/><\/figure>\n\n\n\n<p>La \u00faltima etapa, con final en La L\u00ednea de la Concepci\u00f3n (C\u00e1diz), volvi\u00f3 a tener victoria espa\u00f1ola gracias al vasco Jon Barrenetxea (MOV), quien se impuso tras una larga fuga en un sprint ajustado ante los noruegos Tobias Halland Johannessen (UXM) y Johannes Staune-Mittet (DAT).<\/p>\n\n\n\n<p>La 71\u00aa Ruta del Sol \u2013 Vuelta Ciclista a Andaluc\u00eda, que conmemoraba el centenario de su primera edici\u00f3n, concluy\u00f3 con una emocionante llegada en La L\u00ednea de la Concepci\u00f3n. La carrera estuvo marcada por el claro dominio del equipo UAE Team Emirates y el triunfo final en la general del franc\u00e9s Pavel Sivakov. El corredor, nacido en Italia pero con pasaporte franc\u00e9s, se impuso en la clasificaci\u00f3n final con 27 segundos de ventaja sobre su compatriota Cl\u00e9ment Berthet (DAT) y 36 segundos sobre el brit\u00e1nico Tom Pidcock (Q36).<\/p>\n\n\n\n<p>En la \u00faltima etapa, con final en la localidad gaditana, la victoria fue para Jon Barrenetxea (MOV), quien culmin\u00f3 con \u00e9xito una escapada de 20 corredores que se form\u00f3 en el ascenso al Puerto del Madro\u00f1o, de primera categor\u00eda. El equipo del l\u00edder de la general control\u00f3 la carrera, manteniendo las diferencias con el grupo cabecero y permitiendo que este llegara al Campo de Gibraltar para disputarse el triunfo.<\/p>\n\n\n\n<p>En el descenso del segundo puerto del d\u00eda, el Puerto del Espino (3\u00aa categor\u00eda), la fuga de 20 corredores se redujo a un grupo de seis: Tobias Halland Johannessen (UXM), Johannes Staune-Mittet (DAT), Iker Mintegi (EUS), Thomas Gachignard (TEN), Giovanni Carboni (RKT) y Jon Barrenetxea (MOV). Ya en las calles de La L\u00ednea, una desafortunada ca\u00edda del corredor del Euskaltel Iker Mintegi y del franc\u00e9s Gachignard oblig\u00f3 tambi\u00e9n a quedarse descolgado al italiano Carboni, dejando en cabeza a los dos noruegos y al ciclista del Movistar. En el sprint final, Barrenetxea se mostr\u00f3 como el m\u00e1s fuerte del tr\u00edo y cruz\u00f3 la l\u00ednea de meta con los brazos en alto.<\/p>\n\n\n\n<p>Con esta victoria concluye una espectacular edici\u00f3n de la Ruta del Sol. El podio final lo completaron Pavel Sivakov (UAD), Cl\u00e9ment Berthet (DAT) y Tom Pidcock (Q36). En el resto de clasificaciones, Maxim Van Gils (RBH) se llev\u00f3 la general de la regularidad, el campe\u00f3n nacional de Uruguay Guillermo Tom\u00e1s Silva (CJR) se adjudic\u00f3 la Monta\u00f1a, y Andreas Leknessund (UXM) domin\u00f3 en las Metas Volantes. Marc Soler (UAD) fue el mejor espa\u00f1ol, el equipo franc\u00e9s Decathlon AG2R La Mondiale se llev\u00f3 la clasificaci\u00f3n por equipos, el belga Leander Van Hautegem (WB2) fue el mejor joven y el jienense Jos\u00e9 Manuel D\u00edaz Gallego (BBH) termin\u00f3 como el mejor andaluz de esta edici\u00f3n.<\/p>\n\n\n\n<p><\/p>\n\n\n\n<p>vueltaandalucia.es<\/p>\n","protected":false},"excerpt":{"rendered":"<p>La \u00faltima etapa, con final en La L\u00ednea de la Concepci\u00f3n (C\u00e1diz), volvi\u00f3 a tener victoria espa\u00f1ola gracias al vasco Jon Barrenetxea (MOV), quien se impuso tras una larga fuga en un sprint ajustado ante los noruegos Tobias Halland Johannessen (UXM) y Johannes Staune-Mittet (DAT). La 71\u00aa Ruta del Sol \u2013 Vuelta Ciclista a Andaluc\u00eda, [&hellip;]<\/p>\n","protected":false},"author":1,"featured_media":181361,"comment_status":"closed","ping_status":"closed","sticky":false,"template":"","format":"standard","meta":{"_acf_changed":false,"_jetpack_memberships_contains_paid_content":false,"footnotes":"","jetpack_publicize_message":"","jetpack_publicize_feature_enabled":true,"jetpack_social_post_already_shared":true,"jetpack_social_options":{"image_generator_settings":{"template":"highway","default_image_id":0,"font":"","enabled":false},"version":2}},"categories":[14],"tags":[],"class_list":["post-181360","post","type-post","status-publish","format-standard","has-post-thumbnail","hentry","category-ciclismo"],"acf":[],"jetpack_publicize_connections":[],"jetpack_featured_media_url":"https:\/\/i0.wp.com\/sportseco.com\/wp-content\/uploads\/2025\/02\/DSC_9604-2048x1273-1.jpg?fit=2048%2C1273&ssl=1","jetpack_sharing_enabled":true,"_links":{"self":[{"href":"https:\/\/sportseco.com\/index.php?rest_route=\/wp\/v2\/posts\/181360","targetHints":{"allow":["GET"]}}],"collection":[{"href":"https:\/\/sportseco.com\/index.php?rest_route=\/wp\/v2\/posts"}],"about":[{"href":"https:\/\/sportseco.com\/index.php?rest_route=\/wp\/v2\/types\/post"}],"author":[{"embeddable":true,"href":"https:\/\/sportseco.com\/index.php?rest_route=\/wp\/v2\/users\/1"}],"replies":[{"embeddable":true,"href":"https:\/\/sportseco.com\/index.php?rest_route=%2Fwp%2Fv2%2Fcomments&post=181360"}],"version-history":[{"count":1,"href":"https:\/\/sportseco.com\/index.php?rest_route=\/wp\/v2\/posts\/181360\/revisions"}],"predecessor-version":[{"id":181362,"href":"https:\/\/sportseco.com\/index.php?rest_route=\/wp\/v2\/posts\/181360\/revisions\/181362"}],"wp:featuredmedia":[{"embeddable":true,"href":"https:\/\/sportseco.com\/index.php?rest_route=\/wp\/v2\/media\/181361"}],"wp:attachment":[{"href":"https:\/\/sportseco.com\/index.php?rest_route=%2Fwp%2Fv2%2Fmedia&parent=181360"}],"wp:term":[{"taxonomy":"category","embeddable":true,"href":"https:\/\/sportseco.com\/index.php?rest_route=%2Fwp%2Fv2%2Fcategories&post=181360"},{"taxonomy":"post_tag","embeddable":true,"href":"https:\/\/sportseco.com\/index.php?rest_route=%2Fwp%2Fv2%2Ftags&post=181360"}],"curies":[{"name":"wp","href":"https:\/\/api.w.org\/{rel}","templated":true}]}}