{"id":181400,"date":"2025-02-24T09:13:47","date_gmt":"2025-02-24T14:13:47","guid":{"rendered":"https:\/\/sportseco.com\/?p=181400"},"modified":"2025-02-24T09:13:52","modified_gmt":"2025-02-24T14:13:52","slug":"dauphine-tour-y-vuelta-son-suficientes-tadej-pogacar-pasa-al-modo-de-un-dia-tras-su-exito-en-el-uae-tour","status":"publish","type":"post","link":"https:\/\/sportseco.com\/?p=181400","title":{"rendered":"&#8216;Dauphin\u00e9, Tour y Vuelta son suficientes&#8217;: Tadej Poga\u010dar pasa al modo de un d\u00eda tras su \u00e9xito en el UAE Tour"},"content":{"rendered":"\n<p>Tras ganar su debut en la temporada 2025 en el UAE Tour, el campe\u00f3n del mundo Tadej Poga\u010dar busca \u00abcambiar de motor\u00bb para las Cl\u00e1sicas de un d\u00eda, sin m\u00e1s carreras por etapas en su programa hasta el Crit\u00e9rium du Dauphin\u00e9 en junio.<\/p>\n\n\n\n<p>Despu\u00e9s de dominar gran parte de los 1013 kil\u00f3metros totales de la carrera emirat\u00ed para reclamar su tercer t\u00edtulo general, Poga\u010dar se centrar\u00e1 ahora en su pr\u00f3xima carrera en Strade Bianche el 8 de marzo, donde es el campe\u00f3n defensor, antes de competir en Mil\u00e1n-San Remo, uno de sus grandes objetivos para la temporada.<\/p>\n\n\n\n<p>Se dirigir\u00e1 a Mil\u00e1n desde los Emiratos \u00c1rabes Unidos y pasar\u00e1 todos los d\u00edas hasta que vuelva a enfrentarse a las carreteras de grava blanca de la Toscana en Italia. El a\u00f1o pasado, Poga\u010dar se adjudic\u00f3 su segundo t\u00edtulo de Strade Bianche con una imperiosa carrera en solitario de 80 km.<\/p>\n\n\n\n<p>\u00abEstaremos en Italia todo el tiempo [antes de Strade]. Fue una semana bastante s\u00f3lida de carreras aqu\u00ed, as\u00ed que tal vez tengamos algunos d\u00edas de recuperaci\u00f3n y luego cambiemos el motor para carreras de un d\u00eda y hagamos un trabajo espec\u00edfico para eso\u00bb, dijo Poga\u010dar despu\u00e9s de la etapa mientras explicaba su preparaci\u00f3n para la Cl\u00e1sica Italiana.<\/p>\n\n\n\n<p>\u00ab[No tengo] m\u00e1s carreras por etapas hasta el Dauphin\u00e9 probablemente, solo carreras de un d\u00eda para m\u00ed, as\u00ed que necesito cambiar la mentalidad para las carreras de un d\u00eda ahora\u00bb.<\/p>\n\n\n\n<p>La decisi\u00f3n de centrarse principalmente en una campa\u00f1a de un d\u00eda hasta el verano es en \u00faltima instancia una decisi\u00f3n encabezada por el propio Poga\u010dar, sin embargo, su equipo no tiene preocupaciones sobre c\u00f3mo esto puede afectar su preparaci\u00f3n para el Tour de Francia y un posible regreso a la Vuelta.<\/p>\n\n\n\n<p>\u00abEs principalmente mi decisi\u00f3n. Pero s\u00ed, el equipo me apoya en lo que quiero, pero tambi\u00e9n me dicen lo que quieren, y normalmente nos encontramos a mitad de camino\u00bb, dijo Poga\u010dar. \u00abHay una buena relaci\u00f3n, un buen ambiente y un buen programa. No me importa\u00bb.<\/p>\n\n\n\n<p>Recibe el bolet\u00edn de Leadout<br \/>\u00a1El contenido de carreras m\u00e1s reciente, entrevistas, art\u00edculos, rese\u00f1as y gu\u00edas de compra de expertos, directamente en tu bandeja de entrada!<\/p>\n\n\n\n<p>Condiciones y Pol\u00edtica de privacidad y tiene 16 a\u00f1os o m\u00e1s.<br \/>\u00bfPor qu\u00e9 ha tomado esa decisi\u00f3n? \u00abTerminan m\u00e1s r\u00e1pido\u00bb, dijo bromeando con una sonrisa, \u00absolo un d\u00eda y te vas a casa\u00bb. Pero, afortunadamente, su jefe de equipo arroj\u00f3 m\u00e1s luz sobre la situaci\u00f3n.<\/p>\n\n\n\n<p>\u00abPara el [resto del] comienzo de la temporada, se concentrar\u00e1 en las Cl\u00e1sicas\u00bb, dijo el director y CEO del equipo Mauro Gianetti a los periodistas, incluido Cyclingnews, en la meta.<\/p>\n\n\n\n<p>\u00abCuando termine, har\u00e1 la preparaci\u00f3n para el Tour justo despu\u00e9s de las Cl\u00e1sicas: har\u00e1 entrenamiento en altura y el Dauphin\u00e9 porque [hacer] el Dauphin\u00e9, el Tour y la Vuelta es suficiente\u00bb.<\/p>\n\n\n\n<p>El UAE Team Emirates-XRG y Poga\u010dar dejaron claro que esta era su carrera, ya que la hab\u00edan perdido las dos \u00faltimas temporadas cuando su gran estrella no hab\u00eda estado presente. No solo la familia inmediata del esloveno segu\u00eda presente, sino que su manager Alex Carrera y casi todo el personal de alto rango de los UAE tambi\u00e9n estaban all\u00ed para presenciar la victoria.<\/p>\n\n\n\n<p>Poga\u010dar sell\u00f3 la victoria en los UAE con un ataque enf\u00e1tico y una subida en solitario de 7,8 km hasta Jebel Hafeet el domingo, coronando un comienzo perfecto de la temporada. Pero si quiere seguir dominando en marzo, tendr\u00e1 que alcanzar la victoria en una de las pocas carreras que se le han eludido: la Mil\u00e1n-San Remo.<\/p>\n\n\n\n<p>La Primavera llega dos semanas despu\u00e9s de Strade Bianche, el 22 de marzo, y Poga\u010dar har\u00e1 su quinta aparici\u00f3n all\u00ed despu\u00e9s de mejorar su resultado cada a\u00f1o desde el 12.\u00ba puesto en 2020 hasta el tercero en la carrera de la temporada pasada. La victoria all\u00ed ser\u00eda su octava en un Monument.<\/p>\n\n\n\n<p>\u00abEl a\u00f1o pasado estuve en muy buena forma en Mil\u00e1n-San Remo\u00bb, dijo. \u00abPero s\u00f3lo espero tener un poco de suerte y un buen momento en la carrera para poder separarme de los sprinters, pero ya veremos\u00bb.<\/p>\n\n\n\n<p>\u00abGan\u00e9 mi primera carrera de la temporada. Por mi parte, ahora estoy disfrutando despu\u00e9s de este gran objetivo y luego iremos a las cl\u00e1sicas. Ahora espero encontrar tambi\u00e9n las piernas adecuadas y ver los resultados. No me importa si todo no va tan bien como el a\u00f1o pasado\u00bb.<\/p>\n\n\n\n<p>Despu\u00e9s de competir en Italia, Poga\u010dar har\u00e1 su esperado regreso a las Cl\u00e1sicas Adoquinadas en B\u00e9lgica, donde competir\u00e1 en la E3 Saxo Classic, Gent-Wevelgem y el Tour de Flandes.<\/p>\n\n\n\n<p>Estar\u00e1 animado para esas carreras despu\u00e9s de que, en la etapa final hacia Jebel Hafeet, solo sus dos nuevos compa\u00f1eros de equipo belgas, Rune Herregodts y Florian Vermeersch, se colocaran en el escal\u00f3n delantero con \u00e9l cuando la carrera comenz\u00f3 a 126 km de la l\u00ednea de meta.<\/p>\n\n\n\n<p>Luego tambi\u00e9n hicieron la salida en la propia subida antes de que Poga\u010dar iniciara el movimiento ganador de la carrera y dejara atr\u00e1s a Giulio Ciccone (Lidl-Trek) y Oscar Onley (Picni-PostNL).<\/p>\n\n\n\n<p>Probablemente no fue como el equipo lo plane\u00f3 en la reuni\u00f3n de esta ma\u00f1ana, sin embargo, el resultado fue el mismo, con Poga\u010dar llev\u00e1ndose a casa el t\u00edtulo de los Emiratos \u00c1rabes Unidos. El Trofeo de la Unidad del Tour de Francia con el mayor margen de victorias en las siete ediciones de la historia de la carrera.<\/p>\n\n\n\n<p><\/p>\n\n\n\n<p>cyclingnews.com<\/p>\n","protected":false},"excerpt":{"rendered":"<p>Tras ganar su debut en la temporada 2025 en el UAE Tour, el campe\u00f3n del mundo Tadej Poga\u010dar busca \u00abcambiar de motor\u00bb para las Cl\u00e1sicas de un d\u00eda, sin m\u00e1s carreras por etapas en su programa hasta el Crit\u00e9rium du Dauphin\u00e9 en junio. Despu\u00e9s de dominar gran parte de los 1013 kil\u00f3metros totales de la [&hellip;]<\/p>\n","protected":false},"author":1,"featured_media":181401,"comment_status":"closed","ping_status":"closed","sticky":false,"template":"","format":"standard","meta":{"_acf_changed":false,"_jetpack_memberships_contains_paid_content":false,"footnotes":"","jetpack_publicize_message":"","jetpack_publicize_feature_enabled":true,"jetpack_social_post_already_shared":true,"jetpack_social_options":{"image_generator_settings":{"template":"highway","default_image_id":0,"font":"","enabled":false},"version":2}},"categories":[14],"tags":[],"class_list":["post-181400","post","type-post","status-publish","format-standard","has-post-thumbnail","hentry","category-ciclismo"],"acf":[],"jetpack_publicize_connections":[],"jetpack_featured_media_url":"https:\/\/i0.wp.com\/sportseco.com\/wp-content\/uploads\/2025\/02\/vAdGodMHnu3BHcPqBPNTVG-1024-80.jpg.webp?fit=1024%2C683&ssl=1","jetpack_sharing_enabled":true,"_links":{"self":[{"href":"https:\/\/sportseco.com\/index.php?rest_route=\/wp\/v2\/posts\/181400","targetHints":{"allow":["GET"]}}],"collection":[{"href":"https:\/\/sportseco.com\/index.php?rest_route=\/wp\/v2\/posts"}],"about":[{"href":"https:\/\/sportseco.com\/index.php?rest_route=\/wp\/v2\/types\/post"}],"author":[{"embeddable":true,"href":"https:\/\/sportseco.com\/index.php?rest_route=\/wp\/v2\/users\/1"}],"replies":[{"embeddable":true,"href":"https:\/\/sportseco.com\/index.php?rest_route=%2Fwp%2Fv2%2Fcomments&post=181400"}],"version-history":[{"count":1,"href":"https:\/\/sportseco.com\/index.php?rest_route=\/wp\/v2\/posts\/181400\/revisions"}],"predecessor-version":[{"id":181402,"href":"https:\/\/sportseco.com\/index.php?rest_route=\/wp\/v2\/posts\/181400\/revisions\/181402"}],"wp:featuredmedia":[{"embeddable":true,"href":"https:\/\/sportseco.com\/index.php?rest_route=\/wp\/v2\/media\/181401"}],"wp:attachment":[{"href":"https:\/\/sportseco.com\/index.php?rest_route=%2Fwp%2Fv2%2Fmedia&parent=181400"}],"wp:term":[{"taxonomy":"category","embeddable":true,"href":"https:\/\/sportseco.com\/index.php?rest_route=%2Fwp%2Fv2%2Fcategories&post=181400"},{"taxonomy":"post_tag","embeddable":true,"href":"https:\/\/sportseco.com\/index.php?rest_route=%2Fwp%2Fv2%2Ftags&post=181400"}],"curies":[{"name":"wp","href":"https:\/\/api.w.org\/{rel}","templated":true}]}}