{"id":181537,"date":"2025-02-26T15:30:38","date_gmt":"2025-02-26T20:30:38","guid":{"rendered":"https:\/\/sportseco.com\/?p=181537"},"modified":"2025-02-26T15:30:48","modified_gmt":"2025-02-26T20:30:48","slug":"grand-depart-barcelona-2026-la-conquista-de-la-montana-magica","status":"publish","type":"post","link":"https:\/\/sportseco.com\/?p=181537","title":{"rendered":"Grand D\u00e9part Barcelona 2026 : la conquista de la monta\u00f1a m\u00e1gica"},"content":{"rendered":"\n<ul class=\"wp-block-list\">\n<li>Barcelona ser\u00e1 el punto de partida de la 113\u00aa edici\u00f3n del Tour de Francia, en lo que supondr\u00e1 la tercera salida de la historia de la Grande Boucle desde Espa\u00f1a tras las celebradas en San Sebasti\u00e1n (1992) y Bilbao (2023).<\/li>\n\n\n\n<li>La capital catalana ya estuvo presente en los recorridos de las ediciones de 1957, 1965 y 2009, y mantiene una estrech\u00edsima relaci\u00f3n con el ciclismo cuyo escenario principal ha sido la \u2018monta\u00f1a m\u00e1gica\u2019 de Montju\u00efc. En ella se han disputado etapas de La Vuelta, la Volta a Catalunya\u2026 y de otros eventos de primer nivel como los Campeonatos del Mundo o los Juegos Ol\u00edmpicos.<\/li>\n\n\n\n<li>Montju\u00efc, eje de los Juegos de 1992, estar\u00e1 muy presente en la Grand D\u00e9part de Barcelona al acoger las metas de las dos primeras jornadas, programadas el 4 y 5 de julio de 2026: una contrarreloj por equipos de 19,7 kil\u00f3metros y una etapa en l\u00ednea de 178 kil\u00f3metros que se resolver\u00e1 en un intenso circuito final con meta frente al Estadio Ol\u00edmpico Llu\u00eds Companys. Dos citas destinadas a escenificar las primeras batallas entre los grandes favoritos al maillot amarillo.<\/li>\n<\/ul>\n\n\n\n<figure class=\"wp-block-image\"><a href=\"https:\/\/geo.dailymotion.com\/player\/xbbut.html?video=k1aIqSo4447ZAdCxKvC&amp;autoplay=1\" target=\"_blank\" rel=\"noreferrer noopener\"><img decoding=\"async\" src=\"https:\/\/img.aso.fr\/core_app\/img-cycling-tdf-jpg\/video\/61791\/0:0,1920:1080-1200-0-70\/c54cc\" alt=\"\"\/><\/a><figcaption class=\"wp-element-caption\">Los grandes de Espa\u00f1a y Francia &#8211; #TDF2026<\/figcaption><\/figure>\n\n\n\n<p>Cosmopolita, soleada, cultural, vibrante\u2026 y deportiva. Son muchos los adjetivos con los que se puede apelar a Barcelona, que se prepara desde ya para acoger en 2026 una Grand D\u00e9part del Tour de Francia que mostrar\u00e1 asimismo la belleza de su entorno: de las maravillosas playas mediterr\u00e1neas al escarpado interior catal\u00e1n. En sus calles todav\u00eda resuenan y se renuevan los ecos de los numerosos eventos que ha celebrado y celebra; especialmente, de aquellos Juegos Ol\u00edmpicos y Paral\u00edmpicos de 1992 que marcaron un antes y un despu\u00e9s en la historia de la ciudad. En Montju\u00efc, la monta\u00f1a m\u00e1gica que en aquellos meses ofici\u00f3 como centro neur\u00e1lgico del deporte mundial, se han disputado numerosos eventos ciclistas (La Vuelta, la Volta a Catalunya, los Mundiales de 1984 y el propio Tour de Francia) en los cuales han triunfado campeones del calibre de Miguel Poblet, Federico Bahamontes, Jacques Anquetil, Felice Gimondi, Bernard Hinault, Thor Hushovd, Philippe Gilbert\u2026 y, en los \u00faltimos a\u00f1os, Remco Evenepoel o Tadej Pogacar. &nbsp;<\/p>\n\n\n\n<p>El Tour de Francia 2026 comenzar\u00e1 con la contrarreloj por equipos n\u00famero 50 de la historia\u2026 pero ser\u00e1 \u00fanica por dos motivos. El primero porque, si bien la CRE inaugural es habitual en citas como La Vuelta, \u00e9sta ser\u00e1 la primera vez que el Tour arranque con una. La segunda, que en ella se utilizar\u00e1 el formato puesto en escena por primera vez en la Par\u00eds-Niza de 2023: ser\u00e1 el primer ciclista en cruzar la l\u00ednea de meta quien detenga el crono para su equipo\u2026 pero los tiempos de la general ser\u00e1n los reales que cada ciclista registre al final de su esfuerzo. En sus 19,7 kil\u00f3metros de recorrido, los corredores tendr\u00e1n el lujo de rodar junto a la Sagrada Familia, colosal obra del arquitecto Antoni Gaud\u00ed, antes de atravesar las calles barcelonesas a un ritmo endiablado en direcci\u00f3n a Montju\u00efc. Ser\u00e1 all\u00ed que encarar\u00e1n dos subidas en las faldas de la monta\u00f1a m\u00e1gica para definir el primer maillot amarillo justo al pie del Estadio Ol\u00edmpico Llu\u00eds Companys.<br \/><br \/>Al d\u00eda siguiente, la ciudad de Tarragona se convertir\u00e1 en el lugar m\u00e1s meridional que jam\u00e1s ha acogido el Tour de Francia en calidad de salida de una etapa en l\u00ednea de 178 kil\u00f3metros que regresar\u00e1 a Barcelona por la Costa Dorada. Ser\u00e1 en el ecuador del recorrido, a la altura de Viladecans, que el pelot\u00f3n se adentrar\u00e1 por las sierras del Ordal y Collserola en direcci\u00f3n a Montju\u00efc, escenario de un circuito de unos 12 kil\u00f3metros que incluir\u00e1 las ascensiones hasta el Castillo de Montju\u00efc (1,6 kms al 9,3%) y el Estadio Ol\u00edmpico (600 metros al 7%). \u201cHay much\u00edsimos recorridos posibles en esta zona, y creemos haber escogido el m\u00e1s duro\u201d, explica Thierry Gouvenou, responsable del trazado. La tercera etapa del Tour de Francia 2026 partir\u00e1 desde Granollers, municipio c\u00e9lebre en el mundo del deporte tanto por su prestigioso equipo de balonmano como por compartir el Circuito de Barcelona-Catalunya tan habitual en F\u00f3rmula 1 o MotoGP con la vecina Montmel\u00f3, para cruzar la frontera y culminar en un destino todav\u00eda por desvelar en Francia.<\/p>\n\n\n\n<p><strong>Las etapas de la Grand D\u00e9part de Barcelona<\/strong><\/p>\n\n\n\n<ul class=\"wp-block-list\">\n<li>S\u00e1bado 4 de julio, 1\u00aa etapa : Barcelona > Barcelona (contrarreloj por equipos, 19,7 km)<\/li>\n\n\n\n<li>Domingo 5 de julio, 2\u00aa etapa : Tarragona > Barcelona (178 km)<\/li>\n\n\n\n<li>Lunes 6 de julio, 3\u00aa etapa : Granollers > ???<\/li>\n<\/ul>\n\n\n\n<p><a href=\"https:\/\/www.letour.fr\/es\/club\/quiz-grand-depart-barcelone\" target=\"_blank\" rel=\"noreferrer noopener\">Gane una entrada VIP para el Gran Premio de Barcelona<\/a><\/p>\n\n\n\n<p><a href=\"https:\/\/www.letour.fr\/es\/la-carrera\/grands-departs\/grand-depart-2026\" target=\"_blank\" rel=\"noreferrer noopener\">Le Grand D\u00e9part 2026 en detalle<\/a><\/p>\n\n\n\n<figure class=\"wp-block-image\"><img decoding=\"async\" src=\"https:\/\/img.aso.fr\/core_app\/img-cycling-tdf-jpg\/20250225tdf2002-barcelone\/61820\/0:0,1199:800-1000-0-70\/92beb\" alt=\"\"\/><figcaption class=\"wp-element-caption\">25\/02\/2025 &#8211; Tour de France 2026 &#8211; Conf\u00e9rence Grand D\u00e9part Barcelone 2026 &#8211; PRUDHOMME Christian et COLLBONI Jaume (Maire de Barcelone) \u00a9 Barcelone<\/figcaption><\/figure>\n\n\n\n<figure class=\"wp-block-image\"><img decoding=\"async\" src=\"https:\/\/img.aso.fr\/core_app\/img-cycling-tdf-jpg\/20250225tdf1015-a-s-o-dani-munoz\/61811\/0:0,1200:800-1000-0-70\/2770a\" alt=\"\"\/><figcaption class=\"wp-element-caption\">25\/02\/2025 &#8211; Tour de France 2026 &#8211; Conf\u00e9rence Grand D\u00e9part Barcelone 2026 &#8211; \u00a9 A.S.O.\/Dani Munoz<\/figcaption><\/figure>\n\n\n\n<p>letour.fr<\/p>\n","protected":false},"excerpt":{"rendered":"<p>Cosmopolita, soleada, cultural, vibrante\u2026 y deportiva. Son muchos los adjetivos con los que se puede apelar a Barcelona, que se prepara desde ya para acoger en 2026 una Grand D\u00e9part del Tour de Francia que mostrar\u00e1 asimismo la belleza de su entorno: de las maravillosas playas mediterr\u00e1neas al escarpado interior catal\u00e1n. En sus calles todav\u00eda [&hellip;]<\/p>\n","protected":false},"author":1,"featured_media":181540,"comment_status":"closed","ping_status":"closed","sticky":false,"template":"","format":"standard","meta":{"_acf_changed":false,"_jetpack_memberships_contains_paid_content":false,"footnotes":"","jetpack_publicize_message":"","jetpack_publicize_feature_enabled":true,"jetpack_social_post_already_shared":true,"jetpack_social_options":{"image_generator_settings":{"template":"highway","default_image_id":0,"font":"","enabled":false},"version":2}},"categories":[14],"tags":[],"class_list":["post-181537","post","type-post","status-publish","format-standard","has-post-thumbnail","hentry","category-ciclismo"],"acf":[],"jetpack_publicize_connections":[],"jetpack_featured_media_url":"https:\/\/i0.wp.com\/sportseco.com\/wp-content\/uploads\/2025\/02\/d4e17.jpeg?fit=1002%2C835&ssl=1","jetpack_sharing_enabled":true,"_links":{"self":[{"href":"https:\/\/sportseco.com\/index.php?rest_route=\/wp\/v2\/posts\/181537","targetHints":{"allow":["GET"]}}],"collection":[{"href":"https:\/\/sportseco.com\/index.php?rest_route=\/wp\/v2\/posts"}],"about":[{"href":"https:\/\/sportseco.com\/index.php?rest_route=\/wp\/v2\/types\/post"}],"author":[{"embeddable":true,"href":"https:\/\/sportseco.com\/index.php?rest_route=\/wp\/v2\/users\/1"}],"replies":[{"embeddable":true,"href":"https:\/\/sportseco.com\/index.php?rest_route=%2Fwp%2Fv2%2Fcomments&post=181537"}],"version-history":[{"count":1,"href":"https:\/\/sportseco.com\/index.php?rest_route=\/wp\/v2\/posts\/181537\/revisions"}],"predecessor-version":[{"id":181541,"href":"https:\/\/sportseco.com\/index.php?rest_route=\/wp\/v2\/posts\/181537\/revisions\/181541"}],"wp:featuredmedia":[{"embeddable":true,"href":"https:\/\/sportseco.com\/index.php?rest_route=\/wp\/v2\/media\/181540"}],"wp:attachment":[{"href":"https:\/\/sportseco.com\/index.php?rest_route=%2Fwp%2Fv2%2Fmedia&parent=181537"}],"wp:term":[{"taxonomy":"category","embeddable":true,"href":"https:\/\/sportseco.com\/index.php?rest_route=%2Fwp%2Fv2%2Fcategories&post=181537"},{"taxonomy":"post_tag","embeddable":true,"href":"https:\/\/sportseco.com\/index.php?rest_route=%2Fwp%2Fv2%2Ftags&post=181537"}],"curies":[{"name":"wp","href":"https:\/\/api.w.org\/{rel}","templated":true}]}}