{"id":181774,"date":"2025-03-02T11:04:02","date_gmt":"2025-03-02T16:04:02","guid":{"rendered":"https:\/\/sportseco.com\/?p=181774"},"modified":"2025-03-02T11:04:08","modified_gmt":"2025-03-02T16:04:08","slug":"duplantis-bate-el-record-mundial-de-salto-con-pertiga-con-627-m-en-clermont-ferrand","status":"publish","type":"post","link":"https:\/\/sportseco.com\/?p=181774","title":{"rendered":"Duplantis bate el r\u00e9cord mundial de salto con p\u00e9rtiga con 6,27 m en Clermont-Ferrand"},"content":{"rendered":"\n<p>El sueco Mondo Duplantis salt\u00f3 6,27 m* para establecer el und\u00e9cimo r\u00e9cord mundial de salto con p\u00e9rtiga de su carrera en el All Star Perche, una reuni\u00f3n de plata del World Athletics Indoor Tour, en Clermont-Ferrand el viernes (28).<\/p>\n\n\n\n<p>En una competici\u00f3n de profundidad r\u00e9cord, el campe\u00f3n ol\u00edmpico y mundial a\u00f1adi\u00f3 otro cent\u00edmetro al r\u00e9cord mundial de 6,26 m que estableci\u00f3 en Silesia en agosto.<\/p>\n\n\n\n<p>Logr\u00f3 su salto de 6,27 m en su primer intento.<\/p>\n\n\n\n<p>Emmanouil Karalis fue segundo con un salto de 6,02 m, r\u00e9cord griego, ya que seis hombres saltaron 5,91 m o m\u00e1s por primera vez en una sola competici\u00f3n.<\/p>\n\n\n\n<p>Duplantis hab\u00eda entrado en la competici\u00f3n con 5,65 m y salt\u00f3 esa altura, 5,91 m y 6,02 m en sus primeros intentos.<\/p>\n\n\n\n<p>Gan\u00f3 la competici\u00f3n saltando 6,07 m y luego subi\u00f3 el list\u00f3n a 6,27 m.<\/p>\n\n\n\n<p>Su \u00e9xito al saltar esa altura significa que ha establecido dos veces un r\u00e9cord mundial en Clermont-Ferrand. En 2023, salt\u00f3 6,22 m en la ciudad francesa, el sexto de sus once r\u00e9cords mundiales.<\/p>\n\n\n\n<p>Su primero fue 6,17 m, que logr\u00f3 en Torun en 2020. El atleta de 25 a\u00f1os tambi\u00e9n ha establecido r\u00e9cords mundiales durante los Juegos Ol\u00edmpicos, Campeonatos del Mundo y Campeonatos del Mundo en Pista Cubierta y se dirigir\u00e1 a Nanjing en busca de un tercer t\u00edtulo mundial consecutivo en pista cubierta cuando el evento mundial se celebre del 21 al 23 de marzo.<\/p>\n\n\n\n<figure class=\"wp-block-image size-large\"><img data-recalc-dims=\"1\" loading=\"lazy\" decoding=\"async\" width=\"640\" height=\"229\" src=\"https:\/\/i0.wp.com\/sportseco.com\/wp-content\/uploads\/2025\/03\/eyJrZXkiOiI2N2MyM2IxMjVhMjQ5Yjg5NzYwNDJhOTQuanBnIiwiZWRpdHMiOnsiZXh0cmFjdCI6eyJsZWZ0IjowLCJ0b3AiOjExNCwid2lkdGgiOjI4MDAsImhlaWdodCI6OTk5fSwicmVzaXplIjp7IndpZHRoIjoyMDAwLCJoZWlnaHQiOjcxNH19fQ-1.jpeg?resize=640%2C229&#038;ssl=1\" alt=\"\" class=\"wp-image-181778\" srcset=\"https:\/\/i0.wp.com\/sportseco.com\/wp-content\/uploads\/2025\/03\/eyJrZXkiOiI2N2MyM2IxMjVhMjQ5Yjg5NzYwNDJhOTQuanBnIiwiZWRpdHMiOnsiZXh0cmFjdCI6eyJsZWZ0IjowLCJ0b3AiOjExNCwid2lkdGgiOjI4MDAsImhlaWdodCI6OTk5fSwicmVzaXplIjp7IndpZHRoIjoyMDAwLCJoZWlnaHQiOjcxNH19fQ-1.jpeg?resize=1030%2C368&amp;ssl=1 1030w, https:\/\/i0.wp.com\/sportseco.com\/wp-content\/uploads\/2025\/03\/eyJrZXkiOiI2N2MyM2IxMjVhMjQ5Yjg5NzYwNDJhOTQuanBnIiwiZWRpdHMiOnsiZXh0cmFjdCI6eyJsZWZ0IjowLCJ0b3AiOjExNCwid2lkdGgiOjI4MDAsImhlaWdodCI6OTk5fSwicmVzaXplIjp7IndpZHRoIjoyMDAwLCJoZWlnaHQiOjcxNH19fQ-1.jpeg?resize=300%2C107&amp;ssl=1 300w, https:\/\/i0.wp.com\/sportseco.com\/wp-content\/uploads\/2025\/03\/eyJrZXkiOiI2N2MyM2IxMjVhMjQ5Yjg5NzYwNDJhOTQuanBnIiwiZWRpdHMiOnsiZXh0cmFjdCI6eyJsZWZ0IjowLCJ0b3AiOjExNCwid2lkdGgiOjI4MDAsImhlaWdodCI6OTk5fSwicmVzaXplIjp7IndpZHRoIjoyMDAwLCJoZWlnaHQiOjcxNH19fQ-1.jpeg?resize=768%2C274&amp;ssl=1 768w, https:\/\/i0.wp.com\/sportseco.com\/wp-content\/uploads\/2025\/03\/eyJrZXkiOiI2N2MyM2IxMjVhMjQ5Yjg5NzYwNDJhOTQuanBnIiwiZWRpdHMiOnsiZXh0cmFjdCI6eyJsZWZ0IjowLCJ0b3AiOjExNCwid2lkdGgiOjI4MDAsImhlaWdodCI6OTk5fSwicmVzaXplIjp7IndpZHRoIjoyMDAwLCJoZWlnaHQiOjcxNH19fQ-1.jpeg?resize=1536%2C548&amp;ssl=1 1536w, https:\/\/i0.wp.com\/sportseco.com\/wp-content\/uploads\/2025\/03\/eyJrZXkiOiI2N2MyM2IxMjVhMjQ5Yjg5NzYwNDJhOTQuanBnIiwiZWRpdHMiOnsiZXh0cmFjdCI6eyJsZWZ0IjowLCJ0b3AiOjExNCwid2lkdGgiOjI4MDAsImhlaWdodCI6OTk5fSwicmVzaXplIjp7IndpZHRoIjoyMDAwLCJoZWlnaHQiOjcxNH19fQ-1.jpeg?w=2000&amp;ssl=1 2000w, https:\/\/i0.wp.com\/sportseco.com\/wp-content\/uploads\/2025\/03\/eyJrZXkiOiI2N2MyM2IxMjVhMjQ5Yjg5NzYwNDJhOTQuanBnIiwiZWRpdHMiOnsiZXh0cmFjdCI6eyJsZWZ0IjowLCJ0b3AiOjExNCwid2lkdGgiOjI4MDAsImhlaWdodCI6OTk5fSwicmVzaXplIjp7IndpZHRoIjoyMDAwLCJoZWlnaHQiOjcxNH19fQ-1.jpeg?w=1280&amp;ssl=1 1280w, https:\/\/i0.wp.com\/sportseco.com\/wp-content\/uploads\/2025\/03\/eyJrZXkiOiI2N2MyM2IxMjVhMjQ5Yjg5NzYwNDJhOTQuanBnIiwiZWRpdHMiOnsiZXh0cmFjdCI6eyJsZWZ0IjowLCJ0b3AiOjExNCwid2lkdGgiOjI4MDAsImhlaWdodCI6OTk5fSwicmVzaXplIjp7IndpZHRoIjoyMDAwLCJoZWlnaHQiOjcxNH19fQ-1.jpeg?w=1920&amp;ssl=1 1920w\" sizes=\"auto, (max-width: 640px) 100vw, 640px\" \/><\/figure>\n\n\n\n<p>All\u00ed estar\u00e1 acompa\u00f1ado por Karalis, quien agreg\u00f3 un cent\u00edmetro a su propio r\u00e9cord griego al saltar 6,02 m en Clermont-Ferrand. Al igual que Duplantis, el medallista de bronce ol\u00edmpico Karalis logr\u00f3 saltar 5,65 m, 5,85 m, 5,91 m y 6,02 m en sus primeros intentos. Luego tuvo un intento fallido en 6,07 m.<\/p>\n\n\n\n<p>Otros cuatro atletas saltaron 5,91 m: el australiano Kurtis Marschall y el tr\u00edo franc\u00e9s formado por Thibaut Collet, Baptiste Thiery y el ex plusmarquista mundial Renaud Lavillenie.<\/p>\n\n\n\n<p>La competici\u00f3n femenina la gan\u00f3 la suiza campeona europea Angelica Moser.<\/p>\n\n\n\n<p>La plusmarquista suiza, que termin\u00f3 cuarta en los Juegos Ol\u00edmpicos de Par\u00eds, salt\u00f3 4,76 m en su segundo intento y se impuso a la francesa Marie-Julie Bonnin y a la italiana Roberta Bruni, que saltaron ambas 4,70 m.<\/p>\n\n\n\n<p>Resultados<\/p>\n\n\n\n<p>*Sujeto al procedimiento de ratificaci\u00f3n habitual<\/p>\n\n\n\n<p>Moll salta 4,91 m, el mejor del mundo<\/p>\n\n\n\n<p>En el Campeonato Big 10 de Indian\u00e1polis, la estadounidense Amanda Moll aument\u00f3 su propia marca, el mejor del mundo, a 4,91 m.<\/p>\n\n\n\n<p>La joven de 20 a\u00f1os estuvo detr\u00e1s de su hermana gemela Hana, campeona del mundo sub-20 de 2022, durante la mayor parte de la competici\u00f3n, ya que Hana super\u00f3 todas las alturas hasta 4,81 m inclusive, un r\u00e9cord personal, en su primer intento.<\/p>\n\n\n\n<p>Amanda tambi\u00e9n super\u00f3 los 4,81 m en su primer intento, pero los saltos en el segundo intento en 4,56 m y 4,66 m la hab\u00edan mantenido en el segundo puesto.<\/p>\n\n\n\n<p>Una vez que ambas hermanas superaron los 4,81 m, saltaron 4,86 \u200b\u200bm y elevaron el list\u00f3n a 4,91 m. Amanda lo super\u00f3 en su primer intento, mientras que Hana registr\u00f3 sus primeros errores de la competici\u00f3n y finalmente se retir\u00f3. Amanda continu\u00f3 intentando correr los 5,00 m pero no tuvo \u00e9xito.<\/p>\n\n\n\n<p><\/p>\n\n\n\n<p>worldathletics.org<\/p>\n","protected":false},"excerpt":{"rendered":"<p>El sueco Mondo Duplantis salt\u00f3 6,27 m* para establecer el und\u00e9cimo r\u00e9cord mundial de salto con p\u00e9rtiga de su carrera en el All Star Perche, una reuni\u00f3n de plata del World Athletics Indoor Tour, en Clermont-Ferrand el viernes (28). En una competici\u00f3n de profundidad r\u00e9cord, el campe\u00f3n ol\u00edmpico y mundial a\u00f1adi\u00f3 otro cent\u00edmetro al r\u00e9cord [&hellip;]<\/p>\n","protected":false},"author":1,"featured_media":181777,"comment_status":"closed","ping_status":"closed","sticky":false,"template":"","format":"standard","meta":{"_acf_changed":false,"_jetpack_memberships_contains_paid_content":false,"footnotes":"","jetpack_publicize_message":"","jetpack_publicize_feature_enabled":true,"jetpack_social_post_already_shared":true,"jetpack_social_options":{"image_generator_settings":{"template":"highway","default_image_id":0,"font":"","enabled":false},"version":2}},"categories":[15],"tags":[],"class_list":["post-181774","post","type-post","status-publish","format-standard","has-post-thumbnail","hentry","category-atletismo"],"acf":[],"jetpack_publicize_connections":[],"jetpack_featured_media_url":"https:\/\/sportseco.com\/wp-content\/uploads\/2025\/03\/6a01806_ftp-import-images-1-jfgsqetxsy5z-2025-02-28t222741z-1262142489-up1el2s1ptfnu-rtrmadp-3-athletics-france.avif","jetpack_sharing_enabled":true,"_links":{"self":[{"href":"https:\/\/sportseco.com\/index.php?rest_route=\/wp\/v2\/posts\/181774","targetHints":{"allow":["GET"]}}],"collection":[{"href":"https:\/\/sportseco.com\/index.php?rest_route=\/wp\/v2\/posts"}],"about":[{"href":"https:\/\/sportseco.com\/index.php?rest_route=\/wp\/v2\/types\/post"}],"author":[{"embeddable":true,"href":"https:\/\/sportseco.com\/index.php?rest_route=\/wp\/v2\/users\/1"}],"replies":[{"embeddable":true,"href":"https:\/\/sportseco.com\/index.php?rest_route=%2Fwp%2Fv2%2Fcomments&post=181774"}],"version-history":[{"count":1,"href":"https:\/\/sportseco.com\/index.php?rest_route=\/wp\/v2\/posts\/181774\/revisions"}],"predecessor-version":[{"id":181779,"href":"https:\/\/sportseco.com\/index.php?rest_route=\/wp\/v2\/posts\/181774\/revisions\/181779"}],"wp:featuredmedia":[{"embeddable":true,"href":"https:\/\/sportseco.com\/index.php?rest_route=\/wp\/v2\/media\/181777"}],"wp:attachment":[{"href":"https:\/\/sportseco.com\/index.php?rest_route=%2Fwp%2Fv2%2Fmedia&parent=181774"}],"wp:term":[{"taxonomy":"category","embeddable":true,"href":"https:\/\/sportseco.com\/index.php?rest_route=%2Fwp%2Fv2%2Fcategories&post=181774"},{"taxonomy":"post_tag","embeddable":true,"href":"https:\/\/sportseco.com\/index.php?rest_route=%2Fwp%2Fv2%2Ftags&post=181774"}],"curies":[{"name":"wp","href":"https:\/\/api.w.org\/{rel}","templated":true}]}}