{"id":182144,"date":"2025-03-08T12:31:40","date_gmt":"2025-03-08T17:31:40","guid":{"rendered":"https:\/\/sportseco.com\/?p=182144"},"modified":"2025-03-08T12:31:46","modified_gmt":"2025-03-08T17:31:46","slug":"horario-de-verano-2025-cuando-adelantar-el-cambio-de-hora-y-por-que-lo-hacemos","status":"publish","type":"post","link":"https:\/\/sportseco.com\/?p=182144","title":{"rendered":"Horario de verano 2025: cu\u00e1ndo \u00abadelantar\u00bb el cambio de hora y por qu\u00e9 lo hacemos"},"content":{"rendered":"\n<p>La mayor\u00eda de los estadounidenses deber\u00edan considerar irse a la cama temprano el s\u00e1bado por la noche, porque est\u00e1n a punto de perder una hora de sue\u00f1o.<\/p>\n\n\n\n<p>El cambio de hora es inminente, lo que significa que el domingo, las 2 a.m. se convertir\u00e1n en las 3 a.m. en cuesti\u00f3n de segundos. El lado positivo es que el \u00abcambio de hora\u00bb retrasar\u00e1 el momento en que el d\u00eda se convierta en noche, lo que har\u00e1 que muchos puedan volver a casa del trabajo con m\u00e1s sol.<\/p>\n\n\n\n<p>El nuevo horario se mantendr\u00e1 vigente hasta noviembre, cuando regrese el horario est\u00e1ndar antes de la temporada de vacaciones.<\/p>\n\n\n\n<p>Esto es lo que debe saber sobre el \u00abcambio de hora\u00bb este fin de semana, incluido cu\u00e1ndo comenz\u00f3 el proceso, qu\u00e9 dos estados est\u00e1n exentos de \u00e9l y los esfuerzos para terminar con los cambios de hora de forma permanente.<\/p>\n\n\n\n<p><br \/>\u00bfCu\u00e1ndo comienza el cambio de hora?<br \/>El cambio de hora comienza el domingo 9 de marzo a las 2 a.m. hora local.<\/p>\n\n\n\n<p><br \/><br \/>\u00bfQu\u00e9 es el horario de verano?<br \/>El horario de verano es el momento entre marzo y noviembre en el que la mayor\u00eda de los estadounidenses adelantan sus relojes una hora<\/p>\n\n\n\n<p>Perdemos una hora en marzo (en lugar de ganar una hora en el oto\u00f1o) para tener m\u00e1s luz del d\u00eda en las noches de verano. En el hemisferio norte, el equinoccio de primavera es el 20 de marzo, lo que marca el inicio de la temporada de primavera.<\/p>\n\n\n\n<p>\u00bfCu\u00e1ndo termina el horario de verano?<br \/>El horario de verano termina este a\u00f1o el domingo 2 de noviembre.<\/p>\n\n\n\n<p>\u00bfQu\u00e9 estados no observan el horario de verano?<br \/>Haw\u00e1i y la mayor parte de Arizona no observan el horario de verano. Debido a su clima des\u00e9rtico, Arizona no sigue el horario de verano (con la excepci\u00f3n de la Naci\u00f3n Navajo). Despu\u00e9s de que la mayor parte de los EE. UU. adoptara la Ley de Horario Uniforme, el estado pens\u00f3 que no hab\u00eda una buena raz\u00f3n para ajustar los relojes para que la puesta del sol se produjera una hora m\u00e1s tarde durante los meses m\u00e1s calurosos del a\u00f1o.<\/p>\n\n\n\n<p>\u00bfCu\u00e1ndo comenzaron los cambios de horario federal?<br \/>La Ley de Horario Est\u00e1ndar de 1918 fue la primera ley que implement\u00f3 el horario est\u00e1ndar y de verano a nivel federal.<\/p>\n\n\n\n<p>\u00abLa supervisi\u00f3n federal de las zonas horarias comenz\u00f3 en 1918 con la promulgaci\u00f3n de la Ley de Horario Est\u00e1ndar, que otorg\u00f3 a la Comisi\u00f3n de Comercio Interestatal la responsabilidad de establecer l\u00edmites entre las zonas horarias est\u00e1ndar en los EE. UU.\u00bb, seg\u00fan el Departamento de Transporte de los EE. UU. \u00abEsta responsabilidad fue transferida de la Comisi\u00f3n de Comercio Interestatal al DOT cuando el Congreso cre\u00f3 el DOT en 1966\u00bb.<\/p>\n\n\n\n<p>\u00bfQui\u00e9n est\u00e1 a cargo del horario de verano?<br \/>El DOT supervisa la observancia del horario de verano, as\u00ed como las zonas horarias de los EE. UU., seg\u00fan la agencia federal. El DOT cit\u00f3 la reducci\u00f3n de la energ\u00eda y la delincuencia como razones para tener tanto horario est\u00e1ndar como horario de verano.<\/p>\n\n\n\n<p>\u00bfSe est\u00e1 terminando el horario de verano?<br \/>Los proyectos de ley recientes que convertir\u00edan el horario de verano en el est\u00e1ndar nacional durante todo el a\u00f1o han languidecido en el comit\u00e9 despu\u00e9s de ser presentados en enero.<\/p>\n\n\n\n<p><br \/>Los funcionarios han prometido poner fin al procedimiento, incluido el presidente Donald Trump, quien dijo en una publicaci\u00f3n en Truth Social en diciembre que \u00abel Partido Republicano har\u00e1 todo lo posible para eliminar el horario de verano\u00bb.<\/p>\n\n\n\n<p>Sin embargo, desde que asumi\u00f3 el cargo para su segundo mandato en enero, el presidente no ha emitido ninguna orden ejecutiva sobre el tema. El Congreso, que tiene una estrecha mayor\u00eda republicana, tampoco ha mostrado un gran impulso en el tema.<\/p>\n\n\n\n<p><\/p>\n\n\n\n<p><\/p>\n\n\n\n<p>usatoday.com<\/p>\n","protected":false},"excerpt":{"rendered":"<p>La mayor\u00eda de los estadounidenses deber\u00edan considerar irse a la cama temprano el s\u00e1bado por la noche, porque est\u00e1n a punto de perder una hora de sue\u00f1o. El cambio de hora es inminente, lo que significa que el domingo, las 2 a.m. se convertir\u00e1n en las 3 a.m. en cuesti\u00f3n de segundos. El lado positivo [&hellip;]<\/p>\n","protected":false},"author":1,"featured_media":182145,"comment_status":"closed","ping_status":"closed","sticky":false,"template":"","format":"standard","meta":{"_acf_changed":false,"_jetpack_memberships_contains_paid_content":false,"footnotes":"","jetpack_publicize_message":"","jetpack_publicize_feature_enabled":true,"jetpack_social_post_already_shared":true,"jetpack_social_options":{"image_generator_settings":{"template":"highway","default_image_id":0,"font":"","enabled":false},"version":2}},"categories":[6],"tags":[],"class_list":["post-182144","post","type-post","status-publish","format-standard","has-post-thumbnail","hentry","category-ecologia"],"acf":[],"jetpack_publicize_connections":[],"jetpack_featured_media_url":"https:\/\/i0.wp.com\/sportseco.com\/wp-content\/uploads\/2025\/03\/Cambio-de-horario-en-EEUU-Debes-adelantar-o-atrasar-el-reloj-por-el-horario-de-verano-shutterstock_2452154807.webp?fit=480%2C270&ssl=1","jetpack_sharing_enabled":true,"_links":{"self":[{"href":"https:\/\/sportseco.com\/index.php?rest_route=\/wp\/v2\/posts\/182144","targetHints":{"allow":["GET"]}}],"collection":[{"href":"https:\/\/sportseco.com\/index.php?rest_route=\/wp\/v2\/posts"}],"about":[{"href":"https:\/\/sportseco.com\/index.php?rest_route=\/wp\/v2\/types\/post"}],"author":[{"embeddable":true,"href":"https:\/\/sportseco.com\/index.php?rest_route=\/wp\/v2\/users\/1"}],"replies":[{"embeddable":true,"href":"https:\/\/sportseco.com\/index.php?rest_route=%2Fwp%2Fv2%2Fcomments&post=182144"}],"version-history":[{"count":1,"href":"https:\/\/sportseco.com\/index.php?rest_route=\/wp\/v2\/posts\/182144\/revisions"}],"predecessor-version":[{"id":182146,"href":"https:\/\/sportseco.com\/index.php?rest_route=\/wp\/v2\/posts\/182144\/revisions\/182146"}],"wp:featuredmedia":[{"embeddable":true,"href":"https:\/\/sportseco.com\/index.php?rest_route=\/wp\/v2\/media\/182145"}],"wp:attachment":[{"href":"https:\/\/sportseco.com\/index.php?rest_route=%2Fwp%2Fv2%2Fmedia&parent=182144"}],"wp:term":[{"taxonomy":"category","embeddable":true,"href":"https:\/\/sportseco.com\/index.php?rest_route=%2Fwp%2Fv2%2Fcategories&post=182144"},{"taxonomy":"post_tag","embeddable":true,"href":"https:\/\/sportseco.com\/index.php?rest_route=%2Fwp%2Fv2%2Ftags&post=182144"}],"curies":[{"name":"wp","href":"https:\/\/api.w.org\/{rel}","templated":true}]}}