{"id":182154,"date":"2025-03-08T13:27:13","date_gmt":"2025-03-08T18:27:13","guid":{"rendered":"https:\/\/sportseco.com\/?p=182154"},"modified":"2025-03-08T13:27:18","modified_gmt":"2025-03-08T18:27:18","slug":"ciclovida-cali-en-voz-de-mujer-jornada-para-conmemorar-un-domingo-muy-especial","status":"publish","type":"post","link":"https:\/\/sportseco.com\/?p=182154","title":{"rendered":"Ciclovida \u2018Cali en Voz de Mujer\u2019: jornada para conmemorar un domingo muy especial"},"content":{"rendered":"\n<figure class=\"wp-block-image\"><img data-recalc-dims=\"1\" decoding=\"async\" src=\"https:\/\/i0.wp.com\/www.cali.gov.co\/deportes\/publicaciones\/184869\/ciclovida-cali-en-voz-de-mujer-jornada-para-conmemorar-un-domingo-muy-especial\/info\/principal\/media\/pubInt\/thumbs\/thpub_700X400_184869.jpg?w=640&#038;ssl=1\" alt=\"Ciclovida \u2018Cali en Voz de Mujer\u2019: jornada para conmemorar un domingo muy especial\"\/><\/figure>\n\n\n\n<blockquote class=\"wp-block-quote is-layout-flow wp-block-quote-is-layout-flow\">\n<ul class=\"wp-block-list\">\n<li><em>D\u00eda Internacional de la Mujer: la Ciclovida se une a la conmemoraci\u00f3n con actividades especiales en sus distintos tramos y estaciones, promoviendo el bienestar, la equidad y la participaci\u00f3n de toda la comunidad.<\/em><br \/>\u00a0<\/li>\n\n\n\n<li><em>El Kiosco Violeta: ser\u00e1 un espacio de sensibilizaci\u00f3n sobre la equidad de g\u00e9nero y la prevenci\u00f3n de las violencias basadas en g\u00e9nero, con ubicaci\u00f3n en la Comuna 20 y la estaci\u00f3n Panamericana.<\/em><br \/>\u00a0<\/li>\n\n\n\n<li><em>La Comuna 20 volver\u00e1 a tener su Ciclovida de ladera, para el disfrute de la poblaci\u00f3n del sector.<\/em><\/li>\n<\/ul>\n<\/blockquote>\n\n\n\n<p><strong>Santiago de Cali, 8 de marzo de 2025<\/strong><\/p>\n\n\n\n<p>La segunda jornada de la&nbsp;<strong><em>Ciclovida de Cali<\/em><\/strong>&nbsp;tendr\u00e1 el domingo (<em>09.03.2025<\/em>) un motivo muy especial:&nbsp;<strong><em>\u2018Cali en voz de mujer\u2019<\/em><\/strong>, tem\u00e1tica que rinde homenaje al papel de nuestras mujeres en la sociedad.<\/p>\n\n\n\n<p>Ellas ser\u00e1n las protagonistas principales, el centro de atracci\u00f3n y recibir\u00e1n todas las atenciones. La programaci\u00f3n estar\u00e1 enfocada en hacerlas pasar un gran domingo y recordarles que son el eje fundamental de las familias.<\/p>\n\n\n\n<p>En los&nbsp;<strong><em>M\u00f3dulos de Actividad F\u00edsica Musicalizada<\/em><\/strong>&nbsp;(<em>MAFIM<\/em>), ubicados en las estaciones centrales (<em>Ingenio, Panamericana, Prado<\/em>) y en las comunitarias (<em>Brisas y Guadales, Torres de Comfandi, Corredor Verde, Sol de Oriente, Ciudad de Cali y Silo\u00e9<\/em>), se llevar\u00e1 a cabo la marat\u00f3n de actividad f\u00edsica&nbsp;<em>\u2018Mujer, mu\u00e9vete y brilla\u2019<\/em>. Durante la misma, se entregar\u00e1n obsequios a las participantes.<\/p>\n\n\n\n<p>Adem\u00e1s, las&nbsp;<strong><em>zonas infantiles<\/em><\/strong>&nbsp;tambi\u00e9n contar\u00e1n con actividades, fomentando valores de igualdad y respeto desde la ni\u00f1ez.<\/p>\n\n\n\n<p><strong>Reto Bici-destrezas: seguridad vial sobre ruedas<\/strong><\/p>\n\n\n\n<p>En la estaci\u00f3n&nbsp;<em>Panamericana<\/em>, la Agencia Nacional de Seguridad Vial organizar\u00e1 el&nbsp;<strong><em>\u2018Reto Bici-destrezas\u2019<\/em><\/strong>, un circuito con seis estaciones donde ciclistas y usuarios de veh\u00edculos de transporte activo, podr\u00e1n mejorar sus habilidades de conducci\u00f3n preventiva y segura.<\/p>\n\n\n\n<p>Como complemento a esta actividad, se ofrecer\u00e1 una revisi\u00f3n mec\u00e1nica preventiva que incluye lubricaci\u00f3n y limpieza del sistema de transmisi\u00f3n, ajuste de torniller\u00eda y calibraci\u00f3n de aire en las ruedas. Los participantes recibir\u00e1n un kit de seguridad con chaleco reflectivo, luz blanca y luz roja.<br \/>&nbsp;<\/p>\n\n\n\n<p><strong>El Kiosco Violeta: espacio para la equidad de g\u00e9nero<\/strong><\/p>\n\n\n\n<p>En el marco de la conmemoraci\u00f3n del&nbsp;<em>\u2018D\u00eda de la Mujer\u2019<\/em>,&nbsp;<strong><em>Casa Matria<\/em><\/strong>, programa liderado por la Subsecretar\u00eda de Equidad de G\u00e9nero, se unir\u00e1 con una iniciativa para la prevenci\u00f3n de violencias basadas en g\u00e9nero.<\/p>\n\n\n\n<p>La&nbsp;<em>Ciclovida<\/em>&nbsp;contar\u00e1 con el&nbsp;<strong><em>Kiosco Violeta<\/em><\/strong>, espacio dise\u00f1ado para sensibilizar, educar y promover el respeto y la equidad de g\u00e9nero. Su prop\u00f3sito principal es generar espacios de di\u00e1logo, reflexi\u00f3n y acci\u00f3n comunitaria, en torno a la equidad de g\u00e9nero y la erradicaci\u00f3n de las violencias.<\/p>\n\n\n\n<p>De 8:00 a.m. a 12:00 del mediod\u00eda, los kioscos estar\u00e1n ubicados en el tramo comunitario de la Comuna 20 y en la estaci\u00f3n Panamericana. Tambi\u00e9n habr\u00e1 presencia de pasacalles informativos en puntos estrat\u00e9gicos como la estaci\u00f3n Ingenio y el oriente de la ciudad.<\/p>\n\n\n\n<p><em>\u201cHoy se conmemora el \u2018D\u00eda Internacional de la Mujer\u2019 y el domingo nos vamos a pillar ac\u00e1 en la Ciclovida con todas las actividades f\u00edsicas y recreativas. Ser\u00e1 un d\u00eda muy especial para nuestras mujeres cale\u00f1as\u201d<\/em>, manifest\u00f3 Alexander Camacho, secretario del Deporte y la Recreaci\u00f3n de Cali.<\/p>\n\n\n\n<p>Por su parte, Ang\u00e9lica Donneys, asesora del despacho, reiter\u00f3 que desde el Comit\u00e9 de G\u00e9nero de la Secretar\u00eda la invitaci\u00f3n es asistir a la Ciclovida el 9 de marzo.&nbsp;<em>\u201cEstaremos con el Kiosco Violeta entregando informaci\u00f3n sobre la prevenci\u00f3n y la atenci\u00f3n de las violencias basadas en g\u00e9nero y, por supuesto, con una gran oferta deportiva. Los esperamos\u201d<\/em>, invit\u00f3.<\/p>\n\n\n\n<p><strong>Tenga en cuenta\u2026<\/strong><br \/><br \/>Los diferentes tramos de la&nbsp;<em>Ciclovida<\/em>&nbsp;estar\u00e1n habilitados&nbsp;<em>de 8:00 a.m. a 1:00 p.m.<\/em>, y las&nbsp;<em>estaciones<\/em>&nbsp;funcionar\u00e1n&nbsp;<em>de 9:00 a.m. hasta las 12:00 del mediod\u00eda<\/em>.<\/p>\n\n\n\n<p><\/p>\n\n\n\n<p>cali.gov.co<\/p>\n","protected":false},"excerpt":{"rendered":"<p>Santiago de Cali, 8 de marzo de 2025 La segunda jornada de la&nbsp;Ciclovida de Cali&nbsp;tendr\u00e1 el domingo (09.03.2025) un motivo muy especial:&nbsp;\u2018Cali en voz de mujer\u2019, tem\u00e1tica que rinde homenaje al papel de nuestras mujeres en la sociedad. Ellas ser\u00e1n las protagonistas principales, el centro de atracci\u00f3n y recibir\u00e1n todas las atenciones. La programaci\u00f3n estar\u00e1 [&hellip;]<\/p>\n","protected":false},"author":1,"featured_media":182155,"comment_status":"closed","ping_status":"closed","sticky":false,"template":"","format":"standard","meta":{"_acf_changed":false,"_jetpack_memberships_contains_paid_content":false,"footnotes":"","jetpack_publicize_message":"","jetpack_publicize_feature_enabled":true,"jetpack_social_post_already_shared":true,"jetpack_social_options":{"image_generator_settings":{"template":"highway","default_image_id":0,"font":"","enabled":false},"version":2}},"categories":[6],"tags":[],"class_list":["post-182154","post","type-post","status-publish","format-standard","has-post-thumbnail","hentry","category-ecologia"],"acf":[],"jetpack_publicize_connections":[],"jetpack_featured_media_url":"https:\/\/i0.wp.com\/sportseco.com\/wp-content\/uploads\/2025\/03\/thpub_700X400_184869.jpg?fit=669%2C400&ssl=1","jetpack_sharing_enabled":true,"_links":{"self":[{"href":"https:\/\/sportseco.com\/index.php?rest_route=\/wp\/v2\/posts\/182154","targetHints":{"allow":["GET"]}}],"collection":[{"href":"https:\/\/sportseco.com\/index.php?rest_route=\/wp\/v2\/posts"}],"about":[{"href":"https:\/\/sportseco.com\/index.php?rest_route=\/wp\/v2\/types\/post"}],"author":[{"embeddable":true,"href":"https:\/\/sportseco.com\/index.php?rest_route=\/wp\/v2\/users\/1"}],"replies":[{"embeddable":true,"href":"https:\/\/sportseco.com\/index.php?rest_route=%2Fwp%2Fv2%2Fcomments&post=182154"}],"version-history":[{"count":1,"href":"https:\/\/sportseco.com\/index.php?rest_route=\/wp\/v2\/posts\/182154\/revisions"}],"predecessor-version":[{"id":182156,"href":"https:\/\/sportseco.com\/index.php?rest_route=\/wp\/v2\/posts\/182154\/revisions\/182156"}],"wp:featuredmedia":[{"embeddable":true,"href":"https:\/\/sportseco.com\/index.php?rest_route=\/wp\/v2\/media\/182155"}],"wp:attachment":[{"href":"https:\/\/sportseco.com\/index.php?rest_route=%2Fwp%2Fv2%2Fmedia&parent=182154"}],"wp:term":[{"taxonomy":"category","embeddable":true,"href":"https:\/\/sportseco.com\/index.php?rest_route=%2Fwp%2Fv2%2Fcategories&post=182154"},{"taxonomy":"post_tag","embeddable":true,"href":"https:\/\/sportseco.com\/index.php?rest_route=%2Fwp%2Fv2%2Ftags&post=182154"}],"curies":[{"name":"wp","href":"https:\/\/api.w.org\/{rel}","templated":true}]}}