{"id":182183,"date":"2025-03-09T08:49:47","date_gmt":"2025-03-09T12:49:47","guid":{"rendered":"https:\/\/sportseco.com\/?p=182183"},"modified":"2025-03-09T08:49:53","modified_gmt":"2025-03-09T12:49:53","slug":"gobernacion-del-valle-implementa-planes-de-prevencion-ante-temporada-de-lluvias-2","status":"publish","type":"post","link":"https:\/\/sportseco.com\/?p=182183","title":{"rendered":"Gobernaci\u00f3n del Valle implementa planes de prevenci\u00f3n ante temporada de lluvias"},"content":{"rendered":"\n<figure class=\"wp-block-image\"><img data-recalc-dims=\"1\" decoding=\"async\" src=\"https:\/\/i0.wp.com\/www.valledelcauca.gov.co\/info\/gobvalle\/media\/pubInt\/thumbs\/thpubInt_700X400_85427.webp?w=640&#038;ssl=1\" alt=\"Gobernaci\u00f3n del Valle implementa planes de prevenci\u00f3n ante temporada de lluvias\" title=\"Gobernaci\u00f3n del Valle implementa planes de prevenci\u00f3n ante temporada de lluvias\"\/><\/figure>\n\n\n\n<p><strong>Santiago de Cali, marzo 8 de 2025.<\/strong>&nbsp;Ante el inicio de la primera temporada de lluvias del a\u00f1o,&nbsp;<a href=\"http:\/\/www.valledelcauca.gov.co\/\">el gobierno del Valle del Cauca<\/a>&nbsp;<strong>ha puesto en marcha una serie de planes de prevenci\u00f3n y manejo de emergencias para mitigar los riesgos asociados a fuertes precipitaciones, ventiscas, crecientes s\u00fabitas de r\u00edos y quebradas, inundaciones y movimientos de masas<\/strong>. Estas acciones buscan salvaguardar la vida y el bienestar de los vallecaucanos.<\/p>\n\n\n\n<p>Francisco Tenorio, secretario de Gesti\u00f3n del Riesgo del Valle, inform\u00f3 que \u201cvamos a tener un mes de&nbsp;<strong>marzo con fuertes precipitaciones en el departamento del Valle del Cauca. Nos estamos preparando y trabajando en articulaci\u00f3n con los organismos de socorro, los coordinadores municipales y las administraciones locales<\/strong>&nbsp;para atender cualquier emergencia\u201d.<\/p>\n\n\n\n<p>&nbsp; &nbsp;&nbsp;&nbsp;&nbsp;&nbsp;<a href=\"https:\/\/whatsapp.com\/channel\/0029VZzdGgUJP20xwbpJaP1G\">\u00daNETE A NUESTRO CANAL DE WHATSAPP<\/a>&nbsp;<\/p>\n\n\n\n<p>En coordinaci\u00f3n con el Consejo Departamental de Gesti\u00f3n del Riesgo,&nbsp;<a href=\"http:\/\/www.valledelcauca.gov.co\/\">la Gobernaci\u00f3n del Valle del Cauca<\/a>&nbsp;h<strong>a brindado apoyo y acompa\u00f1amiento a los municipios en la atenci\u00f3n de emergencias reportadas, reforzando la capacidad de respuesta ante posibles eventualidades.<\/strong><\/p>\n\n\n\n<p>El secretario de Gesti\u00f3n del Riesgo hizo un llamado a la comunidad, especialmente a quienes frecuentan los afluentes h\u00eddricos del departamento, para que se mantengan atentos a las condiciones hidroclimatol\u00f3gicas. \u201c<strong>Es importante observar el color y el caudal de los r\u00edos, ya que pueden presentarse crecientes s\u00fabitas<\/strong>\u201d, advirti\u00f3 Tenorio.<\/p>\n\n\n\n<p>Asimismo, exhort\u00f3 a las administraciones municipales a garantizar la limpieza de alcantarillados y rejillas de desag\u00fce, evitando obstrucciones que puedan generar inundaciones.&nbsp;<strong>Tambi\u00e9n recomend\u00f3 a la poblaci\u00f3n realizar el mantenimiento de cubiertas y techos, limpiar canales y sumideros, y acatar las orientaciones de las autoridades y organismos de socorro para prevenir emergencias<\/strong>.<\/p>\n\n\n\n<p>Desde el gobierno departamental se invita a la ciudadan\u00eda a adoptar las medidas preventivas necesarias durante esta temporada de lluvias.<br \/>&nbsp;<\/p>\n\n\n\n<p><strong><em>Alexander Bola\u00f1os<\/em><br \/>Periodista Gobernaci\u00f3n del Valle del Cauca<\/strong><\/p>\n\n\n\n<p><\/p>\n\n\n\n<p><\/p>\n\n\n\n<p>valledelcauca.gov.co<\/p>\n","protected":false},"excerpt":{"rendered":"<p>Santiago de Cali, marzo 8 de 2025.&nbsp;Ante el inicio de la primera temporada de lluvias del a\u00f1o,&nbsp;el gobierno del Valle del Cauca&nbsp;ha puesto en marcha una serie de planes de prevenci\u00f3n y manejo de emergencias para mitigar los riesgos asociados a fuertes precipitaciones, ventiscas, crecientes s\u00fabitas de r\u00edos y quebradas, inundaciones y movimientos de masas. [&hellip;]<\/p>\n","protected":false},"author":1,"featured_media":182184,"comment_status":"closed","ping_status":"closed","sticky":false,"template":"","format":"standard","meta":{"_acf_changed":false,"_jetpack_memberships_contains_paid_content":false,"footnotes":"","jetpack_publicize_message":"","jetpack_publicize_feature_enabled":true,"jetpack_social_post_already_shared":true,"jetpack_social_options":{"image_generator_settings":{"template":"highway","default_image_id":0,"font":"","enabled":false},"version":2}},"categories":[6],"tags":[],"class_list":["post-182183","post","type-post","status-publish","format-standard","has-post-thumbnail","hentry","category-ecologia"],"acf":[],"jetpack_publicize_connections":[],"jetpack_featured_media_url":"https:\/\/i0.wp.com\/sportseco.com\/wp-content\/uploads\/2025\/03\/thpubInt_700X400_85427.webp?fit=532%2C400&ssl=1","jetpack_sharing_enabled":true,"_links":{"self":[{"href":"https:\/\/sportseco.com\/index.php?rest_route=\/wp\/v2\/posts\/182183","targetHints":{"allow":["GET"]}}],"collection":[{"href":"https:\/\/sportseco.com\/index.php?rest_route=\/wp\/v2\/posts"}],"about":[{"href":"https:\/\/sportseco.com\/index.php?rest_route=\/wp\/v2\/types\/post"}],"author":[{"embeddable":true,"href":"https:\/\/sportseco.com\/index.php?rest_route=\/wp\/v2\/users\/1"}],"replies":[{"embeddable":true,"href":"https:\/\/sportseco.com\/index.php?rest_route=%2Fwp%2Fv2%2Fcomments&post=182183"}],"version-history":[{"count":1,"href":"https:\/\/sportseco.com\/index.php?rest_route=\/wp\/v2\/posts\/182183\/revisions"}],"predecessor-version":[{"id":182185,"href":"https:\/\/sportseco.com\/index.php?rest_route=\/wp\/v2\/posts\/182183\/revisions\/182185"}],"wp:featuredmedia":[{"embeddable":true,"href":"https:\/\/sportseco.com\/index.php?rest_route=\/wp\/v2\/media\/182184"}],"wp:attachment":[{"href":"https:\/\/sportseco.com\/index.php?rest_route=%2Fwp%2Fv2%2Fmedia&parent=182183"}],"wp:term":[{"taxonomy":"category","embeddable":true,"href":"https:\/\/sportseco.com\/index.php?rest_route=%2Fwp%2Fv2%2Fcategories&post=182183"},{"taxonomy":"post_tag","embeddable":true,"href":"https:\/\/sportseco.com\/index.php?rest_route=%2Fwp%2Fv2%2Ftags&post=182183"}],"curies":[{"name":"wp","href":"https:\/\/api.w.org\/{rel}","templated":true}]}}