{"id":182201,"date":"2025-03-09T14:02:14","date_gmt":"2025-03-09T18:02:14","guid":{"rendered":"https:\/\/sportseco.com\/?p=182201"},"modified":"2025-03-09T14:02:25","modified_gmt":"2025-03-09T18:02:25","slug":"tormenta-de-polvo-en-texas-deja-imagenes-apocalipticas-del-cielo-el-aire-llego-hasta-nuevo-leon","status":"publish","type":"post","link":"https:\/\/sportseco.com\/?p=182201","title":{"rendered":"Tormenta de polvo en Texas deja im\u00e1genes apocal\u00edpticas del cielo; el aire lleg\u00f3 hasta Nuevo Le\u00f3n"},"content":{"rendered":"\n<h2 class=\"wp-block-heading\">El aire seco y vientos fuertes est\u00e1n impactando sobre las condiciones atmosf\u00e9ricas en Nuevo Le\u00f3n<\/h2>\n\n\n\n<p>por\u00a0<a href=\"https:\/\/ecoosfera.com\/author\/natalia-rodriguez\/\">Natalia Rodr\u00edguez<\/a><\/p>\n\n\n\n<p><\/p>\n\n\n\n<p>El pasado<strong>&nbsp;4 de marzo<\/strong>, un evento asombroso se despleg\u00f3 en varias regiones de&nbsp;<strong>Texas<\/strong>&nbsp;cuando una<strong>&nbsp;tormenta de polvo<\/strong>&nbsp;atraves\u00f3 el estado,&nbsp;<strong>cubriendo el<\/strong>&nbsp;<strong>sol<\/strong>&nbsp;y sumiendo a las ciudades en una&nbsp;<strong>oscuridad<\/strong>&nbsp;<strong>inusual<\/strong>. Este fen\u00f3meno fue tan intenso que los conductores necesitaban<strong>&nbsp;encender las luces de los autos en pleno mediod\u00eda<\/strong>. Te contamos lo que se sabe de este fen\u00f3meno y sus&nbsp;<strong>impactos<\/strong>&nbsp;sobre el&nbsp;<strong>medio ambiente<\/strong>.<\/p>\n\n\n\n<figure class=\"wp-block-image\" id=\"attachment_136024\"><img decoding=\"async\" src=\"https:\/\/i0.wp.com\/ecoosfera.com\/wp-content\/uploads\/2025\/03\/tormenta-polvo-dallas-1.jpg?resize=1024%2C576&amp;ssl=1\" alt=\"Tormenta de polvo de Dallas\" class=\"wp-image-136024\" title=\"Tormenta de polvo en Texas deja im\u00e1genes apocal\u00edpticas del cielo; el aire lleg\u00f3 hasta Nuevo Le\u00f3n 2\"\/><figcaption class=\"wp-element-caption\">Cr\u00e9dito: X<\/figcaption><\/figure>\n\n\n\n<h3 class=\"wp-block-heading\"><strong>\u00bfPor qu\u00e9 se producen las tormentas de polvo?<\/strong><\/h3>\n\n\n\n<p>Las&nbsp;<strong>tormentas de polvo<\/strong>, como la que se vivi\u00f3 en&nbsp;<strong>Texas<\/strong>, son impulsadas por&nbsp;<strong>vientos fuertes<\/strong>&nbsp;provenientes de grandes&nbsp;<strong>tormentas<\/strong>&nbsp;que se desplazan por el&nbsp;<strong>centro<\/strong>&nbsp;de los<strong>&nbsp;Estados Unidos.<\/strong>&nbsp;En este caso, los vientos comenzaron a<strong>&nbsp;levantar polvo<\/strong>&nbsp;desde el&nbsp;<strong>oeste<\/strong>&nbsp;el lunes, y durante el martes, el polvo se traslad\u00f3 hacia el&nbsp;<strong>este<\/strong>, alcanzando ciudades como&nbsp;<strong>Dallas<\/strong>,&nbsp;<strong>Austin<\/strong>&nbsp;y<strong>&nbsp;San Antonio<\/strong>.<\/p>\n\n\n\n<p>Este tipo de fen\u00f3menos son&nbsp;<strong>t\u00edpicos<\/strong>&nbsp;en<strong>&nbsp;zonas \u00e1ridas y semi\u00e1ridas<\/strong>, pero la cuesti\u00f3n ahora es si el&nbsp;<strong>cambio clim\u00e1tico<\/strong>&nbsp;podr\u00eda estar potenciando su&nbsp;<strong>frecuencia<\/strong>&nbsp;e&nbsp;<strong>intensidad<\/strong>. El&nbsp;<strong>aumento de las temperaturas<\/strong>&nbsp;y la&nbsp;<strong>alteraci\u00f3n de patrones clim\u00e1ticos<\/strong>&nbsp;podr\u00edan estar contribuyendo a la&nbsp;<strong>intensificaci\u00f3n<\/strong>&nbsp;de estos fen\u00f3menos, exacerbando las&nbsp;<strong>sequ\u00edas<\/strong>&nbsp;y las&nbsp;<strong>tormentas de polvo<\/strong>&nbsp;que afectan a m\u00e1s regiones de lo que se hab\u00eda visto antes.<\/p>\n\n\n\n<figure class=\"wp-block-image\" id=\"attachment_136026\"><img decoding=\"async\" src=\"https:\/\/i0.wp.com\/ecoosfera.com\/wp-content\/uploads\/2025\/03\/tormenta-polvo-dallas-2.jpg?resize=1003%2C1024&amp;ssl=1\" alt=\"Tormenta de polvo en Dallas\" class=\"wp-image-136026\" title=\"Tormenta de polvo en Texas deja im\u00e1genes apocal\u00edpticas del cielo; el aire lleg\u00f3 hasta Nuevo Le\u00f3n 3\"\/><figcaption class=\"wp-element-caption\">Cr\u00e9dito: X<\/figcaption><\/figure>\n\n\n\n<h3 class=\"wp-block-heading\"><strong>El impacto en Nuevo Le\u00f3n: mala calidad del aire y m\u00e1s incendios<\/strong><\/h3>\n\n\n\n<p>Lo que parec\u00eda un fen\u00f3meno exclusivo de&nbsp;<strong>Texas<\/strong>&nbsp;ha cruzado&nbsp;<strong>fronteras<\/strong>. El&nbsp;<strong>polvo<\/strong>&nbsp;levantado por la tormenta ha llegado hasta el estado de<strong>&nbsp;Nuevo Le\u00f3n<\/strong>&nbsp;en M\u00e9xico, llevando consigo no solo una<strong>&nbsp;terrible calidad del aire<\/strong>, sino tambi\u00e9n un grave&nbsp;<strong>problema<\/strong>&nbsp;para el&nbsp;<strong>manejo<\/strong>&nbsp;de incendios en el<a href=\"https:\/\/ecoosfera.com\/noticias\/ola-de-incendios-ahoga-a-nuevo-leon-mas-de-200-en-las-ultimas-24-horas\/\">&nbsp;\u00c1rea Metropolitana de Monterrey<\/a>. Las condiciones de<strong>&nbsp;visibilidad reducida<\/strong>&nbsp;y el<strong>&nbsp;aire cargado de part\u00edculas<\/strong>&nbsp;est\u00e1n potenciando la&nbsp;<strong>propagaci\u00f3n<\/strong>&nbsp;de los&nbsp;<strong>incendios<\/strong>&nbsp;en la regi\u00f3n.<\/p>\n\n\n\n<p>As\u00ed, los habitantes de<strong>&nbsp;Nuevo Le\u00f3n<\/strong>&nbsp;enfrentan un&nbsp;<strong>doble desaf\u00edo<\/strong>: el peligro de respirar&nbsp;<strong>aire contaminado<\/strong>&nbsp;y el riesgo de&nbsp;<strong>incendios<\/strong>&nbsp;dif\u00edciles de controlar.<\/p>\n\n\n\n<p><\/p>\n\n\n\n<p>La<strong>&nbsp;tormenta de polvo<\/strong>&nbsp;que afect\u00f3&nbsp;<strong>Texas<\/strong>&nbsp;y lleg\u00f3 hasta&nbsp;<strong>Nuevo Le\u00f3n<\/strong>&nbsp;es solo un ejemplo de los&nbsp;<strong>fen\u00f3menos extremos<\/strong>&nbsp;que podr\u00edan volverse m\u00e1s&nbsp;<strong>frecuentes<\/strong>&nbsp;a medida que el&nbsp;<strong>clima contin\u00faa cambiando<\/strong>. La ciencia a\u00fan estudia con detalle c\u00f3mo el&nbsp;<strong>cambio clim\u00e1tico<\/strong>&nbsp;afecta la&nbsp;<strong>formaci\u00f3n<\/strong>&nbsp;y la&nbsp;<strong>intensidad<\/strong>&nbsp;de estas tormentas, pero lo que est\u00e1 claro es que sus&nbsp;<strong>efectos<\/strong>&nbsp;van m\u00e1s all\u00e1 de la mera alteraci\u00f3n del paisaje.<\/p>\n\n\n\n<p>A medida que se intensifiquen estos eventos, las&nbsp;<strong>comunidades<\/strong>&nbsp;deber\u00e1n&nbsp;<strong>adaptarse<\/strong>&nbsp;para proteger tanto la&nbsp;<strong>salud p\u00fablica<\/strong>&nbsp;como el<strong>&nbsp;medio ambiente<\/strong>.<\/p>\n\n\n\n<p><\/p>\n\n\n\n<p>ecoosfera.com<\/p>\n","protected":false},"excerpt":{"rendered":"<p>El aire seco y vientos fuertes est\u00e1n impactando sobre las condiciones atmosf\u00e9ricas en Nuevo Le\u00f3n por\u00a0Natalia Rodr\u00edguez El pasado&nbsp;4 de marzo, un evento asombroso se despleg\u00f3 en varias regiones de&nbsp;Texas&nbsp;cuando una&nbsp;tormenta de polvo&nbsp;atraves\u00f3 el estado,&nbsp;cubriendo el&nbsp;sol&nbsp;y sumiendo a las ciudades en una&nbsp;oscuridad&nbsp;inusual. Este fen\u00f3meno fue tan intenso que los conductores necesitaban&nbsp;encender las luces de los [&hellip;]<\/p>\n","protected":false},"author":1,"featured_media":182202,"comment_status":"closed","ping_status":"closed","sticky":false,"template":"","format":"standard","meta":{"_acf_changed":false,"_jetpack_memberships_contains_paid_content":false,"footnotes":"","jetpack_publicize_message":"","jetpack_publicize_feature_enabled":true,"jetpack_social_post_already_shared":true,"jetpack_social_options":{"image_generator_settings":{"template":"highway","default_image_id":0,"font":"","enabled":false},"version":2}},"categories":[6],"tags":[],"class_list":["post-182201","post","type-post","status-publish","format-standard","has-post-thumbnail","hentry","category-ecologia"],"acf":[],"jetpack_publicize_connections":[],"jetpack_featured_media_url":"https:\/\/i0.wp.com\/sportseco.com\/wp-content\/uploads\/2025\/03\/tormenta-polvo-dallas-1.webp?fit=1024%2C576&ssl=1","jetpack_sharing_enabled":true,"_links":{"self":[{"href":"https:\/\/sportseco.com\/index.php?rest_route=\/wp\/v2\/posts\/182201","targetHints":{"allow":["GET"]}}],"collection":[{"href":"https:\/\/sportseco.com\/index.php?rest_route=\/wp\/v2\/posts"}],"about":[{"href":"https:\/\/sportseco.com\/index.php?rest_route=\/wp\/v2\/types\/post"}],"author":[{"embeddable":true,"href":"https:\/\/sportseco.com\/index.php?rest_route=\/wp\/v2\/users\/1"}],"replies":[{"embeddable":true,"href":"https:\/\/sportseco.com\/index.php?rest_route=%2Fwp%2Fv2%2Fcomments&post=182201"}],"version-history":[{"count":1,"href":"https:\/\/sportseco.com\/index.php?rest_route=\/wp\/v2\/posts\/182201\/revisions"}],"predecessor-version":[{"id":182203,"href":"https:\/\/sportseco.com\/index.php?rest_route=\/wp\/v2\/posts\/182201\/revisions\/182203"}],"wp:featuredmedia":[{"embeddable":true,"href":"https:\/\/sportseco.com\/index.php?rest_route=\/wp\/v2\/media\/182202"}],"wp:attachment":[{"href":"https:\/\/sportseco.com\/index.php?rest_route=%2Fwp%2Fv2%2Fmedia&parent=182201"}],"wp:term":[{"taxonomy":"category","embeddable":true,"href":"https:\/\/sportseco.com\/index.php?rest_route=%2Fwp%2Fv2%2Fcategories&post=182201"},{"taxonomy":"post_tag","embeddable":true,"href":"https:\/\/sportseco.com\/index.php?rest_route=%2Fwp%2Fv2%2Ftags&post=182201"}],"curies":[{"name":"wp","href":"https:\/\/api.w.org\/{rel}","templated":true}]}}