{"id":182207,"date":"2025-03-09T15:17:15","date_gmt":"2025-03-09T19:17:15","guid":{"rendered":"https:\/\/sportseco.com\/?p=182207"},"modified":"2025-03-09T15:17:21","modified_gmt":"2025-03-09T19:17:21","slug":"merlier-el-experto-en-la-paris-niza","status":"publish","type":"post","link":"https:\/\/sportseco.com\/?p=182207","title":{"rendered":"Merlier, el experto en la Paris-Niza"},"content":{"rendered":"\n<p>Tim Merlier (Soudal Quick-Step) ha superado con creces al resto de los sprinters para ganar la primera etapa de la Par\u00eds-Niza 2025 y ser el primer l\u00edder de la \u00abRace to the Sun\u00bb, como ya hizo en 2023. El belga ha superado las trampas de la jornada, marcada por un final contundente, y ha dominado a la perfecci\u00f3n el \u00faltimo kil\u00f3metro para superar a todos y conseguir su quinto triunfo de la temporada. Arnaud D\u00e9mare (Ark\u00e9a-B&amp;B Hotels) y Alberto Dainese (Tudor) completan el podio de la jornada. En cuanto a Matteo Jorgenson (Visma-Lease a Bike), actual campe\u00f3n de la clasificaci\u00f3n general, ha empezado la carrera como el a\u00f1o pasado, consiguiendo bonificaciones de tiempo en la final.<\/p>\n\n\n\n<p>Paris-Niza 2025 &#8211; Etapa 1 &#8211; Resumen ampliado<\/p>\n\n\n\n<p>La 83\u00aa edici\u00f3n de la \u00abRace to the Sun\u00bb arranca en el departamento de Yvelines con una primera etapa abierta a diferentes escenarios, con dos vueltas a Le Perray-en-Yvelines que suman 156,1 km de recorrido. Primero, los corredores se adentran en la llanura de Versalles, antes de explorar el valle de Chevreuse. Despu\u00e9s, vuelven a la primera vuelta para luchar por el primer maillot de l\u00edder de la Paris-Niza 2025.<\/p>\n\n\n\n<p>El terreno complicado inspira a tres atacantes iniciales. Alexandre Delettre (Cofidis) y Samuel Ferrnandez (Caja Rural-Seguros RGA) se ponen inmediatamente en marcha y Taco van der Hoorn (Intermarch\u00e9-Wanty) se les une en el km 4. Detr\u00e1s de ellos, el Lidl-Trek de Mads Pedersen y el Soudal Quick-Step de Tim Merlier entran r\u00e1pidamente en acci\u00f3n para controlar la diferencia.<\/p>\n\n\n\n<p>Alaphilippe y Jorgenson avanzan<\/p>\n\n\n\n<p>Delettre aprovecha al m\u00e1ximo las dos primeras ascensiones para sumar 6 puntos KOM, pero la ventaja de los atacantes nunca supera los 2\u201935\u2019\u2019 (km 20) y baja a 1\u201905\u2019\u2019 al cruzar la l\u00ednea de meta por primera vez (km 54,6). Fern\u00e1ndez ataca a 62 km para dar un nuevo impulso a la escapada. Delettre se une a \u00e9l mientras Van der Hoorn se queda atr\u00e1s. El d\u00fao de cabeza acaba siendo alcanzado a los 50 \u00faltimos kil\u00f3metros.<\/p>\n\n\n\n<p>Julian Alaphilippe (Tudor) sacude el pelot\u00f3n en la secci\u00f3n m\u00e1s empinada de la C\u00f4te de Villiers-Saint-Fr\u00e9d\u00e9ric (21,6 km para la meta). Matteo Jorgenson (Visma-Lease a Bike) le sigue y llega primero a la cima. Despu\u00e9s, el grupo se re\u00fane r\u00e1pidamente.<\/p>\n\n\n\n<p>Una oleada de ataques<\/p>\n\n\n\n<p>La subida a Les Mesnuls, con un sprint intermedio que otorga bonificaciones de tiempo justo en los \u00faltimos 10 km, es la plataforma de lanzamiento perfecta para m\u00e1s ataques. Jhonatan Narvaez (UAE Team Emirates-XRG) se lanza primero a la cima, por delante de Matteo Jorgenson (Visma-Lease a Bike) y Magnus Sheffield (Ineos Grenadier\u2019s).<\/p>\n\n\n\n<p>Se produce una oleada de ataques y tres corredores acaban escap\u00e1ndose en los \u00faltimos 7 kil\u00f3metros: Mattias Skjelmose (Lidl-Trek), Joshua Tarling (Ineos Grenadiers) y Matteo Trentin (Tudor). Son alcanzados a menos de 3 kil\u00f3metros de la meta.<\/p>\n\n\n\n<p>Jayco AlUla y Alpecin-Deceuninck intentan preparar a sus velocistas para la victoria\u2026 Pero Bert Van Lerberghe y Tim Merlier patinan perfectamente hasta que la estrella belga se adelanta en los \u00faltimos 300 metros.<\/p>\n\n\n\n<p><\/p>\n\n\n\n<p>paris-nice.fr<\/p>\n","protected":false},"excerpt":{"rendered":"<p>Tim Merlier (Soudal Quick-Step) ha superado con creces al resto de los sprinters para ganar la primera etapa de la Par\u00eds-Niza 2025 y ser el primer l\u00edder de la \u00abRace to the Sun\u00bb, como ya hizo en 2023. El belga ha superado las trampas de la jornada, marcada por un final contundente, y ha dominado [&hellip;]<\/p>\n","protected":false},"author":1,"featured_media":182208,"comment_status":"closed","ping_status":"closed","sticky":false,"template":"","format":"standard","meta":{"_acf_changed":false,"_jetpack_memberships_contains_paid_content":false,"footnotes":"","jetpack_publicize_message":"","jetpack_publicize_feature_enabled":true,"jetpack_social_post_already_shared":true,"jetpack_social_options":{"image_generator_settings":{"template":"highway","default_image_id":0,"font":"","enabled":false},"version":2}},"categories":[14],"tags":[],"class_list":["post-182207","post","type-post","status-publish","format-standard","has-post-thumbnail","hentry","category-ciclismo"],"acf":[],"jetpack_publicize_connections":[],"jetpack_featured_media_url":"https:\/\/i0.wp.com\/sportseco.com\/wp-content\/uploads\/2025\/03\/c979d.jpeg?fit=2400%2C1600&ssl=1","jetpack_sharing_enabled":true,"_links":{"self":[{"href":"https:\/\/sportseco.com\/index.php?rest_route=\/wp\/v2\/posts\/182207","targetHints":{"allow":["GET"]}}],"collection":[{"href":"https:\/\/sportseco.com\/index.php?rest_route=\/wp\/v2\/posts"}],"about":[{"href":"https:\/\/sportseco.com\/index.php?rest_route=\/wp\/v2\/types\/post"}],"author":[{"embeddable":true,"href":"https:\/\/sportseco.com\/index.php?rest_route=\/wp\/v2\/users\/1"}],"replies":[{"embeddable":true,"href":"https:\/\/sportseco.com\/index.php?rest_route=%2Fwp%2Fv2%2Fcomments&post=182207"}],"version-history":[{"count":1,"href":"https:\/\/sportseco.com\/index.php?rest_route=\/wp\/v2\/posts\/182207\/revisions"}],"predecessor-version":[{"id":182209,"href":"https:\/\/sportseco.com\/index.php?rest_route=\/wp\/v2\/posts\/182207\/revisions\/182209"}],"wp:featuredmedia":[{"embeddable":true,"href":"https:\/\/sportseco.com\/index.php?rest_route=\/wp\/v2\/media\/182208"}],"wp:attachment":[{"href":"https:\/\/sportseco.com\/index.php?rest_route=%2Fwp%2Fv2%2Fmedia&parent=182207"}],"wp:term":[{"taxonomy":"category","embeddable":true,"href":"https:\/\/sportseco.com\/index.php?rest_route=%2Fwp%2Fv2%2Fcategories&post=182207"},{"taxonomy":"post_tag","embeddable":true,"href":"https:\/\/sportseco.com\/index.php?rest_route=%2Fwp%2Fv2%2Ftags&post=182207"}],"curies":[{"name":"wp","href":"https:\/\/api.w.org\/{rel}","templated":true}]}}