{"id":182377,"date":"2025-03-12T16:22:19","date_gmt":"2025-03-12T20:22:19","guid":{"rendered":"https:\/\/sportseco.com\/?p=182377"},"modified":"2025-03-12T16:22:25","modified_gmt":"2025-03-12T20:22:25","slug":"almeida-contraataca-en-la-paris-niza","status":"publish","type":"post","link":"https:\/\/sportseco.com\/?p=182377","title":{"rendered":"Almeida contraataca en la Paris-Niza"},"content":{"rendered":"\n<p>La Loge des Gardes sigue sin sonre\u00edrle a Jonas Vingegaard. Al d\u00eda siguiente de una contrarreloj por equipos dominante con el Visma-Lease a Bike, la estrella danesa atac\u00f3 en el ascenso final de la cuarta etapa de la Par\u00eds-Niza 2025, al igual que lo hizo en las mismas cuestas en 2023. Segu\u00eda liderando hasta los \u00faltimos 200 metros\u2026 Pero, como ocurri\u00f3 hace un par de a\u00f1os, la subida result\u00f3 ser demasiado larga para Vingegaard, quien vio c\u00f3mo Jo\u00e3o Almeida daba la vuelta a la situaci\u00f3n para alzarse con la victoria tras una actuaci\u00f3n mediocre del UAE Team Emirates-XRG en la contrarreloj por equipos. El escalador portugu\u00e9s sigue los pasos de su l\u00edder, Tadej Pogacar, ganador en La Loge des Gardes en 2023. Tambi\u00e9n regresa a la lucha por la general, con la clasificaci\u00f3n general redefinida una vez m\u00e1s tras este primer desaf\u00edo de escalada. Vingegaard arrebata el maillot amarillo y blanco a su compa\u00f1ero Matteo Jorgenson, mientras que Mattias Skjelmose (Lidl-Trek) completa el podio ese d\u00eda y en la general. La carrera se vio moment\u00e1neamente interrumpida por las condiciones meteorol\u00f3gicas, pero los ciclistas pudieron reanudarla con buen tiempo.<\/p>\n\n\n\n<p>Par\u00eds-Niza 2025 &#8211; Etapa 4 &#8211; Resumen extendido<\/p>\n\n\n\n<p>El pelot\u00f3n afronta el primer reto de ascensi\u00f3n de la 83.\u00aa edici\u00f3n de la Carrera al Sol con un final en alto en La Loge des Gardes, en un ascenso de 6,7 km (pendiente media: 7,1%). \u00bfRedefinir\u00e1 la clasificaci\u00f3n general el d\u00eda despu\u00e9s de que Visma-Lease a Bike aprovechara al m\u00e1ximo la contrarreloj por equipos para impulsar a Matteo Jorgenson y Jonas Vingegaard a las dos primeras posiciones?<\/p>\n\n\n\n<p>Los numerosos altibajos del d\u00eda inspiran a los atacantes. Tras una feroz batalla por la escapada, ocho ciclistas lograron abrir hueco en el km 19: Ben Swift (Ineos Grenadiers), Thibault Guernalec (Ark\u00e9a B&amp;B Hotels), Vincenzo Albanese (EF Education-EasyPost), Andreas Leknessund (Uno-X Mobility), Sylvain Moniquet (Cofidis), Dion Smith (Intermarch\u00e9-Wanty), Thomas Gachignard (Total Energies) y Ed Planckaert (Alpecin-Deceuninck).<\/p>\n\n\n\n<p>Gachignard avanza, Buitrago se cae.<\/p>\n\n\n\n<p>Gachignard persigue los puntos de la clasificaci\u00f3n para defender el maillot de lunares de su compa\u00f1ero de equipo, Alexandre Delettre. Tras los atacantes, Edoardo Affini y Per Strande Hagenes (Visma-Lease a Bike) lideran el pelot\u00f3n para controlar la diferencia en torno a los 3 minutos.<\/p>\n\n\n\n<p>Cuando la ventaja de la escapada alcanza un m\u00e1ximo de 3&#8217;35\u00bb en el km 89, Santiago Buitrago (Bahrain Victorious) sufre un pinchazo y luego se cae mientras regresa al pelot\u00f3n. Se ve obligado a abandonar.<\/p>\n\n\n\n<p>Carrera neutralizada<\/p>\n\n\n\n<p>En la C\u00f4te de Granon, Joshua Tarling y Tobias Foss (Ineos Grenadiers) lanzan un contraataque, mientras que Dion Smith es abandonado por sus compa\u00f1eros de escapada.<\/p>\n\n\n\n<p>Las condiciones meteorol\u00f3gicas se complican mucho, con granizadas y carreteras resbaladizas, y la carrera se neutraliza a 45 kil\u00f3metros de la meta. En ese momento, los perseguidores se encontraban a 1&#8217;35\u00bb y el pelot\u00f3n a 2&#8217;20\u00bb.<\/p>\n\n\n\n<p>Amanece<\/p>\n\n\n\n<p>La acci\u00f3n se reanuda con las mismas diferencias y a 29 km de meta. Leknessund parte en cabeza, pero no consigue abrir m\u00e1s de 15\u00bb de diferencia y espera a sus perseguidores. Mientras tanto, Swift se rezaga para ayudar a Foss y Tarling. Lidl-Trek, Movistar y UAE Team Emirates se unen para liderar el pelot\u00f3n.<\/p>\n\n\n\n<p>Los tres Grenadiers alcanzan la escapada a 11 km de meta. Y el grupo explota en las primeras cuestas de la subida a La Loge des Gardes. Foss se lanza en solitario a 6 km de meta. Detr\u00e1s de \u00e9l, Mads Pedersen (Lidl-Trek) lo persigue con fuerza y \u200b\u200breduce la diferencia a 30\u00bb.<\/p>\n\n\n\n<p>Vingegaard casi lo consigue.<\/p>\n\n\n\n<p>Varios ciclistas se mueven en el pelot\u00f3n: Florian Lipowitz (Red Bull-Bora-Hansgrohe), Pablo Castrillo (Movistar), Lenny Martinez (Bahrain Victorious)\u2026 Pero Jonas Vingegaard (Visma-Lease a Bike) contraataca y los adelanta a todos a 2 kil\u00f3metros de meta.<\/p>\n\n\n\n<p>En el \u00faltimo kil\u00f3metro, tiene una ventaja de 7\u2019\u2019\u2026 Pero eso no es suficiente para resistir el fuerte empuje de Jo\u00e3o Almeida en los \u00faltimos 200 metros. El l\u00edder portugu\u00e9s del UAE Team Emirates-XRG alcanza al dan\u00e9s en los \u00faltimos 100 metros y consigue su primera victoria en territorio franc\u00e9s.<\/p>\n","protected":false},"excerpt":{"rendered":"<p>La Loge des Gardes sigue sin sonre\u00edrle a Jonas Vingegaard. Al d\u00eda siguiente de una contrarreloj por equipos dominante con el Visma-Lease a Bike, la estrella danesa atac\u00f3 en el ascenso final de la cuarta etapa de la Par\u00eds-Niza 2025, al igual que lo hizo en las mismas cuestas en 2023. Segu\u00eda liderando hasta los [&hellip;]<\/p>\n","protected":false},"author":1,"featured_media":182378,"comment_status":"closed","ping_status":"closed","sticky":false,"template":"","format":"standard","meta":{"_acf_changed":false,"_jetpack_memberships_contains_paid_content":false,"footnotes":"","jetpack_publicize_message":"","jetpack_publicize_feature_enabled":true,"jetpack_social_post_already_shared":true,"jetpack_social_options":{"image_generator_settings":{"template":"highway","default_image_id":0,"font":"","enabled":false},"version":2}},"categories":[14],"tags":[],"class_list":["post-182377","post","type-post","status-publish","format-standard","has-post-thumbnail","hentry","category-ciclismo"],"acf":[],"jetpack_publicize_connections":[],"jetpack_featured_media_url":"https:\/\/i0.wp.com\/sportseco.com\/wp-content\/uploads\/2025\/03\/cdd81.jpeg?fit=2400%2C828&ssl=1","jetpack_sharing_enabled":true,"_links":{"self":[{"href":"https:\/\/sportseco.com\/index.php?rest_route=\/wp\/v2\/posts\/182377","targetHints":{"allow":["GET"]}}],"collection":[{"href":"https:\/\/sportseco.com\/index.php?rest_route=\/wp\/v2\/posts"}],"about":[{"href":"https:\/\/sportseco.com\/index.php?rest_route=\/wp\/v2\/types\/post"}],"author":[{"embeddable":true,"href":"https:\/\/sportseco.com\/index.php?rest_route=\/wp\/v2\/users\/1"}],"replies":[{"embeddable":true,"href":"https:\/\/sportseco.com\/index.php?rest_route=%2Fwp%2Fv2%2Fcomments&post=182377"}],"version-history":[{"count":1,"href":"https:\/\/sportseco.com\/index.php?rest_route=\/wp\/v2\/posts\/182377\/revisions"}],"predecessor-version":[{"id":182379,"href":"https:\/\/sportseco.com\/index.php?rest_route=\/wp\/v2\/posts\/182377\/revisions\/182379"}],"wp:featuredmedia":[{"embeddable":true,"href":"https:\/\/sportseco.com\/index.php?rest_route=\/wp\/v2\/media\/182378"}],"wp:attachment":[{"href":"https:\/\/sportseco.com\/index.php?rest_route=%2Fwp%2Fv2%2Fmedia&parent=182377"}],"wp:term":[{"taxonomy":"category","embeddable":true,"href":"https:\/\/sportseco.com\/index.php?rest_route=%2Fwp%2Fv2%2Fcategories&post=182377"},{"taxonomy":"post_tag","embeddable":true,"href":"https:\/\/sportseco.com\/index.php?rest_route=%2Fwp%2Fv2%2Ftags&post=182377"}],"curies":[{"name":"wp","href":"https:\/\/api.w.org\/{rel}","templated":true}]}}