{"id":182801,"date":"2025-03-19T07:49:19","date_gmt":"2025-03-19T11:49:19","guid":{"rendered":"https:\/\/sportseco.com\/?p=182801"},"modified":"2025-03-19T07:49:23","modified_gmt":"2025-03-19T11:49:23","slug":"dia-del-padre-19-de-marzo","status":"publish","type":"post","link":"https:\/\/sportseco.com\/?p=182801","title":{"rendered":"D\u00eda del Padre, 19 de marzo"},"content":{"rendered":"\n<h2 class=\"wp-block-heading\" id=\"resTit_1\">\u00bfCu\u00e1ndo es el D\u00eda del Padre?<\/h2>\n\n\n\n<p>El&nbsp;<strong>D\u00eda del Padre<\/strong>&nbsp;se celebra el 19 de marzo en los pa\u00edses de tradici\u00f3n cat\u00f3lica europea por coincidir con el&nbsp;<a href=\"https:\/\/www.diainternacionalde.com\/santoral\/san-jose\" target=\"_blank\" rel=\"noreferrer noopener\"><strong>D\u00eda de San Jos\u00e9<\/strong><\/a>.<\/p>\n\n\n\n<p>Varios pa\u00edses europeos, como Francia o Reino Unido y la mayor\u00eda de pa\u00edses iberoamericanos adoptaron la fecha estadounidense, por lo que actualmente festejan el D\u00eda del Padre&nbsp;<strong>el tercer domingo de junio<\/strong>.<\/p>\n\n\n\n<p>Estos pa\u00edses dejan para el 19 de marzo la celebraci\u00f3n del&nbsp;<strong><a href=\"https:\/\/www.diainternacionalde.com\/ficha\/dia-internacional-del-hombre\">D\u00eda Internacional del Hombre<\/a><\/strong>, tomando como ejemplo a San Jos\u00e9. No obstante, la fecha del&nbsp;<strong><a href=\"https:\/\/www.diainternacionalde.com\/ficha\/dia-internacional-del-hombre\">D\u00eda del Hombre<\/a><\/strong>&nbsp;se celebra internacionalmente en noviembre, y no en marzo.<\/p>\n\n\n\n<p>En Rusia, el D\u00eda del Padre coincide con el&nbsp;<strong>D\u00eda de los Defensores de la Patria<\/strong>&nbsp;el 23 de febrero, mientras que en Libia, Jordania y Palestina coincide con el primer d\u00eda del verano, el 21 de junio.<\/p>\n\n\n\n<h2 class=\"wp-block-heading\" id=\"resTit_2\">El origen del D\u00eda del Padre, \u00bfpor qu\u00e9 se celebra?<\/h2>\n\n\n\n<p>La idea de crear el&nbsp;<strong>D\u00eda del Padre<\/strong>&nbsp;surgi\u00f3 en Estados Unidos, concretamente en 1910, cuando una mujer llamada&nbsp;<strong>Sonora Smart Dodd<\/strong>&nbsp;quiso rendir homenaje a su padre que hab\u00eda criado en solitario a ella y a sus cinco hermanos, en una granja del estado de Washington. A Sonora se le ocurri\u00f3 la idea, mientras escuchaba un serm\u00f3n sobre el D\u00eda de la Madre en la Iglesia. Propuso la fecha para el 5 de junio, que era el cumplea\u00f1os de su padre.<\/p>\n\n\n\n<figure class=\"wp-block-embed is-type-rich is-provider-gestor-del-servicio wp-block-embed-gestor-del-servicio wp-embed-aspect-16-9 wp-has-aspect-ratio\"><div class=\"wp-block-embed__wrapper\">\n<iframe loading=\"lazy\" title=\"Una lecci\u00f3n de Amor Verdadero. Especial d\u00eda del padre.- JUAN LLORCA\" width=\"640\" height=\"360\" src=\"https:\/\/www.youtube.com\/embed\/Z-8X_7ez-N4?feature=oembed\" frameborder=\"0\" allow=\"accelerometer; autoplay; clipboard-write; encrypted-media; gyroscope; picture-in-picture; web-share\" referrerpolicy=\"strict-origin-when-cross-origin\" allowfullscreen><\/iframe>\n<\/div><\/figure>\n\n\n\n<p>Los ni\u00f1os hablan de su pap\u00e1 por Juan Llorca<\/p>\n\n\n\n<p>En 1924 llego la primera declaraci\u00f3n oficial por parte del presidente Calvin Coolidge que apoy\u00f3 la idea de establecer un d\u00eda nacional del padre.<\/p>\n\n\n\n<p>No fue hasta 1966 cuando lleg\u00f3 la declaraci\u00f3n definitiva del presidente Lyndon Johnson, estableciendo la fecha de la efem\u00e9ride en Estados Unidos para el tercer domingo de junio.<\/p>\n\n\n\n<p>La celebraci\u00f3n fue ganando adeptos y se extendi\u00f3 por todo el mundo, eso s\u00ed, con diferentes fechas y tradiciones.<\/p>\n\n\n\n<figure class=\"wp-block-image\"><img data-recalc-dims=\"1\" decoding=\"async\" src=\"https:\/\/i0.wp.com\/www.diainternacionalde.com\/imagenes\/dias\/marzo\/03-19_dia-del-padre_bicicleta_s.jpg?w=640&#038;ssl=1\" alt=\"Imagen de Sasin Tipchai\" title=\"Imagen de Sasin Tipchai\"\/><figcaption class=\"wp-element-caption\"><br \/>Imagen de\u00a0<a href=\"https:\/\/pixabay.com\/es\/users\/sasint-3639875\/?utm_source=link-attribution&amp;utm_medium=referral&amp;utm_campaign=image&amp;utm_content=1822528\">Sasin Tipchai<\/a>\u00a0en Pixabay.<\/figcaption><\/figure>\n\n\n\n<h2 class=\"wp-block-heading\" id=\"resTit_4\">Pel\u00edculas para ver el D\u00eda del Padre<\/h2>\n\n\n\n<p>A continuaci\u00f3n mostramos algunos t\u00edtulos de pel\u00edculas que reflejan las relaciones entre padres e hijos, para disfrutar y reflexionar en familia:<\/p>\n\n\n\n<ul class=\"wp-block-list\">\n<li><em><strong>Cuesti\u00f3n de Sangre (EEUU. Director: Tom McCarthy. A\u00f1o 2021):\u00a0<\/strong><\/em>un operario de una plataforma petrol\u00edfera ubicada en Estados Unidos viajar\u00e1 a Marsella a demostrar la inocencia de su hija, quien est\u00e1 en prisi\u00f3n por un asesinato que no ha cometido.<\/li>\n\n\n\n<li><strong><em>El Padre (EEUU. Directora: Florian Zeller. A\u00f1o 2020):<\/em><\/strong>\u00a0un hombre de 80 a\u00f1os vive solo y ha rechazado todas las cuidadoras contratadas por su hija. Ella se encuentra en la disyuntiva de dejar a su padre vivir su vida a su manera o ver como se deteriora progresivamente.<\/li>\n\n\n\n<li><em><strong>La Cita Navide\u00f1a de Pap\u00e1 (Reino Unido. Director: Mick Davis. A\u00f1o 2020):<\/strong><\/em>\u00a0un padre trata de lidiar con una p\u00e9rdida devastadora y la relaci\u00f3n con su hija adolescente. Ella intentar\u00e1 ayudarlo a trav\u00e9s de una plataforma de citas sentimentales.<\/li>\n\n\n\n<li><em><strong>Padre no Hay M\u00e1s que Uno (Espa\u00f1a. Director: Santiago Segura. A\u00f1o 2019):<\/strong><\/em>\u00a0en esta divertida comedia familiar un padre de 5 hijos deber\u00e1 hacerse cargo de la casa, despu\u00e9s de que su esposa se va de viaje. Resultar\u00e1 una tarea m\u00e1s complicada de lo que esperaba.<\/li>\n\n\n\n<li><em><strong>La Canci\u00f3n de mi Padre (EEUU. Director: Andrew Erwin. A\u00f1o 2018):<\/strong><\/em>\u00a0el l\u00edder de una banda de Gospel, logra un gran \u00e9xito musical. Esta canci\u00f3n refleja la dura relaci\u00f3n que tuvo con su padre, debiendo reconciliarse con su pasado.<\/li>\n\n\n\n<li><em><strong>El Hijo de Jean (Francia. Director: Phillippe Lioret. A\u00f1o 2016):<\/strong><\/em>\u00a0un hombre que nunca conoci\u00f3 a su padre recibe una llamada de un desconocido desde Canad\u00e1. Dice haber conocido a su padre fallecido, quien le dej\u00f3 un cuadro como herencia.<\/li>\n\n\n\n<li><em><strong>En Busca de la Felicidad (EEUU. Director: Gabriele Muccino. A\u00f1o 2006):<\/strong><\/em>\u00a0un vendedor con muchas dificultades econ\u00f3micas se hace cargo de su hijo. Deber\u00e1n afrontar por adversidades hasta lograr alcanzar su sue\u00f1o de una vida mejor.<\/li>\n\n\n\n<li><em><strong>Big Fish (EEUU. Director: Tim Burton. A\u00f1o 2003):\u00a0<\/strong><\/em>un hombre no tiene una buena relaci\u00f3n con su padre, pero al enterarse que padece de una enfermedad terminal regresar\u00e1 a su hogar para compartir sus \u00faltimos momentos.<\/li>\n\n\n\n<li><em><strong>Yo soy Sam (EEUU. Director: Jessie Nelson. A\u00f1o 2001):\u00a0<\/strong><\/em>un hombre con deficiencias mentales es el padre de una adorable e inteligente ni\u00f1a de 7 a\u00f1os. Deber\u00e1 demostrar legalmente que est\u00e1 capacitado para criar a su hija.<\/li>\n\n\n\n<li><em><strong>La Habitaci\u00f3n del Hijo (Italia. Director: Nanni Moretti. A\u00f1o 2001):\u00a0<\/strong><\/em>una familia que vive al norte de Italia sufre la terrible p\u00e9rdida de su hijo. El padre, un psicoanalista, se siente culpable y devastado por su muerte.<\/li>\n\n\n\n<li><em><strong>La Vida es Bella (Italia. Director: Roberto Benigni. A\u00f1o 1997):<\/strong><\/em>\u00a0en la \u00e9poca del inicio de la Segunda Guerra Mundial un hombre, su esposa y su peque\u00f1o hijo son internados en un campo de exterminio. El har\u00e1 todo lo posible por atenuar esta terrible situaci\u00f3n ante su hijo.<\/li>\n\n\n\n<li><em><strong>Mrs. Doubtfire: Pap\u00e1 por Siempre (EEUU. Director: Chris Columbus. A\u00f1o 1993):\u00a0<\/strong><\/em>despu\u00e9s del proceso de divorcio un padre pierde la custodia de sus hijos por su inmadurez. Tratar\u00e1 de acercarse a ellos haci\u00e9ndose pasar por una amable cuidadora de ni\u00f1os.<\/li>\n<\/ul>\n\n\n\n<h2 class=\"wp-block-heading\" id=\"resTit_5\">\u00bfQu\u00e9 hacer para celebrar el D\u00eda del Padre?<\/h2>\n\n\n\n<p>Cualquier acto que le demuestre a tu padre que te acuerdas de \u00e9l y que lo aprecias ser\u00e1 m\u00e1s que suficiente para hacerle feliz. Si est\u00e1s lejos, una llamada, y si vives en la misma ciudad o a poca distancia, quiz\u00e1s puedas hacerle una visita, invitarlo a comer o hacer alguna actividad que os guste a todos.<\/p>\n\n\n\n<p>En Espa\u00f1a es tradici\u00f3n reunirse en familia con los padres, los abuelos, los bisabuelos, y darles alg\u00fan presente que simbolice nuestro amor por ellos. En los colegios, los ni\u00f1os suelen hacer manualidades para regalar a pap\u00e1 y las madres suelen comprar regalos del D\u00eda del Padre para obsequiar al pap\u00e1 de parte del beb\u00e9.<\/p>\n\n\n\n<p><\/p>\n\n\n\n<p>Aunque seguramente se contentar\u00e1 con que vayas a visitarlo y le des un abrazo, tambi\u00e9n puedes regalarle alg\u00fan detalle bonito, como una foto familiar enmarcada, imanes de foto para la nevera, un libro, un disco o algo que le guste.<\/p>\n\n\n\n<p>A nadie le amarga un dulce.<a href=\"https:\/\/amzn.to\/3HWkZNc\" target=\"_blank\" rel=\"noreferrer noopener\"><strong>Aqu\u00ed te dejamos ideas muy originales para regalar a tu padre, \u00a1seguro que encuentras el regalo ideal para \u00e9l!<\/strong><\/a><\/p>\n\n\n\n<p>Y si prefieres un regalo personalizado,&nbsp;<a href=\"https:\/\/wanapix.es\/regalos-personalizados-dia-del-padre\" target=\"_blank\" rel=\"noreferrer noopener\"><strong>\u00a1aqu\u00ed tienes m\u00e1s ideas!<\/strong><\/a><\/p>\n\n\n\n<p>Si no tienes la suerte de tener a tu padre siempre podr\u00e1s recordar los d\u00edas de playa o de campo cuando eras peque\u00f1a o peque\u00f1o, los detalles del d\u00eda a d\u00eda, ver alguna foto, o videos y dar gracias por ense\u00f1arte todo lo que aprendiste de \u00e9l.<\/p>\n\n\n\n<p>Tambi\u00e9n puedes compartir reflexiones, memes, fotos o frases para el&nbsp;<strong>D\u00eda del Padre<\/strong>&nbsp;en las redes sociales, con las etiquetas&nbsp;<strong>#D\u00edadelPadre<\/strong>&nbsp;<strong>#FelicidadesPapa<\/strong>&nbsp;<strong>#FelizD\u00edadelPadre<\/strong><\/p>\n\n\n\n<p><strong>\u00a1Feliz D\u00eda del Padre!<\/strong><\/p>\n\n\n\n<p><\/p>\n\n\n\n<p><\/p>\n\n\n\n<p>diainternacionalde.com<\/p>\n","protected":false},"excerpt":{"rendered":"<p>\u00bfCu\u00e1ndo es el D\u00eda del Padre? El&nbsp;D\u00eda del Padre&nbsp;se celebra el 19 de marzo en los pa\u00edses de tradici\u00f3n cat\u00f3lica europea por coincidir con el&nbsp;D\u00eda de San Jos\u00e9. Varios pa\u00edses europeos, como Francia o Reino Unido y la mayor\u00eda de pa\u00edses iberoamericanos adoptaron la fecha estadounidense, por lo que actualmente festejan el D\u00eda del Padre&nbsp;el [&hellip;]<\/p>\n","protected":false},"author":1,"featured_media":182803,"comment_status":"closed","ping_status":"closed","sticky":false,"template":"","format":"standard","meta":{"_acf_changed":false,"_jetpack_memberships_contains_paid_content":false,"footnotes":"","jetpack_publicize_message":"","jetpack_publicize_feature_enabled":true,"jetpack_social_post_already_shared":true,"jetpack_social_options":{"image_generator_settings":{"template":"highway","default_image_id":0,"font":"","enabled":false},"version":2}},"categories":[6],"tags":[],"class_list":["post-182801","post","type-post","status-publish","format-standard","has-post-thumbnail","hentry","category-ecologia"],"acf":[],"jetpack_publicize_connections":[],"jetpack_featured_media_url":"https:\/\/i0.wp.com\/sportseco.com\/wp-content\/uploads\/2025\/03\/03-19_dia-del-padre_bicicleta_m.jpg?fit=650%2C427&ssl=1","jetpack_sharing_enabled":true,"_links":{"self":[{"href":"https:\/\/sportseco.com\/index.php?rest_route=\/wp\/v2\/posts\/182801","targetHints":{"allow":["GET"]}}],"collection":[{"href":"https:\/\/sportseco.com\/index.php?rest_route=\/wp\/v2\/posts"}],"about":[{"href":"https:\/\/sportseco.com\/index.php?rest_route=\/wp\/v2\/types\/post"}],"author":[{"embeddable":true,"href":"https:\/\/sportseco.com\/index.php?rest_route=\/wp\/v2\/users\/1"}],"replies":[{"embeddable":true,"href":"https:\/\/sportseco.com\/index.php?rest_route=%2Fwp%2Fv2%2Fcomments&post=182801"}],"version-history":[{"count":1,"href":"https:\/\/sportseco.com\/index.php?rest_route=\/wp\/v2\/posts\/182801\/revisions"}],"predecessor-version":[{"id":182804,"href":"https:\/\/sportseco.com\/index.php?rest_route=\/wp\/v2\/posts\/182801\/revisions\/182804"}],"wp:featuredmedia":[{"embeddable":true,"href":"https:\/\/sportseco.com\/index.php?rest_route=\/wp\/v2\/media\/182803"}],"wp:attachment":[{"href":"https:\/\/sportseco.com\/index.php?rest_route=%2Fwp%2Fv2%2Fmedia&parent=182801"}],"wp:term":[{"taxonomy":"category","embeddable":true,"href":"https:\/\/sportseco.com\/index.php?rest_route=%2Fwp%2Fv2%2Fcategories&post=182801"},{"taxonomy":"post_tag","embeddable":true,"href":"https:\/\/sportseco.com\/index.php?rest_route=%2Fwp%2Fv2%2Ftags&post=182801"}],"curies":[{"name":"wp","href":"https:\/\/api.w.org\/{rel}","templated":true}]}}