{"id":182814,"date":"2025-03-19T08:18:23","date_gmt":"2025-03-19T12:18:23","guid":{"rendered":"https:\/\/sportseco.com\/?p=182814"},"modified":"2025-03-19T08:18:31","modified_gmt":"2025-03-19T12:18:31","slug":"javier-aguirre-mexico-esta-preparado-para-ganarle-a-canada","status":"publish","type":"post","link":"https:\/\/sportseco.com\/?p=182814","title":{"rendered":"Javier Aguirre: \u00abM\u00e9xico est\u00e1 preparado para ganarle a Canad\u00e1\u201d"},"content":{"rendered":"\n<h4 class=\"wp-block-heading\"><em>El t\u00e9cnico tricolor conf\u00eda en el potencial de la Selecci\u00f3n Nacional de M\u00e9xico para llegar a la Final de la Liga de Naciones.<\/em><\/h4>\n\n\n\n<p><strong>Javier Aguirre<\/strong>&nbsp;dej\u00f3 en claro que la&nbsp;<a href=\"https:\/\/miseleccion.mx\/noticias\/seleccion-mayor\" target=\"_blank\" rel=\"noreferrer noopener\"><strong>Selecci\u00f3n Nacional de M\u00e9xico<\/strong><\/a>&nbsp;est\u00e1 lista para afrontar el desaf\u00edo de la&nbsp;<strong>Liga de Naciones de la CONCACAF<\/strong>. En la conferencia de prensa previa a la&nbsp;<a href=\"https:\/\/miseleccion.mx\/noticias\/5899\/LA-PREVIA-%7C-M%C3%A9xico-se-medir%C3%A1-ente-Canad%C3%A1-en-las-semifinales-de-la-Liga-de-Naciones\" target=\"_blank\" rel=\"noreferrer noopener\">Semifinal contra&nbsp;<strong>Canad\u00e1<\/strong><\/a>, el t\u00e9cnico tricolor habl\u00f3 sobre la presi\u00f3n, el rival y la actitud del equipo.<\/p>\n\n\n\n<p><strong>Presi\u00f3n y expectativas<\/strong><\/p>\n\n\n\n<p>\u201c<strong>La presi\u00f3n siempre existe en Selecci\u00f3n Nacional<\/strong>, el d\u00eda que no exista es porque algo anda mal.&nbsp;<strong>La presi\u00f3n por hacer un buen papel y ganar torneos siempre es latente en la Selecci\u00f3n<\/strong>, los entrenadores sabemos a lo que nos exponemos, evidentemente dependemos de los resultados.&nbsp;<strong>Como entrenamos de la Selecci\u00f3n, pensamos en ganar siempre<\/strong>\u201d.<\/p>\n\n\n\n<p><strong>Respeto a Canad\u00e1<\/strong><\/p>\n\n\n\n<p>El t\u00e9cnico destac\u00f3 el crecimiento de&nbsp;<strong>Canad\u00e1<\/strong>&nbsp;como selecci\u00f3n, y advirti\u00f3 que no ser\u00e1 un rival nada f\u00e1cil. \u201c<strong>No es esa Canad\u00e1 de hace a\u00f1os<\/strong>,&nbsp;<strong>ahora Canad\u00e1 es un rival de mucho respeto<\/strong>\u201d, se\u00f1al\u00f3. \u201cEstamos enfocados en ello, no pensamos m\u00e1s all\u00e1 de esos 90 minutos\u201d, agreg\u00f3 Aguirre, al tiempo que resalt\u00f3 el juego a\u00e9reo, la t\u00e1ctica fija y las transiciones ofensivas del equipo canadiense.<\/p>\n\n\n\n<p><strong>Confianza en la victoria<\/strong><\/p>\n\n\n\n<p>A pesar del respeto al rival norteamericano, el&nbsp;<strong>Vasco<\/strong>&nbsp;<strong>Aguirre<\/strong>&nbsp;conf\u00eda en que la&nbsp;<strong>Selecci\u00f3n Nacional de M\u00e9xico<\/strong>&nbsp;puede ganar el partido y avanzar a la Final de la Liga de Naciones de la CONCACAF.<\/p>\n\n\n\n<p>\u201cTenemos que jugar bien al futbol, tenemos que llevar a cabo el plan de juego,&nbsp;<strong>tenemos que hacer un partido perfecto contra Canad\u00e1 si queremos pasar a la siguiente ronda<\/strong>, no equivocarnos en los peque\u00f1os detalles.&nbsp;<strong>M\u00e9xico est\u00e1 preparado y capacitado para ganarle a Canad\u00e1, eso lo creo de verdad<\/strong>; ellos luchar\u00e1n por sus intereses, pero&nbsp;<strong>si hacemos el partido que estamos planeando<\/strong>&nbsp;<strong>podemos meternos a la Final de esta competici\u00f3n<\/strong>.<\/p>\n\n\n\n<p>\u201cLa idea nuestra es ganar (el torneo). Despu\u00e9s de ver al grupo estos entrenamientos,&nbsp;<strong>esa actitud de algunos que han estado en estos partidos y tiene esas ganas de revertir esta situaci\u00f3n<\/strong>\u201d, sentenci\u00f3 el t\u00e9cnico.<\/p>\n\n\n\n<p><a href=\"https:\/\/miseleccion.mx\/noticias\/5885\/Convocatoria-de-la-Selecci%C3%B3n-Nacional-de-M%C3%A9xico-para-el-Final-Four-de-Liga-de-Naciones-CONCACAF\" target=\"_blank\" rel=\"noreferrer noopener\"><strong>VER M\u00c1S:&nbsp;<\/strong><strong>Convocatoria de la Selecci\u00f3n Nacional de M\u00e9xico para el Final Four de Liga de Naciones CONCACAF<\/strong><\/a><\/p>\n\n\n\n<p><strong>Actitud e intensidad<\/strong><\/p>\n\n\n\n<p>Cuestionado sobre la&nbsp;<strong>actitud<\/strong>&nbsp;y la&nbsp;<strong>intensidad<\/strong>,&nbsp;<strong>Javier Aguirre<\/strong>&nbsp;dej\u00f3 en claro que son elementos que deben estar presentes en su equipo.&nbsp;<strong>\u201cEso es innegociable, en mi estilo de vida vinculado al futbol\u201d<\/strong>, enfatiz\u00f3. \u201cEs inherente a mi persona el luchar, el correr, el compromiso, el meter, eso es algo que llevo en la sangre y eso lo transmito\u201d.<\/p>\n\n\n\n<p>Bajo ese contexto, el t\u00e9cnico tambi\u00e9n destac\u00f3 la importancia de que los jugadores representen al pa\u00eds con orgullo y dejen todo en la cancha.<\/p>\n\n\n\n<p>\u201cNuestra obligaci\u00f3n es que la gente se vaya orgullosa de lo que vio, de que se vea representada en el juego, es salir a dejarlo todo, as\u00ed entiendo el futbol (\u2026)&nbsp;<strong>He perdido muchos partidos, por supuesto, pero siempre con la cara arriba<\/strong>&nbsp;(\u2026) Con la&nbsp;<strong>Selecci\u00f3n Mexicana<\/strong>&nbsp;todas las competiciones tenemos salir a ganarlas, eso est\u00e1 claro\u201d, apunt\u00f3.<\/p>\n\n\n\n<p><strong>Ra\u00fal Jim\u00e9nez y Santiago Gim\u00e9nez<\/strong><\/p>\n\n\n\n<p><strong>Aguirre<\/strong>&nbsp;habl\u00f3 sobre la competencia entre&nbsp;<strong>Ra\u00fal Jim\u00e9nez<\/strong>&nbsp;y&nbsp;<strong>Santiago Gimenez<\/strong>&nbsp;por un puesto en la delantera. \u201cLos entrenadores pensamos siempre en lo mejor para el equipo\u201d, explic\u00f3. \u201cUna vez que tenemos a todos, tenemos que tomar decisiones en funci\u00f3n al rival\u201d, agreg\u00f3 el t\u00e9cnico.<\/p>\n\n\n\n<p>\u201c\u00bfQu\u00e9 si caben los dos?&nbsp;<strong>Por supuesto que caben en el mismo esquema t\u00e1ctico<\/strong>, luego veremos si somos capaces de encontrarles el sitio.&nbsp;<strong>No me quita el sue\u00f1o<\/strong>, porque tenemos dos buenos jugadores en esa misma posici\u00f3n. Los dos est\u00e1n en buena forma y con gran actitud. \u00bfPueden iniciar los dos? Claro que s\u00ed\u201d, declar\u00f3 el&nbsp;<strong>Vasco<\/strong>.<\/p>\n\n\n\n<p><\/p>\n\n\n\n<p><\/p>\n\n\n\n<p>fmf.mx<\/p>\n","protected":false},"excerpt":{"rendered":"<p>El t\u00e9cnico tricolor conf\u00eda en el potencial de la Selecci\u00f3n Nacional de M\u00e9xico para llegar a la Final de la Liga de Naciones. Javier Aguirre&nbsp;dej\u00f3 en claro que la&nbsp;Selecci\u00f3n Nacional de M\u00e9xico&nbsp;est\u00e1 lista para afrontar el desaf\u00edo de la&nbsp;Liga de Naciones de la CONCACAF. En la conferencia de prensa previa a la&nbsp;Semifinal contra&nbsp;Canad\u00e1, el t\u00e9cnico [&hellip;]<\/p>\n","protected":false},"author":1,"featured_media":182815,"comment_status":"closed","ping_status":"closed","sticky":false,"template":"","format":"standard","meta":{"_acf_changed":false,"_jetpack_memberships_contains_paid_content":false,"footnotes":"","jetpack_publicize_message":"","jetpack_publicize_feature_enabled":true,"jetpack_social_post_already_shared":true,"jetpack_social_options":{"image_generator_settings":{"template":"highway","default_image_id":0,"font":"","enabled":false},"version":2}},"categories":[5],"tags":[],"class_list":["post-182814","post","type-post","status-publish","format-standard","has-post-thumbnail","hentry","category-futbol"],"acf":[],"jetpack_publicize_connections":[],"jetpack_featured_media_url":"https:\/\/i0.wp.com\/sportseco.com\/wp-content\/uploads\/2025\/03\/MSMX_22284.jpg?fit=1495%2C550&ssl=1","jetpack_sharing_enabled":true,"_links":{"self":[{"href":"https:\/\/sportseco.com\/index.php?rest_route=\/wp\/v2\/posts\/182814","targetHints":{"allow":["GET"]}}],"collection":[{"href":"https:\/\/sportseco.com\/index.php?rest_route=\/wp\/v2\/posts"}],"about":[{"href":"https:\/\/sportseco.com\/index.php?rest_route=\/wp\/v2\/types\/post"}],"author":[{"embeddable":true,"href":"https:\/\/sportseco.com\/index.php?rest_route=\/wp\/v2\/users\/1"}],"replies":[{"embeddable":true,"href":"https:\/\/sportseco.com\/index.php?rest_route=%2Fwp%2Fv2%2Fcomments&post=182814"}],"version-history":[{"count":1,"href":"https:\/\/sportseco.com\/index.php?rest_route=\/wp\/v2\/posts\/182814\/revisions"}],"predecessor-version":[{"id":182816,"href":"https:\/\/sportseco.com\/index.php?rest_route=\/wp\/v2\/posts\/182814\/revisions\/182816"}],"wp:featuredmedia":[{"embeddable":true,"href":"https:\/\/sportseco.com\/index.php?rest_route=\/wp\/v2\/media\/182815"}],"wp:attachment":[{"href":"https:\/\/sportseco.com\/index.php?rest_route=%2Fwp%2Fv2%2Fmedia&parent=182814"}],"wp:term":[{"taxonomy":"category","embeddable":true,"href":"https:\/\/sportseco.com\/index.php?rest_route=%2Fwp%2Fv2%2Fcategories&post=182814"},{"taxonomy":"post_tag","embeddable":true,"href":"https:\/\/sportseco.com\/index.php?rest_route=%2Fwp%2Fv2%2Ftags&post=182814"}],"curies":[{"name":"wp","href":"https:\/\/api.w.org\/{rel}","templated":true}]}}