{"id":182817,"date":"2025-03-19T08:24:37","date_gmt":"2025-03-19T12:24:37","guid":{"rendered":"https:\/\/sportseco.com\/?p=182817"},"modified":"2025-03-19T08:26:10","modified_gmt":"2025-03-19T12:26:10","slug":"seleccion-realiza-primer-entrenamiento-con-grupo-completo-en-brasilia","status":"publish","type":"post","link":"https:\/\/sportseco.com\/?p=182817","title":{"rendered":"Selecci\u00f3n realiza primer entrenamiento con grupo completo en Brasilia"},"content":{"rendered":"\n<p>La selecci\u00f3n brasile\u00f1a realiz\u00f3 este martes por la tarde (18) su primer entrenamiento con el grupo completo de cara al partido contra Colombia. Los 23 jugadores convocados saltaron al campo en el Estadio Valdir Campelo Bezerra, conocido como Bezerr\u00e3o, en Gama (DF).<\/p>\n\n\n\n<p>Este mi\u00e9rcoles (19), d\u00eda antes del partido, el entrenamiento tendr\u00e1 lugar en el propio recinto del partido, a las 17 horas. Antes, a las 15:45 horas, el entrenador Dorival Jr. dar\u00e1 una entrevista en la sala de prensa del estadio.<\/p>\n\n\n\n<p>Dorival Jr. atento durante el entrenamiento con la Selecci\u00f3n Brasile\u00f1a en Bezerr\u00e3o<br \/>Cr\u00e9ditos: Rafael Ribeiro\/CBF<\/p>\n\n\n\n<p>Amarelinha se enfrenta a Colombia a las 21:45 horas de este jueves (20), en el Man\u00e9 Garrincha, en la capital federal. El partido ser\u00e1 v\u00e1lido por la jornada 13 de las Eliminatorias Mundialistas y tendr\u00e1 entradas agotadas. Seg\u00fan los precios parciales de entradas publicados por Man\u00e9 Garrincha, las entradas estaban agotadas. Se esperan m\u00e1s de 60 mil personas al duelo.<\/p>\n\n\n\n<p>Tambi\u00e9n en esta Fecha FIFA, Brasil se enfrentar\u00e1 a Argentina, el pr\u00f3ximo martes (25), a las 21 horas (hora de Brasilia), en el Monumental de Nu\u00f1ez, en Buenos Aires, la capital argentina, por la 14\u00aa jornada.<\/p>\n\n\n\n<p><\/p>\n\n\n\n<p><\/p>\n\n\n\n<p>cbf.com.co<\/p>\n","protected":false},"excerpt":{"rendered":"<p>La selecci\u00f3n brasile\u00f1a realiz\u00f3 este martes por la tarde (18) su primer entrenamiento con el grupo completo de cara al partido contra Colombia. Los 23 jugadores convocados saltaron al campo en el Estadio Valdir Campelo Bezerra, conocido como Bezerr\u00e3o, en Gama (DF). Este mi\u00e9rcoles (19), d\u00eda antes del partido, el entrenamiento tendr\u00e1 lugar en el [&hellip;]<\/p>\n","protected":false},"author":1,"featured_media":182818,"comment_status":"closed","ping_status":"closed","sticky":false,"template":"","format":"standard","meta":{"_acf_changed":false,"_jetpack_memberships_contains_paid_content":false,"footnotes":"","jetpack_publicize_message":"","jetpack_publicize_feature_enabled":true,"jetpack_social_post_already_shared":true,"jetpack_social_options":{"image_generator_settings":{"template":"highway","default_image_id":0,"font":"","enabled":false},"version":2}},"categories":[5],"tags":[],"class_list":["post-182817","post","type-post","status-publish","format-standard","has-post-thumbnail","hentry","category-futbol"],"acf":[],"jetpack_publicize_connections":[],"jetpack_featured_media_url":"https:\/\/i0.wp.com\/sportseco.com\/wp-content\/uploads\/2025\/03\/db830b23-3677-4739-a05d-0978942a8928.png?fit=4160%2C2277&ssl=1","jetpack_sharing_enabled":true,"_links":{"self":[{"href":"https:\/\/sportseco.com\/index.php?rest_route=\/wp\/v2\/posts\/182817","targetHints":{"allow":["GET"]}}],"collection":[{"href":"https:\/\/sportseco.com\/index.php?rest_route=\/wp\/v2\/posts"}],"about":[{"href":"https:\/\/sportseco.com\/index.php?rest_route=\/wp\/v2\/types\/post"}],"author":[{"embeddable":true,"href":"https:\/\/sportseco.com\/index.php?rest_route=\/wp\/v2\/users\/1"}],"replies":[{"embeddable":true,"href":"https:\/\/sportseco.com\/index.php?rest_route=%2Fwp%2Fv2%2Fcomments&post=182817"}],"version-history":[{"count":1,"href":"https:\/\/sportseco.com\/index.php?rest_route=\/wp\/v2\/posts\/182817\/revisions"}],"predecessor-version":[{"id":182819,"href":"https:\/\/sportseco.com\/index.php?rest_route=\/wp\/v2\/posts\/182817\/revisions\/182819"}],"wp:featuredmedia":[{"embeddable":true,"href":"https:\/\/sportseco.com\/index.php?rest_route=\/wp\/v2\/media\/182818"}],"wp:attachment":[{"href":"https:\/\/sportseco.com\/index.php?rest_route=%2Fwp%2Fv2%2Fmedia&parent=182817"}],"wp:term":[{"taxonomy":"category","embeddable":true,"href":"https:\/\/sportseco.com\/index.php?rest_route=%2Fwp%2Fv2%2Fcategories&post=182817"},{"taxonomy":"post_tag","embeddable":true,"href":"https:\/\/sportseco.com\/index.php?rest_route=%2Fwp%2Fv2%2Ftags&post=182817"}],"curies":[{"name":"wp","href":"https:\/\/api.w.org\/{rel}","templated":true}]}}