{"id":182820,"date":"2025-03-19T08:29:32","date_gmt":"2025-03-19T12:29:32","guid":{"rendered":"https:\/\/sportseco.com\/?p=182820"},"modified":"2025-03-19T08:29:36","modified_gmt":"2025-03-19T12:29:36","slug":"2024-fue-el-primer-ano-en-superar-los-15c","status":"publish","type":"post","link":"https:\/\/sportseco.com\/?p=182820","title":{"rendered":"2024 fue el primer a\u00f1o en superar los 1,5\u00b0C"},"content":{"rendered":"\n<p>La agencia meteorol\u00f3gica advierte que, si bien un solo a\u00f1o por encima de 1,5 \u00b0C no indica que los objetivos a largo plazo est\u00e9n fuera de alcance, \u201ces una llamada de atenci\u00f3n de que estamos aumentando los riesgos para nuestras vidas, econom\u00edas y para el planeta\u201d. Algunas consecuencias ser\u00e1n irreversibles durante cientos o miles de a\u00f1os.<\/p>\n\n\n\n<p>El \u00faltimo informe de la&nbsp;<a href=\"https:\/\/public.wmo.int\/es\" target=\"_blank\" rel=\"noreferrer noopener\">Organizaci\u00f3n Meteorol\u00f3gica Mundial<\/a>&nbsp;(<a href=\"https:\/\/public.wmo.int\/es\" target=\"_blank\" rel=\"noreferrer noopener\">OMM<\/a>) sobre el estado del clima confirm\u00f3 que 2024 fue probablemente el primer a\u00f1o en superar en m\u00e1s de 1,5 \u00b0C la era preindustrial, con una temperatura media mundial cercana a la superficie de 1,55 por encima de la media de 1850-1900 (con un margen de incertidumbre de \u00b1 0,13 \u00b0C).<\/p>\n\n\n\n<p>Se trata del a\u00f1o m\u00e1s c\u00e1lido de los 175 a\u00f1os de registros observacionales, mientras que la concentraci\u00f3n atmosf\u00e9rica de di\u00f3xido de carbono se encuentra en los niveles m\u00e1s altos de los \u00faltimos 800.000 a\u00f1os.<\/p>\n\n\n\n<p>En los oc\u00e9anos, cada uno de los \u00faltimos ocho a\u00f1os ha establecido un nuevo r\u00e9cord de contenido de calor y el ritmo de aumento del nivel del mar se ha duplicado desde que comenzaron las mediciones por sat\u00e9lite.<\/p>\n\n\n\n<p>Seg\u00fan el informe, el calentamiento global&nbsp;<strong>a largo plazo<\/strong>&nbsp;se estima actualmente entre 1,34 y 1,41 \u00b0C en comparaci\u00f3n con la l\u00ednea de base de 1850-1900.<\/p>\n\n\n\n<p>A este respecto, el&nbsp;<a href=\"https:\/\/www.un.org\/sg\/es\">Secretario General<\/a>&nbsp;de las Naciones Unidas se\u00f1al\u00f3 que el planeta est\u00e1 emitiendo \u201cm\u00e1s se\u00f1ales de socorro\u201d, pero&nbsp;<strong>todav\u00eda es posible limitar el aumento<\/strong>&nbsp;de la temperatura mundial a largo plazo a 1,5 grados cent\u00edgrados.<\/p>\n\n\n\n<p>\u201cLos l\u00edderes deben dar un paso adelante para conseguirlo, aprovechando los beneficios de las energ\u00edas renovables baratas y limpias para sus pueblos y econom\u00edas, con los nuevos planes clim\u00e1ticos nacionales previstos para este a\u00f1o\u201d, dijo Ant\u00f3nio Guterres.<\/p>\n\n\n\n<h2 class=\"wp-block-heading\">Aumento continuo de las emisiones<\/h2>\n\n\n\n<p>Las temperaturas mundiales r\u00e9cord registradas en 2023 y alcanzadas en 2024 se debieron principalmente al aumento continuo de las emisiones de gases de efecto invernadero,&nbsp;<strong>junto con un cambio de La Ni\u00f1a, que enfriaba, a El Ni\u00f1o, que calentaba<\/strong>.<\/p>\n\n\n\n<p>Seg\u00fan el informe, otros factores pueden haber contribuido a estos saltos de temperatura inesperadamente inusuales, como los cambios en el ciclo solar, una erupci\u00f3n volc\u00e1nica masiva y una disminuci\u00f3n de los aerosoles refrigerantes.<\/p>\n\n\n\n<p>En este sentido, la secretaria general de la agencia meteorol\u00f3gica se\u00f1al\u00f3 que los datos de 2024 muestran que nuestros oc\u00e9anos siguieron calent\u00e1ndose y el nivel del mar sigui\u00f3 subiendo.<\/p>\n\n\n\n<p>Adem\u00e1s, las partes heladas de la superficie de la Tierra, conocidas como criosfera, se est\u00e1n derritiendo a un ritmo \u201calarmante\u201d.<\/p>\n\n\n\n<p>\u201cLos glaciares siguen retrocediendo y el hielo marino de&nbsp;<strong>la Ant\u00e1rtida alcanz\u00f3 su segunda extensi\u00f3n m\u00e1s baja jam\u00e1s registrada<\/strong>. Mientras tanto, las condiciones meteorol\u00f3gicas extremas siguen teniendo consecuencias devastadoras en todo el mundo\u201d, afirm\u00f3 Celeste Saulo.<\/p>\n\n\n\n<p>La responsable de la agencia destac\u00f3 que, si bien un solo a\u00f1o por encima de 1,5 \u00b0C de calentamiento no indica que los objetivos de temperatura a largo plazo del&nbsp;<a href=\"https:\/\/unfccc.int\/es\/acerca-de-las-ndc\/el-acuerdo-de-paris\" target=\"_blank\" rel=\"noreferrer noopener\">Acuerdo de Par\u00eds<\/a>&nbsp;est\u00e9n fuera de alcance, \u201ces una llamada de atenci\u00f3n de que estamos aumentando los riesgos para nuestras vidas, econom\u00edas y para el planeta\u201d.<\/p>\n\n\n\n<h2 class=\"wp-block-heading\">Los pa\u00edses deben contar con sistemas de alerta temprana<\/h2>\n\n\n\n<p>Seg\u00fan el informe, los ciclones tropicales, las inundaciones, las sequ\u00edas y otros peligros provocaron en 2024&nbsp;<strong>el mayor n\u00famero de nuevos desplazamientos registrado en los \u00faltimos 16 a\u00f1os<\/strong>. Adem\u00e1s, contribuyeron a agravar las crisis alimentarias y causaron enormes p\u00e9rdidas econ\u00f3micas.<\/p>\n\n\n\n<p>Saulo indic\u00f3 que, en respuesta, la OMM y la comunidad mundial est\u00e1n intensificando sus esfuerzos para reforzar los sistemas de alerta temprana y los servicios clim\u00e1ticos con el fin de ayudar a los pol\u00edticos y a la sociedad a ser m\u00e1s resilientes frente a los fen\u00f3menos meteorol\u00f3gicos y clim\u00e1ticos extremos.<\/p>\n\n\n\n<p>\u201cEstamos avanzando, pero tenemos que ir m\u00e1s lejos y tenemos que ir m\u00e1s r\u00e1pido.&nbsp;<strong>S\u00f3lo la mitad de los pa\u00edses del mundo cuentan con sistemas de alerta temprana adecuados<\/strong>. Esto debe cambiar\u201d, afirm\u00f3.<\/p>\n\n\n\n<p>Tambi\u00e9n subray\u00f3 que la inversi\u00f3n en servicios meteorol\u00f3gicos, h\u00eddricos y clim\u00e1ticos es \u201cm\u00e1s importante que nunca\u201d para hacer frente a los retos y construir comunidades m\u00e1s seguras y resilientes.<\/p>\n\n\n\n<h2 class=\"wp-block-heading\">Esfuerzo internacional<\/h2>\n\n\n\n<p>El informe se basa en las contribuciones cient\u00edficas de los Servicios Meteorol\u00f3gicos e Hidrol\u00f3gicos Nacionales, los Centros Regionales sobre el Clima de la OMM, los asociados de las Naciones Unidas y decenas de expertos.<\/p>\n\n\n\n<p>Se ha publicado en v\u00edsperas del D\u00eda Mundial de los Glaciares (21 de marzo), el D\u00eda Mundial del Agua (22 de marzo) y el D\u00eda Meteorol\u00f3gico Mundial (23 de marzo).<\/p>\n\n\n\n<p><\/p>\n\n\n\n<p>news.un.org<\/p>\n","protected":false},"excerpt":{"rendered":"<p>La agencia meteorol\u00f3gica advierte que, si bien un solo a\u00f1o por encima de 1,5 \u00b0C no indica que los objetivos a largo plazo est\u00e9n fuera de alcance, \u201ces una llamada de atenci\u00f3n de que estamos aumentando los riesgos para nuestras vidas, econom\u00edas y para el planeta\u201d. Algunas consecuencias ser\u00e1n irreversibles durante cientos o miles de [&hellip;]<\/p>\n","protected":false},"author":1,"featured_media":182821,"comment_status":"closed","ping_status":"closed","sticky":false,"template":"","format":"standard","meta":{"_acf_changed":false,"_jetpack_memberships_contains_paid_content":false,"footnotes":"","jetpack_publicize_message":"","jetpack_publicize_feature_enabled":true,"jetpack_social_post_already_shared":true,"jetpack_social_options":{"image_generator_settings":{"template":"highway","default_image_id":0,"font":"","enabled":false},"version":2}},"categories":[6],"tags":[],"class_list":["post-182820","post","type-post","status-publish","format-standard","has-post-thumbnail","hentry","category-ecologia"],"acf":[],"jetpack_publicize_connections":[],"jetpack_featured_media_url":"https:\/\/i0.wp.com\/sportseco.com\/wp-content\/uploads\/2025\/03\/image1170x530cropped-8.jpg?fit=1171%2C530&ssl=1","jetpack_sharing_enabled":true,"_links":{"self":[{"href":"https:\/\/sportseco.com\/index.php?rest_route=\/wp\/v2\/posts\/182820","targetHints":{"allow":["GET"]}}],"collection":[{"href":"https:\/\/sportseco.com\/index.php?rest_route=\/wp\/v2\/posts"}],"about":[{"href":"https:\/\/sportseco.com\/index.php?rest_route=\/wp\/v2\/types\/post"}],"author":[{"embeddable":true,"href":"https:\/\/sportseco.com\/index.php?rest_route=\/wp\/v2\/users\/1"}],"replies":[{"embeddable":true,"href":"https:\/\/sportseco.com\/index.php?rest_route=%2Fwp%2Fv2%2Fcomments&post=182820"}],"version-history":[{"count":1,"href":"https:\/\/sportseco.com\/index.php?rest_route=\/wp\/v2\/posts\/182820\/revisions"}],"predecessor-version":[{"id":182822,"href":"https:\/\/sportseco.com\/index.php?rest_route=\/wp\/v2\/posts\/182820\/revisions\/182822"}],"wp:featuredmedia":[{"embeddable":true,"href":"https:\/\/sportseco.com\/index.php?rest_route=\/wp\/v2\/media\/182821"}],"wp:attachment":[{"href":"https:\/\/sportseco.com\/index.php?rest_route=%2Fwp%2Fv2%2Fmedia&parent=182820"}],"wp:term":[{"taxonomy":"category","embeddable":true,"href":"https:\/\/sportseco.com\/index.php?rest_route=%2Fwp%2Fv2%2Fcategories&post=182820"},{"taxonomy":"post_tag","embeddable":true,"href":"https:\/\/sportseco.com\/index.php?rest_route=%2Fwp%2Fv2%2Ftags&post=182820"}],"curies":[{"name":"wp","href":"https:\/\/api.w.org\/{rel}","templated":true}]}}