{"id":182848,"date":"2025-03-19T18:22:55","date_gmt":"2025-03-19T22:22:55","guid":{"rendered":"https:\/\/sportseco.com\/?p=182848"},"modified":"2025-03-19T18:23:00","modified_gmt":"2025-03-19T22:23:00","slug":"dia-internacional-del-artesano-guardianes-de-la-identidad-y-la-memoria-cultural","status":"publish","type":"post","link":"https:\/\/sportseco.com\/?p=182848","title":{"rendered":"D\u00eda Internacional del Artesano: Guardianes de la identidad y la memoria cultural"},"content":{"rendered":"\n<figure class=\"wp-block-image\"><img data-recalc-dims=\"1\" decoding=\"async\" src=\"https:\/\/i0.wp.com\/www.cali.gov.co\/cultura\/publicaciones\/184996\/dia-internacional-del-artesano-guardianes-de-la-identidad-y-la-memoria-cultural\/info\/principal\/media\/pubInt\/thumbs\/thpub_700X400_184996.jpg?w=640&#038;ssl=1\" alt=\"D\u00eda Internacional del Artesano: Guardianes de la identidad y la memoria cultural\"\/><\/figure>\n\n\n\n<blockquote class=\"wp-block-quote is-layout-flow wp-block-quote-is-layout-flow\">\n<ul class=\"wp-block-list\">\n<li><em>El D\u00eda Internacional del Artesano es una fecha para exaltar el talento y la creatividad de quienes mantienen vivas las tradiciones.<\/em><br \/>\u00a0<\/li>\n\n\n\n<li><em>Los artesanos preservan la memoria colectiva y fortalecen la identidad cultural a trav\u00e9s de sus creaciones.<\/em><\/li>\n<\/ul>\n<\/blockquote>\n\n\n\n<p><strong>Santiago de Cali, 19 de marzo de 2025<\/strong><\/p>\n\n\n\n<p>Cada 19 de marzo, el mundo celebra el D\u00eda Internacional del Artesano, una fecha en la que la Secretar\u00eda de Cultura de Cali rinde homenaje a las manos creadoras que, con talento y dedicaci\u00f3n, preservan las tradiciones y la identidad cultural de la regi\u00f3n.<\/p>\n\n\n\n<p>Los artesanos y artesanas son narradores de historias, guardianes de la memoria colectiva y transmisores de saberes ancestrales que han perdurado a lo largo del tiempo.<\/p>\n\n\n\n<p>Tejidos, cer\u00e1micas, tallados en madera, joyer\u00eda y otras expresiones artesanales reflejan conocimientos heredados de generaci\u00f3n en generaci\u00f3n. En cada puntada, trazo o cincelada, imprimen su destreza, pasi\u00f3n y visi\u00f3n del mundo, convirtiendo su labor en un puente entre el pasado y el presente. Su arte no solo embellece los espacios, sino que tambi\u00e9n enriquece el esp\u00edritu y fortalece la identidad cultural de la sociedad.<\/p>\n\n\n\n<p>\u201cReconocer la labor de los artesanos es reconocer nuestra historia, nuestros territorios y nuestras ra\u00edces. Que cada creaci\u00f3n siga contando nuestra historia y que cada maestro y maestra artesana contin\u00fae siendo un guardi\u00e1n de nuestra identidad cultural\u201d, expres\u00f3 Leydi Higidio, secretaria de Cultura de Cali.<\/p>\n\n\n\n<p>La funcionaria resalt\u00f3 la importancia de apoyarlos y adquirir sus productos: \u201cadem\u00e1s de su valor cultural, la artesan\u00eda es un motor econ\u00f3mico en muchas comunidades. Apoyar la artesan\u00eda es, en esencia, apoyar la cultura y la sostenibilidad de las comunidades. Al adquirir una pieza hecha a mano, se contribuye a la preservaci\u00f3n de una tradici\u00f3n y al sustento de quienes la mantienen viva\u201d.<\/p>\n\n\n\n<p>En Cali, el Parque Artesanal Loma de la Cruz es uno de los espacios m\u00e1s emblem\u00e1ticos para la cultura y la transmisi\u00f3n de saberes artesanales. Por m\u00e1s de 34 a\u00f1os, ha sido hogar y vitrina para m\u00e1s de 70 artesanos locales, adem\u00e1s de abrir sus puertas a comunidades provenientes del Choc\u00f3, el r\u00edo Naya y otras regiones del pa\u00eds.<\/p>\n\n\n\n<p>\u201cLos admiro a todos por su tenacidad, su resistencia, por mantener vivo el legado de nuestros ancestros y usar la magia de sus manos para plasmar en diferentes materiales las historias de nuestras comunidades\u201d, dijo M\u00e9lida G\u00f3mez, presidenta de la Asociaci\u00f3n de Artesanos de la Loma de la Cruz.<\/p>\n\n\n\n<p>Asimismo, hizo un llamado a la comunidad para seguir apoyando su labor: \u201clos invitamos a que vengan al Parque Loma de la Cruz, conozcan nuestros productos y se enamoren de nuestros procesos, que con mucho amor realizamos a mano para todos ustedes\u201d.<\/p>\n\n\n\n<p><strong>Comunicaciones Secretar\u00eda de Cultura<\/strong><\/p>\n\n\n\n<p><\/p>\n\n\n\n<p><\/p>\n\n\n\n<p>cali.gov.co<\/p>\n","protected":false},"excerpt":{"rendered":"<p>Santiago de Cali, 19 de marzo de 2025 Cada 19 de marzo, el mundo celebra el D\u00eda Internacional del Artesano, una fecha en la que la Secretar\u00eda de Cultura de Cali rinde homenaje a las manos creadoras que, con talento y dedicaci\u00f3n, preservan las tradiciones y la identidad cultural de la regi\u00f3n. Los artesanos y [&hellip;]<\/p>\n","protected":false},"author":1,"featured_media":182849,"comment_status":"closed","ping_status":"closed","sticky":false,"template":"","format":"standard","meta":{"_acf_changed":false,"_jetpack_memberships_contains_paid_content":false,"footnotes":"","jetpack_publicize_message":"","jetpack_publicize_feature_enabled":true,"jetpack_social_post_already_shared":true,"jetpack_social_options":{"image_generator_settings":{"template":"highway","default_image_id":0,"font":"","enabled":false},"version":2}},"categories":[6],"tags":[],"class_list":["post-182848","post","type-post","status-publish","format-standard","has-post-thumbnail","hentry","category-ecologia"],"acf":[],"jetpack_publicize_connections":[],"jetpack_featured_media_url":"https:\/\/i0.wp.com\/sportseco.com\/wp-content\/uploads\/2025\/03\/thgaleria_700X400_317561.jpg?fit=600%2C400&ssl=1","jetpack_sharing_enabled":true,"_links":{"self":[{"href":"https:\/\/sportseco.com\/index.php?rest_route=\/wp\/v2\/posts\/182848","targetHints":{"allow":["GET"]}}],"collection":[{"href":"https:\/\/sportseco.com\/index.php?rest_route=\/wp\/v2\/posts"}],"about":[{"href":"https:\/\/sportseco.com\/index.php?rest_route=\/wp\/v2\/types\/post"}],"author":[{"embeddable":true,"href":"https:\/\/sportseco.com\/index.php?rest_route=\/wp\/v2\/users\/1"}],"replies":[{"embeddable":true,"href":"https:\/\/sportseco.com\/index.php?rest_route=%2Fwp%2Fv2%2Fcomments&post=182848"}],"version-history":[{"count":1,"href":"https:\/\/sportseco.com\/index.php?rest_route=\/wp\/v2\/posts\/182848\/revisions"}],"predecessor-version":[{"id":182850,"href":"https:\/\/sportseco.com\/index.php?rest_route=\/wp\/v2\/posts\/182848\/revisions\/182850"}],"wp:featuredmedia":[{"embeddable":true,"href":"https:\/\/sportseco.com\/index.php?rest_route=\/wp\/v2\/media\/182849"}],"wp:attachment":[{"href":"https:\/\/sportseco.com\/index.php?rest_route=%2Fwp%2Fv2%2Fmedia&parent=182848"}],"wp:term":[{"taxonomy":"category","embeddable":true,"href":"https:\/\/sportseco.com\/index.php?rest_route=%2Fwp%2Fv2%2Fcategories&post=182848"},{"taxonomy":"post_tag","embeddable":true,"href":"https:\/\/sportseco.com\/index.php?rest_route=%2Fwp%2Fv2%2Ftags&post=182848"}],"curies":[{"name":"wp","href":"https:\/\/api.w.org\/{rel}","templated":true}]}}