{"id":183162,"date":"2025-03-25T18:09:48","date_gmt":"2025-03-25T22:09:48","guid":{"rendered":"https:\/\/sportseco.com\/?p=183162"},"modified":"2025-03-25T18:09:53","modified_gmt":"2025-03-25T22:09:53","slug":"ethan-vernon-vuelve-a-triunfar-en-la-volta","status":"publish","type":"post","link":"https:\/\/sportseco.com\/?p=183162","title":{"rendered":"Ethan Vernon vuelve a triunfar en la Volta"},"content":{"rendered":"\n<p>&nbsp;<strong>Ethan Vernon (Israel-Premier Tech) ha sido el ganador de la segunda etapa de la 104 edici\u00f3n de la Volta Catalunya, que ha unido las ciudades de Banyoles y Figueres en un recorrido de 180,5 kil\u00f3metros por el interior de territorio gerundense. El sprinter brit\u00e1nico, que ha vuelto a sumar una victoria en la prueba catalana donde hab\u00eda conseguido su primer triunfo a nivel WorldTour en la edici\u00f3n de 2022, ha sabido superar al l\u00edder de la carrera Matthew Brennan (Team Visma | Lease a Bike) y al triple vencedor de etapa Kaden Groves&nbsp;<\/strong><strong>(Alpecin-Deceuninck) en el explosivo&nbsp;<\/strong><strong>final en Figueres que volv\u00eda a acoger un final de etapa de la Volta 56 a\u00f1os despu\u00e9s.<\/strong><\/p>\n\n\n\n<p>163 corredores han tomado la salida de esta 2\u00aa etapa de la Volta Catalunya este martes 25 de marzo, que recorr\u00eda el interior del territorio gerundense en una de las etapas m\u00e1s favorables para los hombres r\u00e1pidos, con el ascenso de dos puertos de monta\u00f1a en la parte central del recorrido: el Coll Puig del Pen\u00ed (3\u00aa categor\u00eda) y el Alto de Sant Pere.<\/p>\n\n\n\n<p>Desde el primer ataque de la jornada, fueron Calum Johnston (Caja Rural-Seguros RGA), Diego Uriarte (Equipo Kern Pharma) y Danny van der Tuuk (Euskaltel-Euskadi) quienes pudieron formar la escapada del d\u00eda. El pelot\u00f3n se ha acercado al grupo de tres escapados al pie del segundo puerto de la jornada, el monumental Alto de Sant Pere de Rodes (1\u00aa categor\u00eda), acelerado por la amenaza del viento que ha planeado durante toda la etapa. En la parte final del puerto, el prometedor Mario Aparicio (Burgos-BH) ha aprovechado la dureza de sus rampas para saltar desde el pelot\u00f3n, superar a los escapados y coronar en solitario.<\/p>\n\n\n\n<p>Con todo, gracias al empuje para liderar el anterior puerto y sufrir por ser segundo en Sant Pere de Rodes, Van der Tuuk se ha asegurado un d\u00eda m\u00e1s el liderato en la clasificaci\u00f3n de la monta\u00f1a de la Volta a Catalunya, en la que ha sido protagonista de la escapada en las dos primeras etapas. A 70 kil\u00f3metros de meta, tras el descenso, el fuerte ritmo del pelot\u00f3n ha neutralizado la escapada, y la aproximaci\u00f3n a Figueres, por la que se han dado dos pasos por la l\u00ednea de meta, provocando un final de etapa tenso.<\/p>\n\n\n\n<p>Al paso por el tercer y \u00faltimo sprint intermedio de la jornada en Garriguella, a 67 kil\u00f3metros por la llegada, los favoritos lucharon por los segundos de bonificaci\u00f3n con Juan Ayuso (UAE Team Emirates) como mejor parado, y a pesar de algunos ataques de nombres como Quinn Simmons (Lidl-Trek) nada pudo evitar una llegada masiva a la capital. El equipo del l\u00edder, Team Visma | Lease a Bike, ha controlado la aproximaci\u00f3n al final en Figueres, pero al joven Matthew Brennan le ha superado un compatriota: el veloz Ethan Vernon (Israel-Premier Tech), que en la edici\u00f3n de 2022 de la prueba catalana hab\u00eda sumado en Vilanova y la Geltr\u00fa su primer triunfo profesional.<\/p>\n\n\n\n<p>Tres a\u00f1os despu\u00e9s, pudo volver a levantar los brazos y celebrar la victoria de etapa en un final ajustado por delante del propio Brennan, que fue segundo, y el triple vencedor de etapa en la Volta, el australiano Kaden Groves (Alpecin-Deceuninck), que fue tercero y roz\u00f3 la victoria por segundo d\u00eda consecutivo. Este mi\u00e9rcoles 26 de marzo, la Volta a Catalunya vivir\u00e1 su llegada en la otra monta\u00f1a con una largu\u00edsima jornada de 218,6 kil\u00f3metros con salida desde Viladecans The Style Outlets y llegada en altura en La Molina, que con sus cerca de 5.000 metros de desnivel positivo acumulado empezar\u00e1 a definir la clasificaci\u00f3n general entre los grandes favoritos.<\/p>\n\n\n\n<p><\/p>\n\n\n\n<p>voltacatalunya.cat<\/p>\n","protected":false},"excerpt":{"rendered":"<p>&nbsp;Ethan Vernon (Israel-Premier Tech) ha sido el ganador de la segunda etapa de la 104 edici\u00f3n de la Volta Catalunya, que ha unido las ciudades de Banyoles y Figueres en un recorrido de 180,5 kil\u00f3metros por el interior de territorio gerundense. El sprinter brit\u00e1nico, que ha vuelto a sumar una victoria en la prueba catalana [&hellip;]<\/p>\n","protected":false},"author":1,"featured_media":183163,"comment_status":"closed","ping_status":"closed","sticky":false,"template":"","format":"standard","meta":{"_acf_changed":false,"_jetpack_memberships_contains_paid_content":false,"footnotes":"","jetpack_publicize_message":"","jetpack_publicize_feature_enabled":true,"jetpack_social_post_already_shared":true,"jetpack_social_options":{"image_generator_settings":{"template":"highway","default_image_id":0,"font":"","enabled":false},"version":2}},"categories":[14],"tags":[],"class_list":["post-183162","post","type-post","status-publish","format-standard","has-post-thumbnail","hentry","category-ciclismo"],"acf":[],"jetpack_publicize_connections":[],"jetpack_featured_media_url":"https:\/\/i0.wp.com\/sportseco.com\/wp-content\/uploads\/2025\/03\/7cd27.jpeg?fit=1200%2C800&ssl=1","jetpack_sharing_enabled":true,"_links":{"self":[{"href":"https:\/\/sportseco.com\/index.php?rest_route=\/wp\/v2\/posts\/183162","targetHints":{"allow":["GET"]}}],"collection":[{"href":"https:\/\/sportseco.com\/index.php?rest_route=\/wp\/v2\/posts"}],"about":[{"href":"https:\/\/sportseco.com\/index.php?rest_route=\/wp\/v2\/types\/post"}],"author":[{"embeddable":true,"href":"https:\/\/sportseco.com\/index.php?rest_route=\/wp\/v2\/users\/1"}],"replies":[{"embeddable":true,"href":"https:\/\/sportseco.com\/index.php?rest_route=%2Fwp%2Fv2%2Fcomments&post=183162"}],"version-history":[{"count":1,"href":"https:\/\/sportseco.com\/index.php?rest_route=\/wp\/v2\/posts\/183162\/revisions"}],"predecessor-version":[{"id":183164,"href":"https:\/\/sportseco.com\/index.php?rest_route=\/wp\/v2\/posts\/183162\/revisions\/183164"}],"wp:featuredmedia":[{"embeddable":true,"href":"https:\/\/sportseco.com\/index.php?rest_route=\/wp\/v2\/media\/183163"}],"wp:attachment":[{"href":"https:\/\/sportseco.com\/index.php?rest_route=%2Fwp%2Fv2%2Fmedia&parent=183162"}],"wp:term":[{"taxonomy":"category","embeddable":true,"href":"https:\/\/sportseco.com\/index.php?rest_route=%2Fwp%2Fv2%2Fcategories&post=183162"},{"taxonomy":"post_tag","embeddable":true,"href":"https:\/\/sportseco.com\/index.php?rest_route=%2Fwp%2Fv2%2Ftags&post=183162"}],"curies":[{"name":"wp","href":"https:\/\/api.w.org\/{rel}","templated":true}]}}