{"id":183193,"date":"2025-03-26T08:15:38","date_gmt":"2025-03-26T12:15:38","guid":{"rendered":"https:\/\/sportseco.com\/?p=183193"},"modified":"2025-03-26T08:15:44","modified_gmt":"2025-03-26T12:15:44","slug":"dia-mundial-del-clima-ciudades-resilientes-y-formacion-para-afrontar-el-desafio-climatico","status":"publish","type":"post","link":"https:\/\/sportseco.com\/?p=183193","title":{"rendered":"D\u00eda Mundial del Clima: ciudades resilientes y formaci\u00f3n para afrontar el desaf\u00edo clim\u00e1tico"},"content":{"rendered":"\n<p>Madrid (EFE).- La adaptaci\u00f3n clim\u00e1tica de las&nbsp;<a href=\"https:\/\/efe.com\/comunidad-valenciana\/2024-12-14\/bancos-con-sensores-y-gemelos-digitales-para-evitar-atascos-en-las-ciudades-del-futuro\/\" target=\"_blank\" rel=\"noreferrer noopener\">ciudades&nbsp;<\/a>para incrementar su resiliencia ante fen\u00f3menos extremos y la formaci\u00f3n de la poblaci\u00f3n para reducir los discursos que niegan la evidencia cient\u00edfica son \u00abesenciales para disminuir las vulnerabilidades\u00bb de la sociedad, explican a EFE algunos expertos con motivo del D\u00eda Mundial del<a href=\"https:\/\/efe.com\/noticias\/clima\/\" target=\"_blank\" rel=\"noreferrer noopener\">&nbsp;Clima.<\/a><\/p>\n\n\n\n<p>La fecha se conmemora cada 26 de marzo desde 1992, impulsada por la Convenci\u00f3n Marco de las Naciones Unidas sobre el&nbsp;<a href=\"https:\/\/efe.com\/noticias\/crisis-climatica\/\" target=\"_blank\" rel=\"noreferrer noopener\">Cambio Clim\u00e1tico<\/a>&nbsp;para \u00abgenerar conciencia y sensibilizar a las personas a nivel mundial sobre la importancia e influencia del clima y el cambio clim\u00e1tico\u00bb de acuerdo con la propia ONU.<\/p>\n\n\n\n<figure class=\"wp-block-image\"><img decoding=\"async\" src=\"https:\/\/i0.wp.com\/efe.com\/wp-content\/uploads\/2025\/03\/clima-1.webp?resize=900%2C551&amp;ssl=1\" alt=\"Vista del atardecer\" class=\"wp-image-1766884\"\/><figcaption class=\"wp-element-caption\">Vista del atardecer en la Bah\u00eda de Guanabara en Rio de Janeiro (Brasil). EFE\/Fabio Motta<\/figcaption><\/figure>\n\n\n\n<p>\u00abSi tuvi\u00e9semos una pel\u00edcula, el tiempo ser\u00eda un fotograma y la pel\u00edcula ser\u00eda todo el clima\u00bb, explica el portavoz de la Asociaci\u00f3n Espa\u00f1ola de Climatolog\u00eda, Abel L\u00f3pez, al aclarar la diferencia entre los conceptos de tiempo meteorol\u00f3gico -que hace referencia a un momento determinado- y clima -que abarca las circunstancias promedio de la atm\u00f3sfera en un per\u00edodo de tiempo no inferior a 30 a\u00f1os-.<\/p>\n\n\n\n<h2 class=\"wp-block-heading\" id=\"h-inherente-pero-sin-precedentes\">Inherente pero sin precedentes<\/h2>\n\n\n\n<p>El&nbsp;<a href=\"https:\/\/efe.com\/noticias\/cambio-climatico\/\" target=\"_blank\" rel=\"noreferrer noopener\">cambio clim\u00e1tico<\/a>&nbsp;es \u00abinherente a la vida del planeta\u00bb, certifica L\u00f3pez, aunque parad\u00f3jicamente \u00abel que estamos presenciando ahora no tiene precedentes en miles de a\u00f1os\u00bb porque los cambios que se est\u00e1n produciendo, a su juicio causados por al acci\u00f3n humana, son \u00abgeneralizados, r\u00e1pidos y se est\u00e1n intensificando\u00bb acortando los tiempos de respuesta y haciendo \u00abm\u00e1s frecuentes y severos\u00bb los fen\u00f3menos extremos.<\/p>\n\n\n\n<p>\u00abEl cambio clim\u00e1tico mata\u00bb, afirma, y lo hace \u00abfundamentalmente, desde el punto de vista t\u00e9rmico: durante 2023 hubo 47.000 muertes atribuibles a altas temperaturas s\u00f3lo en el continente europeo\u00bb que afectan sobre todo a la poblaci\u00f3n m\u00e1s vulnerable, en un contexto con olas de calor m\u00e1s prolongadas, fuera de las temporadas habituales y asociadas al aumento de las conocidas como noches tropicales -las de m\u00e1s de 20\u00ba C-, ecuatoriales -m\u00e1s de 25\u00ba C- o t\u00f3rridas -m\u00e1s de 30\u00ba C-.<\/p>\n\n\n\n<h2 class=\"wp-block-heading\" id=\"h-fallecidos-por-temperaturas-minimas\">Fallecidos por temperaturas m\u00ednimas<\/h2>\n\n\n\n<p>Tambi\u00e9n es \u00abmuy significativa\u00bb la cantidad de fallecidos por temperaturas m\u00ednimas, \u00absobre todo gente que presenta alguna patolog\u00eda previa, que se ve agravada por las condiciones clim\u00e1ticas\u00bb, precisa.<\/p>\n\n\n\n<figure class=\"wp-block-image\"><img decoding=\"async\" src=\"https:\/\/i0.wp.com\/efe.com\/wp-content\/uploads\/2025\/03\/dia-clima.webp?resize=900%2C599&amp;ssl=1\" alt=\"Una vista a\u00e9rea tomada con un dron muestra un incendio \" class=\"wp-image-1766879\"\/><figcaption class=\"wp-element-caption\">Una vista a\u00e9rea tomada con un dron muestra un incendio. EFE\/EPA\/CJ Gunther<\/figcaption><\/figure>\n\n\n\n<p>Un estudio publicado por \u2018The Lancet Planetary Health\u2019 en 2023 que evaluaba el impacto en la salud en 854 ciudades europeas, ya estim\u00f3 entonces que \u00abanualmente se producen alrededor de 204.000 muertes atribuibles al fr\u00edo\u00bb.<\/p>\n\n\n\n<h2 class=\"wp-block-heading\" id=\"h-resiliencia-climatica\">Resiliencia clim\u00e1tica<\/h2>\n\n\n\n<p>Para afrontar los problemas relacionados con el clima, L\u00f3pez identifica varias medidas entre las que destaca \u00abreordenar los espacios urbanos y preparar las ciudades para que sean mas resilientes ante un mundo mucho m\u00e1s c\u00e1lido\u00bb, potenciando la existencia de \u00abrefugios clim\u00e1ticos e infraestructuras que puedan mitigar o reducir cualquier riesgo, como las inundaciones\u00bb.<\/p>\n\n\n\n<p>Otra cuesti\u00f3n a abordar \u00abde forma urgente\u00bb alude a la necesidad de \u00abformar, educar y concienciar\u00bb a la sociedad porque \u00abprecisamente en la ciencia est\u00e1 la clave para la acci\u00f3n clim\u00e1tica\u00bb y \u00abtenemos la capacidad cient\u00edfica y t\u00e9cnica para afrontar ese cambio, pero necesitamos acortar los ritmos burocr\u00e1ticos para aumentar las acciones\u00bb.<\/p>\n\n\n\n<p>En su opini\u00f3n, la estrategia a seguir \u00abdeber\u00eda ser muy similar\u00bb a lo hecho durante la pandemia cuando \u00abresolvimos los problemas mediante decretos de urgencia para poder limitar los efectos en la medida de lo posible\u00bb.<\/p>\n\n\n\n<figure class=\"wp-block-image\"><img decoding=\"async\" src=\"https:\/\/i0.wp.com\/efe.com\/wp-content\/uploads\/2025\/03\/DIA-CLIMA.webp?resize=900%2C600&amp;ssl=1\" alt=\"22\/03\/2025.- Fotograf\u00eda del r\u00edo La Cangreja cubierto de basura \" class=\"wp-image-1766863\"\/><figcaption class=\"wp-element-caption\">Fotograf\u00eda del r\u00edo La Cangreja cubierto de basura, en 5 Esquinas de Tib\u00e1s, en San Jos\u00e9 (Costa Rica). EFE\/ Jeffrey Arguedas<\/figcaption><\/figure>\n\n\n\n<h2 class=\"wp-block-heading\" id=\"h-renovables-sin-sacrificar-naturaleza\">Renovables, sin sacrificar naturaleza<\/h2>\n\n\n\n<p>En este desaf\u00edo es necesario contar tambi\u00e9n con energ\u00edas renovables \u00abpero de manera descentralizada\u00bb como indica el responsable en Espa\u00f1a de Ocean Care, Carlos Bravo, instalando dispositivos generadores de esa energ\u00eda \u00aben lugares que ya tenemos artificializados como en las cubiertas de los edificios o de pol\u00edgonos industriales\u00bb.<\/p>\n\n\n\n<p>La idea es que \u00absacrifiquemos menos territorio que puede ser dedicado a la Naturaleza y, a la vez, que perdamos menos energ\u00eda en el transporte de la misma al estar ubicada m\u00e1s cerca del consumidor\u00bb.<\/p>\n\n\n\n<p>\u00abNo se trata solo de generar m\u00e1s energ\u00eda limpia, sino de usarla mejor\u00bb, resume Bravo.<\/p>\n\n\n\n<p>En todo caso, compensar los da\u00f1os econ\u00f3micos que se van a producir por el cambio clim\u00e1tico \u00abva a ser mucho m\u00e1s costoso en t\u00e9rminos de Producto Interior Bruto que actuar ya para adaptarse, mitigar y reducir las emisiones\u00bb, concluye.<\/p>\n\n\n\n<p><\/p>\n\n\n\n<p>efe.com<\/p>\n","protected":false},"excerpt":{"rendered":"<p>Madrid (EFE).- La adaptaci\u00f3n clim\u00e1tica de las&nbsp;ciudades&nbsp;para incrementar su resiliencia ante fen\u00f3menos extremos y la formaci\u00f3n de la poblaci\u00f3n para reducir los discursos que niegan la evidencia cient\u00edfica son \u00abesenciales para disminuir las vulnerabilidades\u00bb de la sociedad, explican a EFE algunos expertos con motivo del D\u00eda Mundial del&nbsp;Clima. La fecha se conmemora cada 26 de [&hellip;]<\/p>\n","protected":false},"author":1,"featured_media":183194,"comment_status":"closed","ping_status":"closed","sticky":false,"template":"","format":"standard","meta":{"_acf_changed":false,"_jetpack_memberships_contains_paid_content":false,"footnotes":"","jetpack_publicize_message":"","jetpack_publicize_feature_enabled":true,"jetpack_social_post_already_shared":true,"jetpack_social_options":{"image_generator_settings":{"template":"highway","default_image_id":0,"font":"","enabled":false},"version":2}},"categories":[1],"tags":[],"class_list":["post-183193","post","type-post","status-publish","format-standard","has-post-thumbnail","hentry","category-uncategorized"],"acf":[],"jetpack_publicize_connections":[],"jetpack_featured_media_url":"https:\/\/i0.wp.com\/sportseco.com\/wp-content\/uploads\/2025\/03\/clima-1.webp?fit=900%2C551&ssl=1","jetpack_sharing_enabled":true,"_links":{"self":[{"href":"https:\/\/sportseco.com\/index.php?rest_route=\/wp\/v2\/posts\/183193","targetHints":{"allow":["GET"]}}],"collection":[{"href":"https:\/\/sportseco.com\/index.php?rest_route=\/wp\/v2\/posts"}],"about":[{"href":"https:\/\/sportseco.com\/index.php?rest_route=\/wp\/v2\/types\/post"}],"author":[{"embeddable":true,"href":"https:\/\/sportseco.com\/index.php?rest_route=\/wp\/v2\/users\/1"}],"replies":[{"embeddable":true,"href":"https:\/\/sportseco.com\/index.php?rest_route=%2Fwp%2Fv2%2Fcomments&post=183193"}],"version-history":[{"count":1,"href":"https:\/\/sportseco.com\/index.php?rest_route=\/wp\/v2\/posts\/183193\/revisions"}],"predecessor-version":[{"id":183195,"href":"https:\/\/sportseco.com\/index.php?rest_route=\/wp\/v2\/posts\/183193\/revisions\/183195"}],"wp:featuredmedia":[{"embeddable":true,"href":"https:\/\/sportseco.com\/index.php?rest_route=\/wp\/v2\/media\/183194"}],"wp:attachment":[{"href":"https:\/\/sportseco.com\/index.php?rest_route=%2Fwp%2Fv2%2Fmedia&parent=183193"}],"wp:term":[{"taxonomy":"category","embeddable":true,"href":"https:\/\/sportseco.com\/index.php?rest_route=%2Fwp%2Fv2%2Fcategories&post=183193"},{"taxonomy":"post_tag","embeddable":true,"href":"https:\/\/sportseco.com\/index.php?rest_route=%2Fwp%2Fv2%2Ftags&post=183193"}],"curies":[{"name":"wp","href":"https:\/\/api.w.org\/{rel}","templated":true}]}}