{"id":183280,"date":"2025-03-27T15:54:33","date_gmt":"2025-03-27T19:54:33","guid":{"rendered":"https:\/\/sportseco.com\/?p=183280"},"modified":"2025-03-27T15:54:37","modified_gmt":"2025-03-27T19:54:37","slug":"roglic-se-lleva-el-segundo-duelo-en-montserrat","status":"publish","type":"post","link":"https:\/\/sportseco.com\/?p=183280","title":{"rendered":"Roglic se lleva el segundo duelo en Montserrat"},"content":{"rendered":"\n<p><strong>En el segundo cap\u00edtulo de su duelo particular, Primoz Roglic (Red Bull-Bora-Hansgrohe) ha tomado el mando de la 104\u00aa edici\u00f3n de la Volta Ciclista a Catalunya en su 4\u00aa etapa, que se disputaba en un recorrido de 188,7 kil\u00f3metros entre Sant Vicen\u00e7 de Castellet i Montserrat. El esloveno se llev\u00f3 la victoria de etapa en la ic\u00f3nica abad\u00eda y conquist\u00f3 el liderato de la prueba catalana por delante de Juan Ayuso (UAE Team Emirates), con quien se volvieron a jugar la victoria en el sprint y con quien empata a tiempo en la clasificaci\u00f3n general a tres etapas del final.<\/strong><\/p>\n\n\n\n<p>151 corredores han tomado la salida de la 4\u00aa etapa de la Volta a Catalunya este jueves 27 de marzo, la segunda etapa de monta\u00f1a de esta edici\u00f3n con el puerto puntuable del Tur\u00f3 del Puig (2\u00aa categor\u00eda) antes de la llegada a Montserrat (1\u00aa categor\u00eda), que volv\u00eda a la Volta despu\u00e9s de 30 a\u00f1os de la victoria de Laurent Jalabert. El inicio de la etapa ha sido muy batallado. Luchando por la ajustada clasificaci\u00f3n general, el propio Roglic ha liderado al piloto en el primer sprint intermedio de la jornada, situado en Manresa en el kil\u00f3metro 13, acerc\u00e1ndose a tan s\u00f3lo cuatro segundos del l\u00edder Juan Ayuso (UAE Team Emirates).<\/p>\n\n\n\n<p>Finalmente, despu\u00e9s de una treintena de kil\u00f3metros, se ha destacado una escapada que ha protagonizado esta etapa por terrenos rompepiernas de la Catalunya Central, formada por doce ciclistas: Lennard K\u00e4mna (Lidl-Trek), Johannes Staune-Mittet, Geoffrey Bouchard (Decathlon-Ag2r La Mondiale), Brieuc Rolland, Lorenzo Germani (Groupama-FDJ), Georg Steinhauser (EF Education-EasyPost), Frank van den Broek (Team Picnic-PostNL), Embret Svestad-Bardseng (Ark\u00e9a-B&amp;B Hotels), Jes\u00fas Herrada (Cofidis), Jos\u00e9 F\u00e9lix Parra, Diego Uriarte (Equipo Kern Pharma) y el uruguayo Eric Fag\u00fandez (Burgos-BH), qui\u00e9n se ha llevado el premio al ciclista m\u00e1s combativo.<\/p>\n\n\n\n<p>Al paso por el Tur\u00f3 del Puig, que se coronaba a 63 kil\u00f3metros de la l\u00ednea de meta, el prometedor noruego Johannes Staune-Mittet (Decathlon-Ag2r La Mondiale) y el alem\u00e1n Georg Steinhauser (EF Education-EasyPost), que ya fue uno de los grandes animadores de la \u00faltima edici\u00f3n de la Volta a Catalunya se han destacado de sus compa\u00f1eros de escapada. Steinhauser ha sido finalmente quien m\u00e1s ha resistido al cabeza de carrera, lider\u00e1ndola en solitario hasta los \u00faltimos 3 kil\u00f3metros de subida a pesar del empuje del equipo UAE Team Emirates.<\/p>\n\n\n\n<p>Defendiendo el primer d\u00eda de liderazgo de Ayuso, el equipo ganador del pasado a\u00f1o con Tadej Pogacar ha vuelto a seleccionar al grupo de favoritos al ritmo del catal\u00e1n Marc Soler, el dorsal 1 de la carrera. Tras ello, el propio Ayuso se lanz\u00f3 al ataque a 2,5 kil\u00f3metros de meta, en un movimiento al que Primoz Roglic (Red Bull-Bora-Hansgrohe) supo reaccionar para acabar provocando un nuevo sprint entre ambos para decidir la victoria de etapa y el liderato.<\/p>\n\n\n\n<p>En esta ocasi\u00f3n, el premio ha sido para el veterano esloveno, vencedor de la Volta en 2023, que gracias a las bonificaciones conseguidas en la meta y al sprint de Manresa se ha alzado al liderato de la prueba catalana empatado a tiempo con Ayuso, con tercer puesto para el balear Enric Mas (Movistar Team) a 20 segundos. De esta forma, la Volta Catalunya llega totalmente ajustada a sus tres jornadas finales. La 5\u00aa etapa ser\u00e1 este viernes 28 de marzo con una etapa de total protagonismo por las Terres de l&#8217;Ebre, con un recorrido de 172 kil\u00f3metros que unir\u00e1 Pa\u00fcls y Amposta que parece favorable a los hombres r\u00e1pidos que quieran luchar para la victoria de etapa.<\/p>\n\n\n\n<p><\/p>\n\n\n\n<p>voltacatalunya.cat<a href=\"https:\/\/img.aso.fr\/core_app\/img-cycling-vcc-jpg\/header-alex-bascuas-photo-6889\/5305\/0:0,1999:690-1200-0-70\/55046\"><\/a><\/p>\n","protected":false},"excerpt":{"rendered":"<p>En el segundo cap\u00edtulo de su duelo particular, Primoz Roglic (Red Bull-Bora-Hansgrohe) ha tomado el mando de la 104\u00aa edici\u00f3n de la Volta Ciclista a Catalunya en su 4\u00aa etapa, que se disputaba en un recorrido de 188,7 kil\u00f3metros entre Sant Vicen\u00e7 de Castellet i Montserrat. El esloveno se llev\u00f3 la victoria de etapa en [&hellip;]<\/p>\n","protected":false},"author":1,"featured_media":183281,"comment_status":"closed","ping_status":"closed","sticky":false,"template":"","format":"standard","meta":{"_acf_changed":false,"_jetpack_memberships_contains_paid_content":false,"footnotes":"","jetpack_publicize_message":"","jetpack_publicize_feature_enabled":true,"jetpack_social_post_already_shared":true,"jetpack_social_options":{"image_generator_settings":{"template":"highway","default_image_id":0,"font":"","enabled":false},"version":2}},"categories":[14],"tags":[],"class_list":["post-183280","post","type-post","status-publish","format-standard","has-post-thumbnail","hentry","category-ciclismo"],"acf":[],"jetpack_publicize_connections":[],"jetpack_featured_media_url":"https:\/\/i0.wp.com\/sportseco.com\/wp-content\/uploads\/2025\/03\/de4b1.jpeg?fit=2400%2C828&ssl=1","jetpack_sharing_enabled":true,"_links":{"self":[{"href":"https:\/\/sportseco.com\/index.php?rest_route=\/wp\/v2\/posts\/183280","targetHints":{"allow":["GET"]}}],"collection":[{"href":"https:\/\/sportseco.com\/index.php?rest_route=\/wp\/v2\/posts"}],"about":[{"href":"https:\/\/sportseco.com\/index.php?rest_route=\/wp\/v2\/types\/post"}],"author":[{"embeddable":true,"href":"https:\/\/sportseco.com\/index.php?rest_route=\/wp\/v2\/users\/1"}],"replies":[{"embeddable":true,"href":"https:\/\/sportseco.com\/index.php?rest_route=%2Fwp%2Fv2%2Fcomments&post=183280"}],"version-history":[{"count":1,"href":"https:\/\/sportseco.com\/index.php?rest_route=\/wp\/v2\/posts\/183280\/revisions"}],"predecessor-version":[{"id":183282,"href":"https:\/\/sportseco.com\/index.php?rest_route=\/wp\/v2\/posts\/183280\/revisions\/183282"}],"wp:featuredmedia":[{"embeddable":true,"href":"https:\/\/sportseco.com\/index.php?rest_route=\/wp\/v2\/media\/183281"}],"wp:attachment":[{"href":"https:\/\/sportseco.com\/index.php?rest_route=%2Fwp%2Fv2%2Fmedia&parent=183280"}],"wp:term":[{"taxonomy":"category","embeddable":true,"href":"https:\/\/sportseco.com\/index.php?rest_route=%2Fwp%2Fv2%2Fcategories&post=183280"},{"taxonomy":"post_tag","embeddable":true,"href":"https:\/\/sportseco.com\/index.php?rest_route=%2Fwp%2Fv2%2Ftags&post=183280"}],"curies":[{"name":"wp","href":"https:\/\/api.w.org\/{rel}","templated":true}]}}