{"id":183342,"date":"2025-03-28T17:21:00","date_gmt":"2025-03-28T21:21:00","guid":{"rendered":"https:\/\/sportseco.com\/?p=183342"},"modified":"2025-03-28T17:21:06","modified_gmt":"2025-03-28T21:21:06","slug":"brennan-repite-y-ayuso-se-adelanta-en-las-terres-de-lebre","status":"publish","type":"post","link":"https:\/\/sportseco.com\/?p=183342","title":{"rendered":"Brennan repite y Ayuso se adelanta en las Terres de l&#8217;Ebre"},"content":{"rendered":"\n<figure class=\"wp-block-image\"><a href=\"https:\/\/www.youtube.com\/embed\/82JqAL9fl74?autoplay=1\" target=\"_blank\" rel=\"noreferrer noopener\"><img decoding=\"async\" src=\"https:\/\/img.aso.fr\/core_app\/img-cycling-vcc-jpg\/video\/5308\/0:0,1280:720-1200-0-70\/27d5e\" alt=\"\"\/><\/a><figcaption class=\"wp-element-caption\">Volta a Catalunya 104 &#8211; Etapa 5 \/ Stage 5 &#8211; Last km<\/figcaption><\/figure>\n\n\n\n<p>(Amposta, 28-03-2025).- La 104\u00aa edici\u00f3n de la Volta Ciclista a Catalunya ha vivido una emocionante jornada en su 5\u00aa etapa, que contaba con un recorrido de 165,9 kil\u00f3metros por las Terres de l&#8217;Ebre con salida desde Pa\u00fcls y llegada a la ciudad de Amposta. El joven brit\u00e1nico Matthew Brennan (Team Visma-Lease en Bike), primer l\u00edder en Sant Feliu de Gu\u00edxols, ha conseguido sumar una segunda victoria de etapa en un sprint reducido tras una jornada nerviosa, en la que Juan Ayuso (UAE Team Emirates) ha recuperado el liderato ante Primoz Roglic etapa que se espera decisiva en el Bergued\u00e0.<\/p>\n\n\n\n<p>146 ciclistas han tomado la salida de la 5\u00aa etapa de la Volta a Catalunya este viernes 28 de marzo, preparados para afrontar una de las etapas con menos desnivel positivo de esta edici\u00f3n, que recorr\u00eda las cuatro comarcas de las Terres de l&#8217;Ebre, pero que se preve\u00eda nerviosa por la presencia del viento en las Terres de l&#8217;Ebre. Siete ciclistas han sido protagonistas de la escapada del d\u00eda, formada antes de superar el \u00fanico puerto puntuable de la jornada, el Coll de la Font (3\u00aa categor\u00eda, km 18,9 de etapa).<\/p>\n\n\n\n<p>All\u00ed estaba el leridano Jan Castell\u00f3n (Caja Rural-Seguros RGA), que repet\u00eda su aventura de la primera etapa, junto con Bruno Armirail (Decathlon-Ag2r La Mondiale, l\u00edder de la clasificaci\u00f3n de la monta\u00f1a, Michael Leonard (INEOS Grenadiers), Enzo Paleni (Groupama-FDJ), Mats Wenzel (Equipo Kern Pharma), y Mikel Bizkarra (Euskaltel-Euskadi). Finalmente, los m\u00e1s destacados han sido el franc\u00e9s Enzo Paleni, que ha resistido en solitario hasta los \u00faltimos 20 kil\u00f3metros de etapa, y el vasco Jokin Murguialday, ganador del premio al ciclista m\u00e1s combativo de la jornada, pero no han tenido ninguna opci\u00f3n de disputar la victoria de etapa debido al empuje del grupo de favoritos.<\/p>\n\n\n\n<p>Al paso por el sprint intermedio de L&#8217;Aldea, situado a 25 kil\u00f3metros de la l\u00ednea de meta, Juan Ayuso (UAE Team Emirates) ha sido protagonista de un movimiento clave al lograr un segundo de bonificaci\u00f3n que le situaba provisionalmente por delante en la clasificaci\u00f3n general respecto a Primoz Roglic (Red Bull-Bora-Hansgrohe), que ayer le hab\u00eda rasgado. A partir de entonces, la aproximaci\u00f3n al final de etapa en Amposta se ha disputado con mucha tensi\u00f3n ante la amenaza de los abanicos, provocando que un grupo reducido de tan s\u00f3lo 30 corredores se jugaran la victoria en la capital del Montsi\u00e0. &nbsp; &nbsp; &nbsp;<\/p>\n\n\n\n<p>Finalmente, el m\u00e1s r\u00e1pido ha vuelto a ser Matthew Brennan (Team Visma-Lease en Bike), que tras su triunfo en la etapa inicial en Sant Feliu de Gu\u00edxols se consolida como la gran revelaci\u00f3n de esta Volta a Catalunya con dos victorias de etapa a sus 19 a\u00f1os. La disputa del sprint ha dejado a los favoritos sin opciones a disputar m\u00e1s bonificaciones, permitiendo as\u00ed a Juan Ayuso adelantar a Primoz Roglic y situarse como l\u00edder de la Volta a Catalunya antes de su sexta etapa, que se espera clave en la resoluci\u00f3n de la clasificaci\u00f3n general con sus 159 kil\u00f3metros sin descanso entre Berga y la llegada en altura a Queralt.<\/p>\n\n\n\n<figure class=\"wp-block-image\"><a href=\"https:\/\/img.aso.fr\/core_app\/img-cycling-vcc-jpg\/header-matthew-brennan-amposta-alex-bascuas-photo-4442-3\/5312\/0:0,2000:690-1200-0-70\/ccb52\"><img decoding=\"async\" src=\"https:\/\/img.aso.fr\/core_app\/img-cycling-vcc-jpg\/header-matthew-brennan-amposta-alex-bascuas-photo-4442-3\/5312\/0:0,2000:690-2400-0-70\/d8982\" alt=\"\"\/><\/a><\/figure>\n\n\n\n<h2 class=\"wp-block-heading\"><\/h2>\n\n\n\n<p><\/p>\n\n\n\n<p><\/p>\n\n\n\n<p>voltacatalunya.cat<\/p>\n","protected":false},"excerpt":{"rendered":"<p>(Amposta, 28-03-2025).- La 104\u00aa edici\u00f3n de la Volta Ciclista a Catalunya ha vivido una emocionante jornada en su 5\u00aa etapa, que contaba con un recorrido de 165,9 kil\u00f3metros por las Terres de l&#8217;Ebre con salida desde Pa\u00fcls y llegada a la ciudad de Amposta. El joven brit\u00e1nico Matthew Brennan (Team Visma-Lease en Bike), primer l\u00edder [&hellip;]<\/p>\n","protected":false},"author":1,"featured_media":183343,"comment_status":"closed","ping_status":"closed","sticky":false,"template":"","format":"standard","meta":{"_acf_changed":false,"_jetpack_memberships_contains_paid_content":false,"footnotes":"","jetpack_publicize_message":"","jetpack_publicize_feature_enabled":true,"jetpack_social_post_already_shared":true,"jetpack_social_options":{"image_generator_settings":{"template":"highway","default_image_id":0,"font":"","enabled":false},"version":2}},"categories":[14],"tags":[],"class_list":["post-183342","post","type-post","status-publish","format-standard","has-post-thumbnail","hentry","category-ciclismo"],"acf":[],"jetpack_publicize_connections":[],"jetpack_featured_media_url":"https:\/\/i0.wp.com\/sportseco.com\/wp-content\/uploads\/2025\/03\/d8982.jpeg?fit=2400%2C828&ssl=1","jetpack_sharing_enabled":true,"_links":{"self":[{"href":"https:\/\/sportseco.com\/index.php?rest_route=\/wp\/v2\/posts\/183342","targetHints":{"allow":["GET"]}}],"collection":[{"href":"https:\/\/sportseco.com\/index.php?rest_route=\/wp\/v2\/posts"}],"about":[{"href":"https:\/\/sportseco.com\/index.php?rest_route=\/wp\/v2\/types\/post"}],"author":[{"embeddable":true,"href":"https:\/\/sportseco.com\/index.php?rest_route=\/wp\/v2\/users\/1"}],"replies":[{"embeddable":true,"href":"https:\/\/sportseco.com\/index.php?rest_route=%2Fwp%2Fv2%2Fcomments&post=183342"}],"version-history":[{"count":1,"href":"https:\/\/sportseco.com\/index.php?rest_route=\/wp\/v2\/posts\/183342\/revisions"}],"predecessor-version":[{"id":183344,"href":"https:\/\/sportseco.com\/index.php?rest_route=\/wp\/v2\/posts\/183342\/revisions\/183344"}],"wp:featuredmedia":[{"embeddable":true,"href":"https:\/\/sportseco.com\/index.php?rest_route=\/wp\/v2\/media\/183343"}],"wp:attachment":[{"href":"https:\/\/sportseco.com\/index.php?rest_route=%2Fwp%2Fv2%2Fmedia&parent=183342"}],"wp:term":[{"taxonomy":"category","embeddable":true,"href":"https:\/\/sportseco.com\/index.php?rest_route=%2Fwp%2Fv2%2Fcategories&post=183342"},{"taxonomy":"post_tag","embeddable":true,"href":"https:\/\/sportseco.com\/index.php?rest_route=%2Fwp%2Fv2%2Ftags&post=183342"}],"curies":[{"name":"wp","href":"https:\/\/api.w.org\/{rel}","templated":true}]}}