{"id":183345,"date":"2025-03-28T17:23:44","date_gmt":"2025-03-28T21:23:44","guid":{"rendered":"https:\/\/sportseco.com\/?p=183345"},"modified":"2025-03-28T17:23:50","modified_gmt":"2025-03-28T21:23:50","slug":"la-volta-a-catalunya-recorta-la-sexta-etapa-despues-de-la-activacion-por-riesgo-de-viento-en-catalunya-ventcat","status":"publish","type":"post","link":"https:\/\/sportseco.com\/?p=183345","title":{"rendered":"La Volta a Catalunya recorta la sexta etapa despu\u00e9s de la activaci\u00f3n por riesgo de viento en Catalunya (VENTCAT)"},"content":{"rendered":"\n<p>Siguiendo las recomendaciones del Servei Catal\u00e0 de Tr\u00e0nsit y de las autoridades pertinentes, la Volta Ciclista a Catalunya se ha visto obligada a recortar su sexta etapa prevista para ma\u00f1ana entre Berga y Queralt como respuesta a la activaci\u00f3n por riesgo de viento en Catalunya del Plan especial de emergencias VENTCAT, que ha entrado en fase de Alerta.<\/p>\n\n\n\n<p>De este modo, la sexta etapa de la Volta se ver\u00e1 reducida en kil\u00f3metros y no podr\u00e1 subir al Coll del Pradell, situado adem\u00e1s de 1.700 metros de altura, y donde la afectaci\u00f3n puede ser m\u00e1s severa.<\/p>\n\n\n\n<p>Finalmente la etapa tendr\u00e1 un kilometraje de 118,6km y se mantendr\u00e1n el Coll de Batallola (3\u00aa Categor\u00eda) la Collada de San Isidro (1\u00aa Categor\u00eda) y la ascensi\u00f3n final a Queralt (1\u00aa Categor\u00eda), suprimiendo el paso por el Pradell.<\/p>\n\n\n\n<p>As\u00ed mismo, los montajes en la zona de llegada ser\u00e1n de m\u00ednimos para garantizar que ninguna estructura se vea afectada por el viento y pueda suponer un peligro para los asistentes.<br \/>Con esta modificaci\u00f3n, el horario de salida de etapa se atrasa a las 13:55h, con el control de firmes 12:45h a 13:45h.<\/p>\n\n\n\n<p><\/p>\n\n\n\n<p><\/p>\n\n\n\n<p>voltacatalunya.cat<\/p>\n","protected":false},"excerpt":{"rendered":"<p>Siguiendo las recomendaciones del Servei Catal\u00e0 de Tr\u00e0nsit y de las autoridades pertinentes, la Volta Ciclista a Catalunya se ha visto obligada a recortar su sexta etapa prevista para ma\u00f1ana entre Berga y Queralt como respuesta a la activaci\u00f3n por riesgo de viento en Catalunya del Plan especial de emergencias VENTCAT, que ha entrado en [&hellip;]<\/p>\n","protected":false},"author":1,"featured_media":183346,"comment_status":"closed","ping_status":"closed","sticky":false,"template":"","format":"standard","meta":{"_acf_changed":false,"_jetpack_memberships_contains_paid_content":false,"footnotes":"","jetpack_publicize_message":"","jetpack_publicize_feature_enabled":true,"jetpack_social_post_already_shared":true,"jetpack_social_options":{"image_generator_settings":{"template":"highway","default_image_id":0,"font":"","enabled":false},"version":2}},"categories":[14],"tags":[],"class_list":["post-183345","post","type-post","status-publish","format-standard","has-post-thumbnail","hentry","category-ciclismo"],"acf":[],"jetpack_publicize_connections":[],"jetpack_featured_media_url":"https:\/\/i0.wp.com\/sportseco.com\/wp-content\/uploads\/2025\/03\/volta-catalunya-et6-mapa-g-2023-voltacat-web.jpg?fit=670%2C401&ssl=1","jetpack_sharing_enabled":true,"_links":{"self":[{"href":"https:\/\/sportseco.com\/index.php?rest_route=\/wp\/v2\/posts\/183345","targetHints":{"allow":["GET"]}}],"collection":[{"href":"https:\/\/sportseco.com\/index.php?rest_route=\/wp\/v2\/posts"}],"about":[{"href":"https:\/\/sportseco.com\/index.php?rest_route=\/wp\/v2\/types\/post"}],"author":[{"embeddable":true,"href":"https:\/\/sportseco.com\/index.php?rest_route=\/wp\/v2\/users\/1"}],"replies":[{"embeddable":true,"href":"https:\/\/sportseco.com\/index.php?rest_route=%2Fwp%2Fv2%2Fcomments&post=183345"}],"version-history":[{"count":1,"href":"https:\/\/sportseco.com\/index.php?rest_route=\/wp\/v2\/posts\/183345\/revisions"}],"predecessor-version":[{"id":183347,"href":"https:\/\/sportseco.com\/index.php?rest_route=\/wp\/v2\/posts\/183345\/revisions\/183347"}],"wp:featuredmedia":[{"embeddable":true,"href":"https:\/\/sportseco.com\/index.php?rest_route=\/wp\/v2\/media\/183346"}],"wp:attachment":[{"href":"https:\/\/sportseco.com\/index.php?rest_route=%2Fwp%2Fv2%2Fmedia&parent=183345"}],"wp:term":[{"taxonomy":"category","embeddable":true,"href":"https:\/\/sportseco.com\/index.php?rest_route=%2Fwp%2Fv2%2Fcategories&post=183345"},{"taxonomy":"post_tag","embeddable":true,"href":"https:\/\/sportseco.com\/index.php?rest_route=%2Fwp%2Fv2%2Ftags&post=183345"}],"curies":[{"name":"wp","href":"https:\/\/api.w.org\/{rel}","templated":true}]}}