{"id":183402,"date":"2025-03-29T14:07:32","date_gmt":"2025-03-29T18:07:32","guid":{"rendered":"https:\/\/sportseco.com\/?p=183402"},"modified":"2025-03-29T14:07:36","modified_gmt":"2025-03-29T18:07:36","slug":"simmons-triunfa-en-berga-antes-de-la-ultima-batalla","status":"publish","type":"post","link":"https:\/\/sportseco.com\/?p=183402","title":{"rendered":"Simmons triunfa en Berga antes de la \u00faltima batalla"},"content":{"rendered":"\n<figure class=\"wp-block-image\"><a href=\"https:\/\/www.youtube.com\/embed\/XVu1eGevoZs?autoplay=1\" target=\"_blank\" rel=\"noreferrer noopener\"><img decoding=\"async\" src=\"https:\/\/img.aso.fr\/core_app\/img-cycling-vcc-jpg\/video\/5415\/0:0,1280:720-1200-0-70\/88c42\" alt=\"\"\/><\/a><figcaption class=\"wp-element-caption\">Volta a Catalunya 104 &#8211; Etapa 6 \/ Stage 6 &#8211; Last km<\/figcaption><\/figure>\n\n\n\n<p><strong>(Berga, 29-03-2025).- El americano Quinn Simmons (Lidl-Trek) ha sido el vencedor de la 6\u00aa etapa de la Volta Ciclista a Catalunya, que no ha podido disputar su tercera llegada en altura debido a la modificaci\u00f3n de su pen\u00faltima jornada, prevista inicialmente con final en Queralt y finalmente disputada con salida y llegada en la ciudad de Berga. Una etapa corta que no ha provocado cambios en la clasificaci\u00f3n general antes del reto final en Barcelona, \u200b\u200bdonde Juan Ayuso (UAE Team Emirates) defender\u00e1 su liderato con s\u00f3lo un segundo de ventaja sobre Primoz Roglic (Red Bull-Bora-Hansgrohe).<\/strong><\/p>\n\n\n\n<p>La 104 edici\u00f3n de la Volta a Catalunya ten\u00eda previsto este s\u00e1bado 29 de marzo una jornada decisiva por las monta\u00f1as del Bergued\u00e0 que se preve\u00eda decisiva. Con todo, la etapa se ha visto afectada por unas extremas condiciones meteorol\u00f3gicas con activaci\u00f3n de la alerta VENTCAT que ha obligado a recortar su recorrido, finalmente disputado sin el paso por los puertos del Coll de la Batallola, Coll de Pradell, Collada de Sant Isidre y Queralt. Los ciclistas han recorrido finalmente un circuito de 73 kil\u00f3metros con salida y llegada en la ciudad de Berga, que en dos tercios de su recorrido se ha disputado neutralizado.<\/p>\n\n\n\n<p>Por \u00faltimo, se ha dado la salida oficial para disputar un triunfo de etapa sin consecuencias en la clasificaci\u00f3n general ni bonificaciones, que se ha resuelto en un sprint explosivo en la Calle Rasa del Canyet pese al empuje de ciclistas como Carlos Verona (Lidl-Trek), R\u00e9my Rochas (Groupama-FDJ), Frank van den Broek (Team Picnic-PostNL) y Diego Uriarte (Equipo Kern Pharma), que han buscado la escapada.<\/p>\n\n\n\n<p>Destac\u00e1ndose en el kil\u00f3metro final, el estadounidense Quinn Simmons (Lidl-Trek) se llev\u00f3 la victoria de etapa, que pudo celebrar mientras se le acercaba la amenaza de Pavel Bittler (Team Picnic-PostNL) y Anders Folgader (Team Jayco-AlUla), primero.<\/p>\n\n\n\n<p>Sin cambios en la clasificaci\u00f3n general, Juan Ayuso (UAE Team Emirates) y Primoz Roglic (Red Bull-Bora-Hansgrohe) afrontar\u00e1n el \u00faltimo d\u00eda de competici\u00f3n con tan s\u00f3lo un segundo de diferencia, mientras que el balear Enric Mas (Movistar Team) es tercero en la general a 21 segundos.<\/p>\n\n\n\n<p>Todo est\u00e1 abierto por la conclusi\u00f3n de la carrera en su etapa final en Barcelona, \u200b\u200bque este domingo 30 de marzo pondr\u00e1 su punto final con una etapa de 88,2 kil\u00f3metros con salida y llegada en Barcelona, \u200b\u200bincluyendo los tradicionales seis pasos por el Alt del Castell de Montju\u00efc (2\u00aa categor\u00eda) que acabar\u00e1n de decidir la clasificaci\u00f3n general de esta 104a Volta Ciclista a Catalunya.&nbsp;<strong>&nbsp;<\/strong><\/p>\n\n\n\n<figure class=\"wp-block-image\"><a href=\"https:\/\/img.aso.fr\/core_app\/img-cycling-vcc-png\/header-hp-1\/5416\/0:0,2000:690-1200-0-70\/34331\"><img decoding=\"async\" src=\"https:\/\/img.aso.fr\/core_app\/img-cycling-vcc-png\/header-hp-1\/5416\/0:0,2000:690-2400-0-70\/688a1\" alt=\"\"\/><\/a><\/figure>\n\n\n\n<h2 class=\"wp-block-heading\"><\/h2>\n\n\n\n<p><\/p>\n\n\n\n<p>voltacatalunya.cat<\/p>\n\n\n\n<p><\/p>\n","protected":false},"excerpt":{"rendered":"<p>(Berga, 29-03-2025).- El americano Quinn Simmons (Lidl-Trek) ha sido el vencedor de la 6\u00aa etapa de la Volta Ciclista a Catalunya, que no ha podido disputar su tercera llegada en altura debido a la modificaci\u00f3n de su pen\u00faltima jornada, prevista inicialmente con final en Queralt y finalmente disputada con salida y llegada en la ciudad [&hellip;]<\/p>\n","protected":false},"author":1,"featured_media":183403,"comment_status":"closed","ping_status":"closed","sticky":false,"template":"","format":"standard","meta":{"_acf_changed":false,"_jetpack_memberships_contains_paid_content":false,"footnotes":"","jetpack_publicize_message":"","jetpack_publicize_feature_enabled":true,"jetpack_social_post_already_shared":true,"jetpack_social_options":{"image_generator_settings":{"template":"highway","default_image_id":0,"font":"","enabled":false},"version":2}},"categories":[14],"tags":[],"class_list":["post-183402","post","type-post","status-publish","format-standard","has-post-thumbnail","hentry","category-ciclismo"],"acf":[],"jetpack_publicize_connections":[],"jetpack_featured_media_url":"https:\/\/i0.wp.com\/sportseco.com\/wp-content\/uploads\/2025\/03\/688a1.png?fit=2400%2C828&ssl=1","jetpack_sharing_enabled":true,"_links":{"self":[{"href":"https:\/\/sportseco.com\/index.php?rest_route=\/wp\/v2\/posts\/183402","targetHints":{"allow":["GET"]}}],"collection":[{"href":"https:\/\/sportseco.com\/index.php?rest_route=\/wp\/v2\/posts"}],"about":[{"href":"https:\/\/sportseco.com\/index.php?rest_route=\/wp\/v2\/types\/post"}],"author":[{"embeddable":true,"href":"https:\/\/sportseco.com\/index.php?rest_route=\/wp\/v2\/users\/1"}],"replies":[{"embeddable":true,"href":"https:\/\/sportseco.com\/index.php?rest_route=%2Fwp%2Fv2%2Fcomments&post=183402"}],"version-history":[{"count":1,"href":"https:\/\/sportseco.com\/index.php?rest_route=\/wp\/v2\/posts\/183402\/revisions"}],"predecessor-version":[{"id":183404,"href":"https:\/\/sportseco.com\/index.php?rest_route=\/wp\/v2\/posts\/183402\/revisions\/183404"}],"wp:featuredmedia":[{"embeddable":true,"href":"https:\/\/sportseco.com\/index.php?rest_route=\/wp\/v2\/media\/183403"}],"wp:attachment":[{"href":"https:\/\/sportseco.com\/index.php?rest_route=%2Fwp%2Fv2%2Fmedia&parent=183402"}],"wp:term":[{"taxonomy":"category","embeddable":true,"href":"https:\/\/sportseco.com\/index.php?rest_route=%2Fwp%2Fv2%2Fcategories&post=183402"},{"taxonomy":"post_tag","embeddable":true,"href":"https:\/\/sportseco.com\/index.php?rest_route=%2Fwp%2Fv2%2Ftags&post=183402"}],"curies":[{"name":"wp","href":"https:\/\/api.w.org\/{rel}","templated":true}]}}