{"id":183466,"date":"2025-03-30T17:10:31","date_gmt":"2025-03-30T21:10:31","guid":{"rendered":"https:\/\/sportseco.com\/?p=183466"},"modified":"2025-03-30T17:11:23","modified_gmt":"2025-03-30T21:11:23","slug":"con-la-estrategia-volvamos-a-mi-cali-bella-la-alcaldia-lidero-una-jornada-para-recuperar-el-paraiso-del-chontaduro","status":"publish","type":"post","link":"https:\/\/sportseco.com\/?p=183466","title":{"rendered":"Con la estrategia \u2018Volvamos a mi Cali Bella, la Alcald\u00eda lider\u00f3 una jornada para recuperar el \u2018para\u00edso del chontaduro\u2019"},"content":{"rendered":"\n<figure class=\"wp-block-image\"><img data-recalc-dims=\"1\" decoding=\"async\" src=\"https:\/\/i0.wp.com\/www.cali.gov.co\/participacion\/publicaciones\/185129\/con-la-estrategia-volvamos-a-mi-cali-bella-la-alcaldia-lidero-una-jornada-para-recuperar-el-paraiso-del-chontaduro\/info\/principal\/media\/pubInt\/thumbs\/thpub_700X400_185129.jpg?w=640&#038;ssl=1\" alt=\"Con la estrategia \u2018Volvamos a mi Cali Bella, la Alcald\u00eda lider\u00f3 una jornada para recuperar el \u2018para\u00edso del chontaduro\u2019\"\/><\/figure>\n\n\n\n<p>El prop\u00f3sito es recuperar el lugar para fortalecer el turismo y la econom\u00eda que gira alrededor del chontaduro.<\/p>\n\n\n\n<blockquote class=\"wp-block-quote is-layout-flow wp-block-quote-is-layout-flow\">\n<ul class=\"wp-block-list\">\n<li><em>La estrategia del alcalde Alejandro Eder lleg\u00f3 al Puente del Chontaduro. All\u00ed se adelant\u00f3 una jornada de embellecimiento y recuperaci\u00f3n de este tradicional sector de Cali.<\/em><br \/>\u00a0<\/li>\n\n\n\n<li><em>En el ic\u00f3nico sitio, decenas de familias logran su sustento diario con la venta del fruto tan apreciado por los cale\u00f1os, por sus caracter\u00edsticas nutritivas, medicinales y hasta afrodis\u00edacas.<\/em><\/li>\n<\/ul>\n<\/blockquote>\n\n\n\n<p><strong>Santiago de Cali, 29 de marzo de 2025<\/strong><br \/><br \/>El puente de la&nbsp;<em>carrera 8 en Alfonso L\u00f3pez<\/em>, al nororiente de Cali, alberga a decenas de familias cuyo sustento diario deriva de la venta de chontaduro, el ex\u00f3tico fruto tropical que cale\u00f1os y visitantes aprecian por sus propiedades nutritivas, medicinales y hasta afrodis\u00edacas, seg\u00fan cuenta la costumbre.<br \/><br \/>El tradicional lugar se conoce como&nbsp;<strong><em>Puente del Chontaduro<\/em><\/strong>, donde el rojizo color de los racimos del fruto se extiende provocativo en las mesas de los vendedores, que lo reciben por toneladas cuando llega desde el Pac\u00edfico, sobre todo en los primeros meses del a\u00f1o.&nbsp;&nbsp;<br \/><br \/>A este lugar lleg\u00f3 la estrategia&nbsp;<strong><em>\u2018Volvamos a mi Cali Bella\u2019<\/em><\/strong>, iniciativa del alcalde Alejandro Eder, cuyo objetivo es embellecer y recuperar la ciudad con la participaci\u00f3n de los organismos de la Alcald\u00eda, las empresas de aseo, comerciantes y la comunidad.<br \/><br \/><em>\u201cHace d\u00e9cadas, el lugar se ha ido convirtiendo en epicentro del comercio informal del fruto. Aqu\u00ed la econom\u00eda gira alrededor del chontaduro, que se distribuye al resto de la ciudad. Con la jornada le estamos apostando a impulsar la econom\u00eda y recuperaci\u00f3n de este sector tradicional y tur\u00edstico, como es el prop\u00f3sito del alcalde\u201d<\/em>, indic\u00f3 desde el&nbsp;<em>\u2018para\u00edso del chontaduro\u2019<\/em>&nbsp;Maritza Aponz\u00e1 Zapata, secretaria de Desarrollo Territorial y Participaci\u00f3n Ciudadana Distrital.<br \/><br \/>A la actividad se vincularon las Juntas de Acci\u00f3n Comunal (<em>JAC<\/em>), ediles, comerciantes y la comunidad en general.&nbsp;<em>\u201cAgradecemos su compromiso, su civismo y sentido de pertenencia por la ciudad\u201d,<\/em>&nbsp;destac\u00f3 Carolina Ord\u00f3\u00f1ez Cede\u00f1o, subsecretaria de Promoci\u00f3n y Fortalecimiento de la Participaci\u00f3n.<br \/><br \/><strong>Se pusieron la camiseta para recuperar el sector<\/strong><br \/><br \/>Seg\u00fan V\u00edctor Lugo Casta\u00f1o, coordinador y asesor de la Asociaci\u00f3n de Empresarios de la Comuna 7 (<em>Ascal<\/em>), el esfuerzo apunta a embellecer el puente y convertirlo en escenario tur\u00edstico.&nbsp;<em>\u201cQueremos que los turistas y la gente de Cali vean el embellecimiento. Es necesario concientizar a toda la comunidad a cuidar y embellecer este lugar y a no botar basuras, ni escombros\u201d<\/em>, reflexion\u00f3.<br \/><br \/>Con articulaci\u00f3n de Desarrollo Territorial y Participaci\u00f3n Ciudadana, a la jornada se vincularon Empresas Municipales de Cali (<em>Emcali<\/em>), la Unidad Administrativa Especial de Servicios P\u00fablicos (<em>Uaesp<\/em>), la Empresa de Desarrollo y Renovaci\u00f3n Urbana (<em>Edru<\/em>), Emsirva, el Departamento Administrativo de Gesti\u00f3n del Medio Ambiente (<em>Dagma<\/em>), las secretar\u00edas de Movilidad, Paz y Cultura Ciudadana y Seguridad y Justicia, el CALI 7, ediles de la misma comuna, el concejal Edison Lucum\u00ed, comerciantes y habitantes de la zona.<br \/><br \/><em>\u201cEn el Concejo tambi\u00e9n nos sumamos a estas grandes iniciativas que tiene la Administraci\u00f3n Distrital. Vemos c\u00f3mo se est\u00e1n recuperando los puentes de nuestra ciudad; vemos c\u00f3mo la comunidad est\u00e1 saliendo a participar y a ayudar, as\u00ed como las instituciones educativas\u201d<\/em>, opin\u00f3 el concejal Lucum\u00ed.<br \/><br \/>Durante el d\u00eda se adelantaron tareas de limpieza; recogida de residuos s\u00f3lidos voluminosos; se pintaron las columnas del puente, las paredes, bordes de sardineles, la cebra del pare y las barandas del puente peatonal; se hizo limpieza del canal de aguas lluvias; poda de \u00e1rboles; limpieza de material vegetal; se sembraron palmas y se retoc\u00f3 el mural.<br \/><br \/><strong>Una comunidad entusiasta y participativa<\/strong><br \/><br \/>Motivada por el prop\u00f3sito de mejorar las condiciones del sector, la comunidad se sum\u00f3 a activamente a la jornada. Luis Eduardo D\u00edaz, edil de la Comuna 7, anot\u00f3:&nbsp;<em>\u201cpara nosotros era de vital importancia que este espacio se recuperara con luminarias, embellecimiento y, por supuesto, en lo que tiene que ver con la seguridad; estamos muy agradecidos porque hoy se hizo realidad esto que tanto est\u00e1bamos necesitando para el nororiente de Cali\u201d<\/em>.<br \/><br \/>Para Marleny Tangarife, habitante del sector,&nbsp;<em>\u2018Volvamos a mi Cali Bella\u2019<\/em>&nbsp;es un proyecto hermoso.&nbsp;<em>\u201cEsto lo motiva a uno a pasar por ac\u00e1 y que la gente que viene de afuera vea lo hermoso que podemos convivir y que cada d\u00eda podamos ver esta belleza\u201d<\/em>, coment\u00f3.<br \/><br \/>A su vez, el comerciante Sifrido Angua Valencia, asegur\u00f3:&nbsp;<em>\u201cme gusta \u2018Volvamos a mi Cali Bella\u2019 porque se limpia y embellece el sector; entonces los turistas vienen a comprar m\u00e1s porque ven las cosas limpias y hay buena opini\u00f3n\u201d<\/em>.<br \/><br \/>Las tareas se cumplieron el viernes (<em>28.03.2025<\/em>) con mucho \u00e1nimo. Ni el sol de la ma\u00f1ana, ni la lluvia posterior impidieron la participaci\u00f3n amplia y entusiasta de la comunidad. Todo se desarroll\u00f3 en medio de un ambiente festivo: la gente permaneci\u00f3 contenta y los l\u00edderes atendieron a los participantes con refrescos, salpic\u00f3n y palomitas de ma\u00edz.<\/p>\n\n\n\n<p><\/p>\n\n\n\n<p><\/p>\n\n\n\n<p>cali.gov.co<\/p>\n","protected":false},"excerpt":{"rendered":"<p>El prop\u00f3sito es recuperar el lugar para fortalecer el turismo y la econom\u00eda que gira alrededor del chontaduro. Santiago de Cali, 29 de marzo de 2025 El puente de la&nbsp;carrera 8 en Alfonso L\u00f3pez, al nororiente de Cali, alberga a decenas de familias cuyo sustento diario deriva de la venta de chontaduro, el ex\u00f3tico fruto [&hellip;]<\/p>\n","protected":false},"author":1,"featured_media":183467,"comment_status":"closed","ping_status":"closed","sticky":false,"template":"","format":"standard","meta":{"_acf_changed":false,"_jetpack_memberships_contains_paid_content":false,"footnotes":"","jetpack_publicize_message":"","jetpack_publicize_feature_enabled":true,"jetpack_social_post_already_shared":true,"jetpack_social_options":{"image_generator_settings":{"template":"highway","default_image_id":0,"font":"","enabled":false},"version":2}},"categories":[1],"tags":[],"class_list":["post-183466","post","type-post","status-publish","format-standard","has-post-thumbnail","hentry","category-uncategorized"],"acf":[],"jetpack_publicize_connections":[],"jetpack_featured_media_url":"https:\/\/i0.wp.com\/sportseco.com\/wp-content\/uploads\/2025\/03\/thgaleria_700X400_318054.jpg?fit=600%2C400&ssl=1","jetpack_sharing_enabled":true,"_links":{"self":[{"href":"https:\/\/sportseco.com\/index.php?rest_route=\/wp\/v2\/posts\/183466","targetHints":{"allow":["GET"]}}],"collection":[{"href":"https:\/\/sportseco.com\/index.php?rest_route=\/wp\/v2\/posts"}],"about":[{"href":"https:\/\/sportseco.com\/index.php?rest_route=\/wp\/v2\/types\/post"}],"author":[{"embeddable":true,"href":"https:\/\/sportseco.com\/index.php?rest_route=\/wp\/v2\/users\/1"}],"replies":[{"embeddable":true,"href":"https:\/\/sportseco.com\/index.php?rest_route=%2Fwp%2Fv2%2Fcomments&post=183466"}],"version-history":[{"count":2,"href":"https:\/\/sportseco.com\/index.php?rest_route=\/wp\/v2\/posts\/183466\/revisions"}],"predecessor-version":[{"id":183470,"href":"https:\/\/sportseco.com\/index.php?rest_route=\/wp\/v2\/posts\/183466\/revisions\/183470"}],"wp:featuredmedia":[{"embeddable":true,"href":"https:\/\/sportseco.com\/index.php?rest_route=\/wp\/v2\/media\/183467"}],"wp:attachment":[{"href":"https:\/\/sportseco.com\/index.php?rest_route=%2Fwp%2Fv2%2Fmedia&parent=183466"}],"wp:term":[{"taxonomy":"category","embeddable":true,"href":"https:\/\/sportseco.com\/index.php?rest_route=%2Fwp%2Fv2%2Fcategories&post=183466"},{"taxonomy":"post_tag","embeddable":true,"href":"https:\/\/sportseco.com\/index.php?rest_route=%2Fwp%2Fv2%2Ftags&post=183466"}],"curies":[{"name":"wp","href":"https:\/\/api.w.org\/{rel}","templated":true}]}}