{"id":183687,"date":"2025-04-03T15:46:13","date_gmt":"2025-04-03T19:46:13","guid":{"rendered":"https:\/\/sportseco.com\/?p=183687"},"modified":"2025-04-03T15:46:19","modified_gmt":"2025-04-03T19:46:19","slug":"colombia-presente-en-el-panamericano-elite-de-ciclismo-de-pista","status":"publish","type":"post","link":"https:\/\/sportseco.com\/?p=183687","title":{"rendered":"Colombia presente en el Panamericano \u00c9lite de ciclismo de pista"},"content":{"rendered":"\n<figure class=\"wp-block-image\"><img data-recalc-dims=\"1\" height=\"360\" width=\"640\" decoding=\"async\" src=\"https:\/\/i0.wp.com\/olimpicocol.co\/web\/wp-content\/uploads\/2024\/08\/Kevin-Quintero-ciclismo-de-pista-keirirn--1200x675.jpg?resize=640%2C360&#038;ssl=1\" alt=\"\"\/><\/figure>\n\n\n\n<p>A cargo de los seleccionadores&nbsp;<strong>John Jaime Gonz\u00e1lez<\/strong>&nbsp;y<strong>&nbsp;Andr\u00e9s Torres&nbsp;<\/strong>el equipo colombiano de&nbsp;<strong>16 corredores<\/strong>&nbsp;se presentar\u00e1 en el&nbsp;<strong>Campeonato Panamericano de Pista \u00c9lite<\/strong>&nbsp;en el vel\u00f3dromo del Centro Nacional de Pista de Asunci\u00f3n, Paraguay, a desarrollarse desde este mi\u00e9rcoles hasta el domingo 6 de abril.<br \/><br \/>El equipo de nuestro pa\u00eds est\u00e1 encabezado por el medallista mundial de bronce en el keirin,&nbsp;<strong>Kevin Santiago Quintero<\/strong>, y por la cuatro veces campeona mundial en la categor\u00eda junior,<strong>&nbsp;Stefany Cuadrado<\/strong>. Sin embargo,&nbsp;<strong>Martha Bayona<\/strong>, atleta ol\u00edmpica y ganadora de dos oros en el Campeonato Panamericano de Los \u00c1ngeles 2024, y&nbsp;<strong>Santiago Ram\u00edrez<\/strong>, campe\u00f3n panamericano del kil\u00f3metro, no disputar\u00e1n el certamen.<br \/><br \/>Las pruebas de velocidad por equipos en ambas ramas; la clasificaci\u00f3n de la persecuci\u00f3n por equipos en ambas ramas y el scratch femenino son las pruebas con las que comienza este mi\u00e9rcoles el&nbsp;<strong>Panamericano \u00c9lite de Pista<\/strong>, que tambi\u00e9n dar\u00e1 puntos para el ranking mundial y el&nbsp;<strong>Campeonato Mundial de Santiago 2025<\/strong>, as\u00ed como cupos a los<strong>&nbsp;Juegos Panamericanos de la Juventud Asunci\u00f3n 2025<\/strong>.<br \/><br \/>Este<strong>&nbsp;jueves<\/strong>&nbsp;tendr\u00e1 lugar la final de la persecuci\u00f3n por equipos en ambas ramas, el keirin masculino, la eliminaci\u00f3n y las clasificaciones de la velocidad femenina. Al siguiente d\u00eda, el turno ser\u00e1 para la prueba por puntos y la persecuci\u00f3n individual en la rama masculina, y el \u00f3mnium y el sprint en la femenina.<br \/><br \/>La jornada contin\u00faa el<strong>&nbsp;s\u00e1bado<\/strong>&nbsp;con la contrarreloj, la prueba por puntos y la persecuci\u00f3n individual en la rama femenina, mientras que la masculina contar\u00e1 con el \u00f3mnium y el sprint. El&nbsp;<strong>domingo<\/strong>&nbsp;se cerrar\u00e1 el programa de competencias con la contrarreloj y la eliminaci\u00f3n en la rama masculina, el keirin femenino y las pruebas del madison en ambas ramas.<br \/><br \/>En la actuaci\u00f3n del a\u00f1o pasado, Colombia logr\u00f3 cuatro oros, 10 platas y tres bronces, para un total de 17 medallas en el&nbsp;<strong>Campeonato Panamericano de Los \u00c1ngeles 2024<\/strong>.<br \/><br \/>A continuaci\u00f3n, la n\u00f3mina completa de la&nbsp;<strong>Selecci\u00f3n Colombia de Pista<\/strong>:<br \/><br \/>Hombres:<br \/>\u2013 Kevin Quintero (velocidad)<br \/>\u2013 Cristian Ortega (velocidad)<br \/>\u2013 Nicol\u00e1s Olivera (velocidad)<br \/>\u2013 Rub\u00e9n Murillo (velocidad)<br \/>\u2013 Brayan S\u00e1nchez (medio fondo)<br \/>\u2013 Jordan Parra (medio fondo)<br \/>\u2013 Juan Esteban Arango (medio fondo)<br \/>\u2013 Nelson Soto (medio fondo)<br \/>\u2013 Anderson Arboleda (medio fondo)<\/p>\n\n\n\n<p>Mujeres:<br \/>\u2013 Stefany Cuadrado (velocidad)<br \/>\u2013 Juliana Gaviria (velocidad)<br \/>\u2013 Yarli Mosquera (velocidad)<br \/>\u2013 Lina Hern\u00e1ndez (medio fondo)<br \/>\u2013 Lina Rojas (medio fondo)<br \/>\u2013 Camila Valbuena (medio fondo)<br \/>\u2013 Elizabeth Casta\u00f1o (medio fondo)<\/p>\n\n\n\n<p>Con informaci\u00f3n de la Federaci\u00f3n Colombiana de Ciclismo.<\/p>\n\n\n\n<ul class=\"wp-block-list\">\n<li>Etiquetas<\/li>\n<\/ul>\n\n\n\n<p>olimpicocol.co<\/p>\n","protected":false},"excerpt":{"rendered":"<p>A cargo de los seleccionadores&nbsp;John Jaime Gonz\u00e1lez&nbsp;y&nbsp;Andr\u00e9s Torres&nbsp;el equipo colombiano de&nbsp;16 corredores&nbsp;se presentar\u00e1 en el&nbsp;Campeonato Panamericano de Pista \u00c9lite&nbsp;en el vel\u00f3dromo del Centro Nacional de Pista de Asunci\u00f3n, Paraguay, a desarrollarse desde este mi\u00e9rcoles hasta el domingo 6 de abril. El equipo de nuestro pa\u00eds est\u00e1 encabezado por el medallista mundial de bronce en el [&hellip;]<\/p>\n","protected":false},"author":1,"featured_media":183688,"comment_status":"closed","ping_status":"closed","sticky":false,"template":"","format":"standard","meta":{"_acf_changed":false,"_jetpack_memberships_contains_paid_content":false,"footnotes":"","jetpack_publicize_message":"","jetpack_publicize_feature_enabled":true,"jetpack_social_post_already_shared":true,"jetpack_social_options":{"image_generator_settings":{"template":"highway","default_image_id":0,"font":"","enabled":false},"version":2}},"categories":[14],"tags":[],"class_list":["post-183687","post","type-post","status-publish","format-standard","has-post-thumbnail","hentry","category-ciclismo"],"acf":[],"jetpack_publicize_connections":[],"jetpack_featured_media_url":"https:\/\/i0.wp.com\/sportseco.com\/wp-content\/uploads\/2025\/04\/Kevin-Quintero-ciclismo-de-pista-keirirn-2048x1152-1.jpg?fit=2048%2C1152&ssl=1","jetpack_sharing_enabled":true,"_links":{"self":[{"href":"https:\/\/sportseco.com\/index.php?rest_route=\/wp\/v2\/posts\/183687","targetHints":{"allow":["GET"]}}],"collection":[{"href":"https:\/\/sportseco.com\/index.php?rest_route=\/wp\/v2\/posts"}],"about":[{"href":"https:\/\/sportseco.com\/index.php?rest_route=\/wp\/v2\/types\/post"}],"author":[{"embeddable":true,"href":"https:\/\/sportseco.com\/index.php?rest_route=\/wp\/v2\/users\/1"}],"replies":[{"embeddable":true,"href":"https:\/\/sportseco.com\/index.php?rest_route=%2Fwp%2Fv2%2Fcomments&post=183687"}],"version-history":[{"count":1,"href":"https:\/\/sportseco.com\/index.php?rest_route=\/wp\/v2\/posts\/183687\/revisions"}],"predecessor-version":[{"id":183689,"href":"https:\/\/sportseco.com\/index.php?rest_route=\/wp\/v2\/posts\/183687\/revisions\/183689"}],"wp:featuredmedia":[{"embeddable":true,"href":"https:\/\/sportseco.com\/index.php?rest_route=\/wp\/v2\/media\/183688"}],"wp:attachment":[{"href":"https:\/\/sportseco.com\/index.php?rest_route=%2Fwp%2Fv2%2Fmedia&parent=183687"}],"wp:term":[{"taxonomy":"category","embeddable":true,"href":"https:\/\/sportseco.com\/index.php?rest_route=%2Fwp%2Fv2%2Fcategories&post=183687"},{"taxonomy":"post_tag","embeddable":true,"href":"https:\/\/sportseco.com\/index.php?rest_route=%2Fwp%2Fv2%2Ftags&post=183687"}],"curies":[{"name":"wp","href":"https:\/\/api.w.org\/{rel}","templated":true}]}}