{"id":184499,"date":"2025-04-17T14:20:56","date_gmt":"2025-04-17T18:20:56","guid":{"rendered":"https:\/\/sportseco.com\/?p=184499"},"modified":"2025-04-17T14:21:02","modified_gmt":"2025-04-17T18:21:02","slug":"el-colombiano-edison-callejas-se-impone-en-el-giro-de-abruzzo","status":"publish","type":"post","link":"https:\/\/sportseco.com\/?p=184499","title":{"rendered":"El Colombiano Edison Callejas se impone en el Giro de Abruzzo"},"content":{"rendered":"\n<p>Lo mejor de las carreras sin grandes superestrellas es que hay m\u00e1s espacio para todos, y cada ciclista puede atreverse a so\u00f1ar con algo grande. Il Giro d&#8217;Abruzzo 2025 es una de esas carreras, ya que la falta de un claro favorito significa que cada etapa trae consigo gratas sorpresas.<\/p>\n\n\n\n<p>La Etapa Reina nos ofreci\u00f3 la subida a Roccaraso, m\u00e1s concretamente al Piano d&#8217;Aremogna. Una subida lo suficientemente larga como para requerir un ritmo cuidadoso, una sincronizaci\u00f3n precisa y la fuerza para aguantar hasta la cima a 1.590 metros. Si a eso le sumamos la lluvia fr\u00eda y las temperaturas de 5 \u00b0C (sensaci\u00f3n t\u00e9rmica), el resultado fue una etapa propicia para las sorpresas. No era descabellado que surgiera un nuevo nombre, pero lo que nos encontramos fue un completo desconocido para el p\u00fablico general, un ciclista que nunca hab\u00eda conseguido una victoria UCI, ni siquiera en categor\u00edas inferiores. Ese atleta es Edison Callejas, un colombiano de 24 a\u00f1os que a\u00fan espera ser descubierto, nacido a 2.640 metros sobre el nivel del mar en Bogot\u00e1.<\/p>\n\n\n\n<p>El ciclista del Petrolike le dio a su equipo la victoria m\u00e1s prestigiosa de su historia, atacando a 11 km de la cima y abriendo r\u00e1pidamente una ventaja de m\u00e1s de 40 segundos sobre sus rivales. \u00a1Y no se equivoquen! No se enfrentaba a un equipo de segunda categor\u00eda. Detr\u00e1s de \u00e9l estaban dos profesionales experimentados como David De La Cruz (Q36.5) y Georg Zimmermann (Intermarch\u00e9\u2013Wanty), quien se asegur\u00f3 el maillot de l\u00edder del BiancoVerdeBlu con su segundo puesto, adem\u00e1s de dos escaladores j\u00f3venes y talentosos como Pablo Torres (UAE Team Emirates\u2013XRG), subcampe\u00f3n tanto en el Tour de l\u2019Avenir como en el Giro Next Gen del a\u00f1o pasado, y Mathys Rondel (Tudor), cuarto en este \u00faltimo. Incluso d\u00e1ndolo todo, estos ciclistas no pudieron acercarse al sorprendente Callejas, quien, podemos afirmar con seguridad, tendr\u00e1 muchos admiradores sigui\u00e9ndolo de cerca a partir de ahora.<\/p>\n\n\n\n<p>Ma\u00f1ana llega la que probablemente sea la etapa m\u00e1s f\u00e1cil del Giro de Abruzzo 2025. El nuevo l\u00edder, Zimmermann, podr\u00e1 centrarse en defender su posici\u00f3n, vigilando de cerca las bonificaciones de tiempo, mientras que el resto buscar\u00e1 ascender en la general o ir a por todas para ganar la final frente al Santuario de San Gabriele en la Isola del Gran Sasso.<\/p>\n\n\n\n<p><\/p>\n\n\n\n<p>ilgirodabruzzo.it<\/p>\n","protected":false},"excerpt":{"rendered":"<p>Lo mejor de las carreras sin grandes superestrellas es que hay m\u00e1s espacio para todos, y cada ciclista puede atreverse a so\u00f1ar con algo grande. Il Giro d&#8217;Abruzzo 2025 es una de esas carreras, ya que la falta de un claro favorito significa que cada etapa trae consigo gratas sorpresas. La Etapa Reina nos ofreci\u00f3 [&hellip;]<\/p>\n","protected":false},"author":1,"featured_media":184500,"comment_status":"closed","ping_status":"closed","sticky":false,"template":"","format":"standard","meta":{"_acf_changed":false,"_jetpack_memberships_contains_paid_content":false,"footnotes":"","jetpack_publicize_message":"","jetpack_publicize_feature_enabled":true,"jetpack_social_post_already_shared":true,"jetpack_social_options":{"image_generator_settings":{"template":"highway","default_image_id":0,"font":"","enabled":false},"version":2}},"categories":[14],"tags":[],"class_list":["post-184499","post","type-post","status-publish","format-standard","has-post-thumbnail","hentry","category-ciclismo"],"acf":[],"jetpack_publicize_connections":[],"jetpack_featured_media_url":"https:\/\/i0.wp.com\/sportseco.com\/wp-content\/uploads\/2025\/04\/JKaU1bLL0auc00nGAKZB_170425-031613-e1744903003125.jpg?fit=1280%2C640&ssl=1","jetpack_sharing_enabled":true,"_links":{"self":[{"href":"https:\/\/sportseco.com\/index.php?rest_route=\/wp\/v2\/posts\/184499","targetHints":{"allow":["GET"]}}],"collection":[{"href":"https:\/\/sportseco.com\/index.php?rest_route=\/wp\/v2\/posts"}],"about":[{"href":"https:\/\/sportseco.com\/index.php?rest_route=\/wp\/v2\/types\/post"}],"author":[{"embeddable":true,"href":"https:\/\/sportseco.com\/index.php?rest_route=\/wp\/v2\/users\/1"}],"replies":[{"embeddable":true,"href":"https:\/\/sportseco.com\/index.php?rest_route=%2Fwp%2Fv2%2Fcomments&post=184499"}],"version-history":[{"count":1,"href":"https:\/\/sportseco.com\/index.php?rest_route=\/wp\/v2\/posts\/184499\/revisions"}],"predecessor-version":[{"id":184501,"href":"https:\/\/sportseco.com\/index.php?rest_route=\/wp\/v2\/posts\/184499\/revisions\/184501"}],"wp:featuredmedia":[{"embeddable":true,"href":"https:\/\/sportseco.com\/index.php?rest_route=\/wp\/v2\/media\/184500"}],"wp:attachment":[{"href":"https:\/\/sportseco.com\/index.php?rest_route=%2Fwp%2Fv2%2Fmedia&parent=184499"}],"wp:term":[{"taxonomy":"category","embeddable":true,"href":"https:\/\/sportseco.com\/index.php?rest_route=%2Fwp%2Fv2%2Fcategories&post=184499"},{"taxonomy":"post_tag","embeddable":true,"href":"https:\/\/sportseco.com\/index.php?rest_route=%2Fwp%2Fv2%2Ftags&post=184499"}],"curies":[{"name":"wp","href":"https:\/\/api.w.org\/{rel}","templated":true}]}}