{"id":184572,"date":"2025-04-18T16:43:28","date_gmt":"2025-04-18T20:43:28","guid":{"rendered":"https:\/\/sportseco.com\/?p=184572"},"modified":"2025-04-18T16:43:34","modified_gmt":"2025-04-18T20:43:34","slug":"evenepoel-gana-al-regresar-de-una-grave-lesion","status":"publish","type":"post","link":"https:\/\/sportseco.com\/?p=184572","title":{"rendered":"Evenepoel gana al regresar de una grave lesi\u00f3n"},"content":{"rendered":"\n<p>El bicampe\u00f3n ol\u00edmpico Remco Evenepoel gan\u00f3 en su regreso a la competici\u00f3n tras sufrir m\u00faltiples fracturas \u00f3seas en un grave accidente el a\u00f1o pasado.<\/p>\n\n\n\n<p>Cuatro meses despu\u00e9s de sufrir fracturas de costillas, om\u00f3plato y mano durante el accidente durante un entrenamiento, el belga super\u00f3 en velocidad a su compatriota Wout van Aert para ganar la Brabantse Pijl, celebrada en las carreteras de la zona donde creci\u00f3.<\/p>\n\n\n\n<p>El ciclista de 25 a\u00f1os tambi\u00e9n sufri\u00f3 contusiones pulmonares, una clav\u00edcula derecha dislocada y varias roturas de ligamentos tras chocar con la puerta abierta de un veh\u00edculo postal.<\/p>\n\n\n\n<p>El jueves antes de la carrera, Evenepoel declar\u00f3 que sus lesiones \u00abhabr\u00edan acabado con mi carrera si hubiera sido tenista o jugador de baloncesto\u00bb.<\/p>\n\n\n\n<p>El ciclista de Soudal-Quick Step y Van Aert, de Visma-Lease A Bike, atacaron a poco menos de un tercio de la meta, y pronto se les uni\u00f3 el ciclista brit\u00e1nico de 22 a\u00f1os Joe Blackmore.<\/p>\n\n\n\n<p>El ciclista del Israel-Premier Tech, Blackmore, se qued\u00f3 atr\u00e1s cuando Evenpoel atac\u00f3 en la pen\u00faltima subida, mientras que el portugu\u00e9s Antonio Morgado gan\u00f3 el sprint del grupo para hacerse con el tercer puesto.<\/p>\n\n\n\n<p>\u00abMe estoy sorprendiendo a m\u00ed mismo. Estaba muy fresco\u00bb, declar\u00f3 Evenepoel. \u00abEstoy especialmente satisfecho con mi sprint. \u00daltimamente, he estado trabajando mucho en mi explosividad y ha dado sus frutos\u00bb.<\/p>\n\n\n\n<p>Es la primera victoria de Evenepoel desde que consigui\u00f3 su segundo t\u00edtulo mundial de contrarreloj en el Campeonato Mundial de Z\u00farich en septiembre de 2024.<\/p>\n\n\n\n<p>El belga espera competir en las tres cl\u00e1sicas de las Ardenas y el Tour de Romand\u00eda como preparaci\u00f3n para el Tour de Francia de este a\u00f1o.<\/p>\n\n\n\n<p>Evenepoel gan\u00f3 el oro en la contrarreloj ol\u00edmpica y en la carrera en ruta en los Juegos Ol\u00edmpicos de Par\u00eds el verano pasado.<\/p>\n\n\n\n<p>Tambi\u00e9n termin\u00f3 tercero en la general del Tour de Francia, al ganar la contrarreloj individual de la s\u00e9ptima etapa.<\/p>\n\n\n\n<p><\/p>\n\n\n\n<p>bbc.com<\/p>\n","protected":false},"excerpt":{"rendered":"<p>El bicampe\u00f3n ol\u00edmpico Remco Evenepoel gan\u00f3 en su regreso a la competici\u00f3n tras sufrir m\u00faltiples fracturas \u00f3seas en un grave accidente el a\u00f1o pasado. Cuatro meses despu\u00e9s de sufrir fracturas de costillas, om\u00f3plato y mano durante el accidente durante un entrenamiento, el belga super\u00f3 en velocidad a su compatriota Wout van Aert para ganar la [&hellip;]<\/p>\n","protected":false},"author":1,"featured_media":184573,"comment_status":"closed","ping_status":"closed","sticky":false,"template":"","format":"standard","meta":{"_acf_changed":false,"_jetpack_memberships_contains_paid_content":false,"footnotes":"","jetpack_publicize_message":"","jetpack_publicize_feature_enabled":true,"jetpack_social_post_already_shared":true,"jetpack_social_options":{"image_generator_settings":{"template":"highway","default_image_id":0,"font":"","enabled":false},"version":2}},"categories":[14],"tags":[],"class_list":["post-184572","post","type-post","status-publish","format-standard","has-post-thumbnail","hentry","category-ciclismo"],"acf":[],"jetpack_publicize_connections":[],"jetpack_featured_media_url":"https:\/\/i0.wp.com\/sportseco.com\/wp-content\/uploads\/2025\/04\/cdaa28b0-1c69-11f0-85b0-05a0ad4973b9.jpg.webp?fit=976%2C549&ssl=1","jetpack_sharing_enabled":true,"_links":{"self":[{"href":"https:\/\/sportseco.com\/index.php?rest_route=\/wp\/v2\/posts\/184572","targetHints":{"allow":["GET"]}}],"collection":[{"href":"https:\/\/sportseco.com\/index.php?rest_route=\/wp\/v2\/posts"}],"about":[{"href":"https:\/\/sportseco.com\/index.php?rest_route=\/wp\/v2\/types\/post"}],"author":[{"embeddable":true,"href":"https:\/\/sportseco.com\/index.php?rest_route=\/wp\/v2\/users\/1"}],"replies":[{"embeddable":true,"href":"https:\/\/sportseco.com\/index.php?rest_route=%2Fwp%2Fv2%2Fcomments&post=184572"}],"version-history":[{"count":1,"href":"https:\/\/sportseco.com\/index.php?rest_route=\/wp\/v2\/posts\/184572\/revisions"}],"predecessor-version":[{"id":184574,"href":"https:\/\/sportseco.com\/index.php?rest_route=\/wp\/v2\/posts\/184572\/revisions\/184574"}],"wp:featuredmedia":[{"embeddable":true,"href":"https:\/\/sportseco.com\/index.php?rest_route=\/wp\/v2\/media\/184573"}],"wp:attachment":[{"href":"https:\/\/sportseco.com\/index.php?rest_route=%2Fwp%2Fv2%2Fmedia&parent=184572"}],"wp:term":[{"taxonomy":"category","embeddable":true,"href":"https:\/\/sportseco.com\/index.php?rest_route=%2Fwp%2Fv2%2Fcategories&post=184572"},{"taxonomy":"post_tag","embeddable":true,"href":"https:\/\/sportseco.com\/index.php?rest_route=%2Fwp%2Fv2%2Ftags&post=184572"}],"curies":[{"name":"wp","href":"https:\/\/api.w.org\/{rel}","templated":true}]}}