{"id":184770,"date":"2025-04-22T09:14:29","date_gmt":"2025-04-22T13:14:29","guid":{"rendered":"https:\/\/sportseco.com\/?p=184770"},"modified":"2025-04-22T09:14:34","modified_gmt":"2025-04-22T13:14:34","slug":"cali-avanza-hacia-la-sostenibilidad-con-el-urbanista-young-hoon-kwaak-y-la-implementacion-del-plan-cali-500","status":"publish","type":"post","link":"https:\/\/sportseco.com\/?p=184770","title":{"rendered":"Cali avanza hacia la sostenibilidad con el urbanista Young-Hoon Kwaak y la implementaci\u00f3n del Plan Cali 500+"},"content":{"rendered":"\n<figure class=\"wp-block-image\"><img data-recalc-dims=\"1\" decoding=\"async\" src=\"https:\/\/i0.wp.com\/www.cali.gov.co\/info\/caligovco_se\/media\/pubInt\/thumbs\/thpubInt_700X400_186445.webp?w=640&#038;ssl=1\" alt=\"Cali avanza hacia la sostenibilidad con el urbanista Young-Hoon Kwaak y la implementaci\u00f3n del Plan Cali 500+\" title=\"\"\/><\/figure>\n\n\n\n<ul class=\"wp-block-list\">\n<li><em>Cali proyecta su futuro como ciudad sostenible con la visita del urbanista internacional Young-Hoon Kwaak y el impulso del Plan Cali 500+, una estrategia liderada por el alcalde Alejandro Eder que busca transformar la ciudad en un referente de sostenibilidad.<\/em><\/li>\n<\/ul>\n\n\n\n<p><strong>Santiago de Cali, 21 de abril de 2025<\/strong>&nbsp;<br \/><br \/>Con el objetivo de seguir construyendo el camino para lograr hacer de Cali una ciudad m\u00e1s verde, sostenible y pensada desde la ciudadan\u00eda, hoy la Alcald\u00eda de Santiago de Cali recibi\u00f3 la visita del destacado urbanista coreano Young-Hoon Kwaak, reconocido a nivel mundial por su liderazgo en planeaci\u00f3n urbana sostenible.&nbsp;<br \/><br \/>De manera oficial, el urbanista Young-Hoon Kwaak se uni\u00f3 a la visi\u00f3n estrat\u00e9gica del Plan Cali 500+, una estrategia de largo plazo que lidera el alcalde Alejandro Eder y que busca transformar la ciudad con una visi\u00f3n estrat\u00e9gica hacia el a\u00f1o 2036. Cali 500 contempla iniciativas claves en descarbonizaci\u00f3n, protecci\u00f3n de la biodiversidad, movilidad limpia, nuevos y mejores espacios p\u00fablicos, educaci\u00f3n ambiental, y un profundo desarrollo sostenible que impulse la econom\u00eda local.<br \/><br \/>Kwaak ha sido asesor de Naciones Unidas y de m\u00faltiples ciudades asi\u00e1ticas y europeas en procesos de transformaci\u00f3n urbana integradora, y es conocido por promover modelos de desarrollo que equilibran crecimiento urbano, protecci\u00f3n ambiental y bienestar ciudadano.<br \/><br \/>Durante su visita, el urbanista comparti\u00f3 su visi\u00f3n sobre los retos y oportunidades de las ciudades frente al cambio clim\u00e1tico y destac\u00f3 el potencial de Cali como ciudad referente en Am\u00e9rica Latina. \u201cLa conversaci\u00f3n de ciudad es fundamental para planificar iniciativas que buscan construir ciudades sostenibles\u201d, afirm\u00f3, haciendo \u00e9nfasis en la importancia de escuchar activamente a las comunidades para garantizar que los proyectos respondan a sus realidades y aspiraciones.<br \/><br \/>Durante este encuentro, tambi\u00e9n estuvo presente Juan Carlos Caiza, exembajador de Colombia en Corea del Sur, quien expres\u00f3 que \u201cquiero felicitar al alcalde Alejandro Eder por este a\u00f1o y cuatro meses de trabajo porque no solo pens\u00f3 en un plan de desarrollo para Cali si no tambi\u00e9n en un plan de descarbonizaci\u00f3n para Cali, esto est\u00e1 configurando una visi\u00f3n de ciudad capital del Pac\u00edfico y capital de la biodiversidad\u201d.<br \/><br \/>En la jornada que cont\u00f3 con la presencia del alcalde Alejandro Eder, se realiz\u00f3 la presentaci\u00f3n del Plan Maestro Ambiental de Cali y seguidamente se realiz\u00f3 una mesa t\u00e9cnica con expertos, representantes de la sociedad civil, academia y autoridades locales, donde se discutieron lineamientos para seguir avanzando en la hoja de ruta hacia una Cali m\u00e1s sostenible.<br \/><br \/>Fernando Pati\u00f1o, asistente a esta jornada y quien representa a la sociedad civil desde el colectivo Alianza por los R\u00edos de Cali, manifest\u00f3 que \u201cnos sentimos felices que a los apellidos que tiene Cali, de Cali como ciudad deportiva, Cali como capital mundial de la salsa, ahora est\u00e9 en el centro Cali, capital de la biodiversidad\u201d.<br \/><br \/>Diana Rojas, directora del Plan Cali 500+ expres\u00f3 que \u201clo fundamental de estas conversaciones es que tengan incidencia, porque las personas est\u00e1n cansadas de participar en espacios de escucha a la ciudadan\u00eda y que como ha sucedido antes no pase nada\u201d. Enfatizando que, en dicho plan prospectivo, s\u00ed se est\u00e1 escuchando e incorporando los sentires de la gente desde diversos campos, incluyendo la escucha activa a la sociedad civil, a la academia y a las autoridades ambientales.&nbsp;<br \/><br \/>De esta manera, con liderazgo y visi\u00f3n, la administraci\u00f3n del alcalde Alejandro Eder contin\u00faa con el compromiso de recuperar a Cali, proyectando un futuro en el que la ciudad se convierta en un referente a nivel de Latinoam\u00e9rica, como una ciudad modelo en sostenibilidad.&nbsp;<\/p>\n\n\n\n<p><\/p>\n\n\n\n<p>cali.gov.co<\/p>\n","protected":false},"excerpt":{"rendered":"<p>Santiago de Cali, 21 de abril de 2025&nbsp; Con el objetivo de seguir construyendo el camino para lograr hacer de Cali una ciudad m\u00e1s verde, sostenible y pensada desde la ciudadan\u00eda, hoy la Alcald\u00eda de Santiago de Cali recibi\u00f3 la visita del destacado urbanista coreano Young-Hoon Kwaak, reconocido a nivel mundial por su liderazgo en [&hellip;]<\/p>\n","protected":false},"author":1,"featured_media":184771,"comment_status":"closed","ping_status":"closed","sticky":false,"template":"","format":"standard","meta":{"_acf_changed":false,"_jetpack_memberships_contains_paid_content":false,"footnotes":"","jetpack_publicize_message":"","jetpack_publicize_feature_enabled":true,"jetpack_social_post_already_shared":true,"jetpack_social_options":{"image_generator_settings":{"template":"highway","default_image_id":0,"font":"","enabled":false},"version":2}},"categories":[1],"tags":[],"class_list":["post-184770","post","type-post","status-publish","format-standard","has-post-thumbnail","hentry","category-uncategorized"],"acf":[],"jetpack_publicize_connections":[],"jetpack_featured_media_url":"https:\/\/i0.wp.com\/sportseco.com\/wp-content\/uploads\/2025\/04\/thgaleria_700X400_320203.webp?fit=600%2C400&ssl=1","jetpack_sharing_enabled":true,"_links":{"self":[{"href":"https:\/\/sportseco.com\/index.php?rest_route=\/wp\/v2\/posts\/184770","targetHints":{"allow":["GET"]}}],"collection":[{"href":"https:\/\/sportseco.com\/index.php?rest_route=\/wp\/v2\/posts"}],"about":[{"href":"https:\/\/sportseco.com\/index.php?rest_route=\/wp\/v2\/types\/post"}],"author":[{"embeddable":true,"href":"https:\/\/sportseco.com\/index.php?rest_route=\/wp\/v2\/users\/1"}],"replies":[{"embeddable":true,"href":"https:\/\/sportseco.com\/index.php?rest_route=%2Fwp%2Fv2%2Fcomments&post=184770"}],"version-history":[{"count":1,"href":"https:\/\/sportseco.com\/index.php?rest_route=\/wp\/v2\/posts\/184770\/revisions"}],"predecessor-version":[{"id":184772,"href":"https:\/\/sportseco.com\/index.php?rest_route=\/wp\/v2\/posts\/184770\/revisions\/184772"}],"wp:featuredmedia":[{"embeddable":true,"href":"https:\/\/sportseco.com\/index.php?rest_route=\/wp\/v2\/media\/184771"}],"wp:attachment":[{"href":"https:\/\/sportseco.com\/index.php?rest_route=%2Fwp%2Fv2%2Fmedia&parent=184770"}],"wp:term":[{"taxonomy":"category","embeddable":true,"href":"https:\/\/sportseco.com\/index.php?rest_route=%2Fwp%2Fv2%2Fcategories&post=184770"},{"taxonomy":"post_tag","embeddable":true,"href":"https:\/\/sportseco.com\/index.php?rest_route=%2Fwp%2Fv2%2Ftags&post=184770"}],"curies":[{"name":"wp","href":"https:\/\/api.w.org\/{rel}","templated":true}]}}