{"id":184779,"date":"2025-04-23T08:42:16","date_gmt":"2025-04-23T12:42:16","guid":{"rendered":"https:\/\/sportseco.com\/?p=184779"},"modified":"2025-04-23T08:42:23","modified_gmt":"2025-04-23T12:42:23","slug":"dia-del-idioma-espanol-en-las-naciones-unidas-23-de-abril-6","status":"publish","type":"post","link":"https:\/\/sportseco.com\/?p=184779","title":{"rendered":"D\u00eda del Idioma Espa\u00f1ol en las Naciones Unidas, 23 de abril"},"content":{"rendered":"\n<p><img data-recalc-dims=\"1\" decoding=\"async\" src=\"https:\/\/i0.wp.com\/www.un.org\/sites\/un2.un.org\/files\/styles\/banner-image-style-27-10\/public\/2025\/04\/idioma_espanol_2025.png?w=640&#038;ssl=1\" alt=\"Dos personas charlando y un globo terrestre de donde sales las palabras BLA BLA BLA en zonas de Latino Am\u00e9rica y Espa\u00f1a\"\/><\/p>\n\n\n\n<h2 class=\"wp-block-heading\">La ONU tambi\u00e9n habla con&nbsp;\u00d1<\/h2>\n\n\n\n<p>El 23 de abril se celebra el \u00abD\u00eda del Idioma&nbsp;Espa\u00f1ol&nbsp;en las Naciones Unidas\u00bb&nbsp;para concienciar al personal de la Organizaci\u00f3n, y al mundo en general, acerca de la historia, la cultura y el uso del espa\u00f1ol como idioma oficial.<\/p>\n\n\n\n<p>La elecci\u00f3n del d\u00eda atiende al aniversario de la muerte del gran genio de las letras espa\u00f1olas, Miguel de Cervantes. Casualmente, la fecha de su fallecimiento coincide con la del m\u00e1s prestigioso dramaturgo ingl\u00e9s, William Shakespeare. De ah\u00ed que ambas lenguas compartan el&nbsp;d\u00eda.<\/p>\n\n\n\n<h3 class=\"wp-block-heading\">Creciente inter\u00e9s de los hispanohablantes por las Naciones Unidas<\/h3>\n\n\n\n<p>Las Naciones Unidas siempre han buscado maneras creativas de promover los idiomas oficiales en todas las esferas de su labor, entre las que por supuesto no podr\u00eda faltar el espa\u00f1ol.<\/p>\n\n\n\n<p>La Secretar\u00eda utiliza medios formales e informales para llegar tanto al p\u00fablico mundial como a su personal. Desde los servicios de interpretaci\u00f3n y traducci\u00f3n, pasando por los&nbsp;<a href=\"https:\/\/languages.un.org\/es\">programas de lenguas y de&nbsp;comunicaci\u00f3n<\/a>&nbsp;para&nbsp;sus empleados o los servicios de comunicaci\u00f3n externa multiling\u00fces (<a href=\"https:\/\/www.un.org\/es\/\">web<\/a>,&nbsp;<a href=\"https:\/\/news.un.org\/es\/\">noticias<\/a>&nbsp;y&nbsp;<a href=\"https:\/\/www.un.org\/es\/sections\/about-website\/un-social-media\/\">redes sociales<\/a>).<\/p>\n\n\n\n<p>En el caso del espa\u00f1ol tambi\u00e9n se cuenta con otra herramienta extraordinaria: el&nbsp;<a href=\"https:\/\/twitter.com\/gaeonuny?lang=en\">Grupo de Amigos del Espa\u00f1ol<\/a>, un equipo fundado en 2013 por los 20 Estados miembros de habla hispana para coordinar y realizar actividades dirigidas a promocionar el uso y la difusi\u00f3n del espa\u00f1ol en la labor de la ONU.<\/p>\n\n\n\n<p>Dicho grupo se cre\u00f3 por el creciente inter\u00e9s de los pueblos de habla hispana en la misi\u00f3n de las Naciones Unidas, lo cual ha venido impactando en las actividades de la Organizaci\u00f3n a trav\u00e9s de mayores y sostenidas consultas, interacciones y demandas del p\u00fablico hispanoparlante de todo el planeta.<\/p>\n\n\n\n<figure class=\"wp-block-image\"><img data-recalc-dims=\"1\" decoding=\"async\" src=\"https:\/\/i0.wp.com\/www.un.org\/sites\/un2.un.org\/files\/adobestock_245889903_hablasespanol.jpeg?w=640&#038;ssl=1\" alt=\"Mujer con una pizarra donde se lee: \u00bfHablas espa\u00f1ol?\"\/><\/figure>\n\n\n\n<h4 class=\"wp-block-heading\">Divi\u00e9rtete y aprende con nuestro cuestionario<\/h4>\n\n\n\n<p>Te invitamos a demostrar tu conocimiento de la lengua espa\u00f1ola y su cultura con este&nbsp;<a href=\"https:\/\/www.un.org\/es\/content\/quiz\/spanish.shtml\">cuestionario<\/a>. \u00a1An\u00edmate tanto si eres nativo como si est\u00e1s aprendiendo espa\u00f1ol!<\/p>\n\n\n\n<p><a href=\"https:\/\/www.un.org\/es\/content\/quiz\/spanish.shtml\" target=\"_blank\" rel=\"noreferrer noopener\">CUESTIONARIO<\/a><\/p>\n\n\n\n<h3 class=\"wp-block-heading\">Multiling\u00fcismo o c\u00f3mo \u201cllegar al coraz\u00f3n\u201d<\/h3>\n\n\n\n<p>Nelson Mandela afirmaba que \u00absi hablas a un hombre en una lengua que entiende, el mensaje llega a su cabeza. Si le hablas en su lengua, le llega a su coraz\u00f3n\u00bb.<\/p>\n\n\n\n<p>Esta premisa ha estado presente en las Naciones Unidas desde su fundaci\u00f3n, m\u00e1xime teniendo en cuenta su esp\u00edritu de paz, reconciliaci\u00f3n y entendimiento tras un periodo de guerra.<\/p>\n\n\n\n<p>De esta forma, la Organizaci\u00f3n apost\u00f3 por el&nbsp;<a href=\"https:\/\/www.un.org\/es\/sections\/observances\/celebrating-multilingualism\/index.html\">multiling\u00fcismo<\/a>&nbsp;en el reconocimiento del \u00e1rabe, el chino, el espa\u00f1ol, el franc\u00e9s, el ingl\u00e9s y el ruso como idiomas oficiales; mientras, el franc\u00e9s y el ingl\u00e9s ser\u00edan los idiomas de trabajo de la Secretar\u00eda de las Naciones Unidas, factor que persiste en la actualidad.<\/p>\n\n\n\n<blockquote class=\"wp-block-quote is-layout-flow wp-block-quote-is-layout-flow\">\n<p>Si hablas a un hombre<br \/>en una lengua que entiende,<br \/>el mensaje llega a su cabeza.<br \/>Si le hablas en su lengua,<br \/>le llega a su coraz\u00f3n.<\/p>\n<\/blockquote>\n\n\n\n<p>A\u00f1os m\u00e1s tarde, en 1999, la Asamblea General entend\u00eda que se precisaba de un coordinador para las cuestiones relativas al multiling\u00fcismo en la Secretar\u00eda con el fin de armonizar las medidas adoptadas y proponer estrategias que fomentaran el uso de varias lenguas para expandir los ideales de la Organizaci\u00f3n. Actualmente ese coordinador es&nbsp;<a href=\"https:\/\/www.un.org\/sg\/es\/content\/profiles\/movses-abelian-0\">Movses Abelian<\/a>,&nbsp;Secretario General Adjunto de la Asamblea General y de Gesti\u00f3n de Conferencias, tras su nombramiento por parte del Secretario General.&nbsp;<\/p>\n\n\n\n<p>En 2010, la Organizaci\u00f3n dio otro paso m\u00e1s hacia su apuesta multiling\u00fcista y decidi\u00f3 celebrar su diversidad cultural a trav\u00e9s del establecimiento de los \u00abD\u00edas de las Lenguas\u00bb para sus seis idiomas oficiales.<\/p>\n\n\n\n<p>Las fechas se eligieron por su simbolismo o importancia hist\u00f3rica para cada uno de los idiomas.<\/p>\n\n\n\n<p>Un a\u00f1o m\u00e1s tarde, en 2011, las Naciones Unidas propugnaron el multiling\u00fcismo como medio para promover, proteger, y preservar la diversidad de idiomas y culturas en todo el mundo, lo que implicaba a su vez el fomento del respeto de la diversidad cultural, el di\u00e1logo intercultural y una participaci\u00f3n m\u00e1s amplia y efectiva de todos dentro de la Organizaci\u00f3n.<\/p>\n\n\n\n<p><\/p>\n\n\n\n<p>un.org<\/p>\n","protected":false},"excerpt":{"rendered":"<p>La ONU tambi\u00e9n habla con&nbsp;\u00d1 El 23 de abril se celebra el \u00abD\u00eda del Idioma&nbsp;Espa\u00f1ol&nbsp;en las Naciones Unidas\u00bb&nbsp;para concienciar al personal de la Organizaci\u00f3n, y al mundo en general, acerca de la historia, la cultura y el uso del espa\u00f1ol como idioma oficial. La elecci\u00f3n del d\u00eda atiende al aniversario de la muerte del gran [&hellip;]<\/p>\n","protected":false},"author":1,"featured_media":184780,"comment_status":"closed","ping_status":"closed","sticky":false,"template":"","format":"standard","meta":{"_acf_changed":false,"_jetpack_memberships_contains_paid_content":false,"footnotes":"","jetpack_publicize_message":"","jetpack_publicize_feature_enabled":true,"jetpack_social_post_already_shared":true,"jetpack_social_options":{"image_generator_settings":{"template":"highway","default_image_id":0,"font":"","enabled":false},"version":2}},"categories":[6],"tags":[],"class_list":["post-184779","post","type-post","status-publish","format-standard","has-post-thumbnail","hentry","category-ecologia"],"acf":[],"jetpack_publicize_connections":[],"jetpack_featured_media_url":"https:\/\/i0.wp.com\/sportseco.com\/wp-content\/uploads\/2025\/04\/idioma_espanol_2025.png?fit=1350%2C500&ssl=1","jetpack_sharing_enabled":true,"_links":{"self":[{"href":"https:\/\/sportseco.com\/index.php?rest_route=\/wp\/v2\/posts\/184779","targetHints":{"allow":["GET"]}}],"collection":[{"href":"https:\/\/sportseco.com\/index.php?rest_route=\/wp\/v2\/posts"}],"about":[{"href":"https:\/\/sportseco.com\/index.php?rest_route=\/wp\/v2\/types\/post"}],"author":[{"embeddable":true,"href":"https:\/\/sportseco.com\/index.php?rest_route=\/wp\/v2\/users\/1"}],"replies":[{"embeddable":true,"href":"https:\/\/sportseco.com\/index.php?rest_route=%2Fwp%2Fv2%2Fcomments&post=184779"}],"version-history":[{"count":1,"href":"https:\/\/sportseco.com\/index.php?rest_route=\/wp\/v2\/posts\/184779\/revisions"}],"predecessor-version":[{"id":184781,"href":"https:\/\/sportseco.com\/index.php?rest_route=\/wp\/v2\/posts\/184779\/revisions\/184781"}],"wp:featuredmedia":[{"embeddable":true,"href":"https:\/\/sportseco.com\/index.php?rest_route=\/wp\/v2\/media\/184780"}],"wp:attachment":[{"href":"https:\/\/sportseco.com\/index.php?rest_route=%2Fwp%2Fv2%2Fmedia&parent=184779"}],"wp:term":[{"taxonomy":"category","embeddable":true,"href":"https:\/\/sportseco.com\/index.php?rest_route=%2Fwp%2Fv2%2Fcategories&post=184779"},{"taxonomy":"post_tag","embeddable":true,"href":"https:\/\/sportseco.com\/index.php?rest_route=%2Fwp%2Fv2%2Ftags&post=184779"}],"curies":[{"name":"wp","href":"https:\/\/api.w.org\/{rel}","templated":true}]}}