{"id":184791,"date":"2025-04-23T09:34:55","date_gmt":"2025-04-23T13:34:55","guid":{"rendered":"https:\/\/sportseco.com\/?p=184791"},"modified":"2025-04-23T09:35:03","modified_gmt":"2025-04-23T13:35:03","slug":"papa-francisco-el-activista-ambiental-que-lidero-la-iglesia-catolica","status":"publish","type":"post","link":"https:\/\/sportseco.com\/?p=184791","title":{"rendered":"Papa Francisco, el activista ambiental que lider\u00f3 la Iglesia cat\u00f3lica"},"content":{"rendered":"\n<p><strong>Ana Tu\u00f1as Matilla<\/strong><\/p>\n\n\n\n<p><strong>La lucha contra el cambio clim\u00e1tico y la p\u00e9rdida de biodiversidad que amenazan al planeta ha perdido a uno de sus l\u00edderes m\u00e1s reconocidos e influyentes, el papa Francisco, que a lo largo de su pontificado aprovech\u00f3 multitud de sus intervenciones para poner de manifiesto la necesidad de proteger el hogar com\u00fan, la Tierra.<\/strong><\/p>\n\n\n\n<p>Cuando apenas hab\u00eda cumplido un a\u00f1o como m\u00e1ximo representante de la Iglesia cat\u00f3lica, en junio de 2015, public\u00f3 la enc\u00edclica<strong>&nbsp;\u00abLaudato si\u00bb, &nbsp;<\/strong>en la que dej\u00f3 patente su activismo ambiental con mensajes que amplific\u00f3 a lo largo de todo su mandato.<\/p>\n\n\n\n<h2 class=\"wp-block-heading\">Cambiar el estilo de vida<\/h2>\n\n\n\n<p>Entre las peticiones clave para lograrlo, se inclu\u00eda la necesidad de cambios profundos en los estilos de vida, en los modelos de producci\u00f3n y consumo y en las estructuras de poder, al tiempo que alertaba de que&nbsp;<strong>la Tierra se estaba convirtiendo en un \u00abinmenso dep\u00f3sito de porquer\u00eda\u00bb<\/strong>.<\/p>\n\n\n\n<p>En la considerada como&nbsp;<strong>la primera \u00abenc\u00edclica verde\u00bb<\/strong>, llam\u00f3 a limitar al m\u00e1ximo el uso de recursos no renovables, moderar el consumo y a reutilizar y reciclar, critic\u00f3 la privatizaci\u00f3n del agua, un bien b\u00e1sico al que no pueden acceder todos los humanos, y denunci\u00f3 que los m\u00e1s pobres son los que sufren las mayores consecuencias de la degradaci\u00f3n ambiental y clim\u00e1tica.<\/p>\n\n\n\n<h2 class=\"wp-block-heading\">Intereses pol\u00edticos y econ\u00f3micos<\/h2>\n\n\n\n<p>Adem\u00e1s, se refiri\u00f3 al fracaso de las cumbres mundiales sobre medio ambiente, en las que, a su juicio, quedaba patente que los inter\u00e9s pol\u00edticos y econ\u00f3micos prevalec\u00edan sobre el bien com\u00fan.<\/p>\n\n\n\n<p>Precisamente, Francisco quiso ser el primer papa en participar en una Cumbre del Clima de la ONU pero&nbsp;<strong>su estado de salud le impidi\u00f3 viajar a la COP28 de Dubai<\/strong>, a la que fue invitado a asistir junto a otros l\u00edderes religiosos.<\/p>\n\n\n\n<p>No obstante, s\u00ed particip\u00f3 por videcoferencia en un acto de la COP28 junto al gran im\u00e1n Ahmed al Tayeb, jeque de Al Azhar. Ambos reclamaron uni\u00f3n y acci\u00f3n para frenar el cambio clim\u00e1tico y para acabar con las guerras y asegurar la paz mundial, pues los conflictos hacen imposible salvaguardar la Tierra.<\/p>\n\n\n\n<figure class=\"wp-block-embed\"><div class=\"wp-block-embed__wrapper\">\nhttps:\/\/efeverde.com\/laudato-si-la-llamada-de-atencion-ambiental-del-papa-francisco\/embed\/#?secret=4K4TOK1GHd#?secret=usXpn9FqvL\n<\/div><\/figure>\n\n\n\n<h2 class=\"wp-block-heading\">Dar ejemplo<\/h2>\n\n\n\n<p>En su mensaje, el pant\u00edfice urgi\u00f3 a las religiones a dar ejemplo trabajando juntas en pro de los intereses de nuestro mundo, entre los que se\u00f1al\u00f3 la paz y el clima como los dos m\u00e1s importantes.<\/p>\n\n\n\n<blockquote class=\"wp-block-quote is-layout-flow wp-block-quote-is-layout-flow\">\n<p>\u00abDemos ejemplo, como representantes religiosos, para mostrar que un cambio es posible, para manifestar estilos de vida respetuosos y sostenibles y pidamos encarecidamente a los responsables de las naciones que la casa com\u00fan sea preservada\u00bb, asever\u00f3 el pont\u00edfice.<\/p>\n<\/blockquote>\n\n\n\n<p>Tambi\u00e9n intervino desde El Vaticano, entre otras, en la emblem\u00e1tica<strong>&nbsp;COP de Par\u00eds de 2015<\/strong>, a cuyos participantes pidi\u00f3 un esfuerzo para atenuar el cambio clim\u00e1tico por el bien de la casa com\u00fan, de todos nosotros y de las futuras generaciones. Esa cumbre se sald\u00f3 con el conocido como el Acuerdo de Par\u00eds, m\u00e1xima referencia de la lucha contra el cambio clim\u00e1tico.<\/p>\n\n\n\n<h2 class=\"wp-block-heading\">Somos naturaleza<\/h2>\n\n\n\n<p>Pocos meses despu\u00e9s de publicar \u00abLaudato si\u00bb, denunci\u00f3 ante la Asamblea General de la ONU la degradaci\u00f3n del ambiente y advirti\u00f3 de que, dado que&nbsp;<strong>los seres humanos somos parte del medio, \u00abcualquier da\u00f1o que le hagamos es un da\u00f1o para la humanidad\u00bb<\/strong>.<\/p>\n\n\n\n<p>En su exhortaci\u00f3n apost\u00f3lica de octubre de 2023,&nbsp;<strong>\u00abLaudate Deum\u00bb<\/strong>, dio continuidad a \u00abLaudato si\u00bb. En ella afirm\u00f3 que el mundo se estaba desmoronando y acerc\u00e1ndose a un punto de no retorno y&nbsp;<strong>critic\u00f3 duramente a una pol\u00edtica incapaz de afrontar, por intereses de poder y econ\u00f3micos, la crisis medioambiental.<\/strong><\/p>\n\n\n\n<p>Entre ambos textos mediaron ocho a\u00f1os, un tiempo en el que, advirti\u00f3, no hab\u00eda habido \u00abreacciones suficientes\u00bb.<\/p>\n\n\n\n<p>\u00abLaudate Deum\u00bb inclu\u00eda afirmaciones como que \u00abes indudable que el impacto del cambio clim\u00e1tico perjudicar\u00e1 de modo creciente las vidas y las familias de muchas personas\u00bb o que<strong>&nbsp;\u00absentiremos sus efectos en los \u00e1mbitos de la salud, las fuentes de trabajo, el acceso a los recursos, la vivienda o las migraciones forzadas\u00bb<\/strong>.<\/p>\n\n\n\n<p>Adem\u00e1s, arremeti\u00f3&nbsp;<strong>contra el negacionismo clim\u00e1tico y pidi\u00f3 poner fin a \u00ablas burlas irresponsables\u00bb<\/strong>&nbsp;que presentan el calentamiento global como algo s\u00f3lo ambiental, \u00abverde\u00bb o rom\u00e1ntico y que es frecuentemente ridiculizado por los \u00abintereses econ\u00f3micos\u00bb.<\/p>\n\n\n\n<h2 class=\"wp-block-heading\">Pecados ecol\u00f3gicos<\/h2>\n\n\n\n<p>Entre otras de sus exhortaciones ambientales, figura el&nbsp;<strong>llamamiento al \u00abarrepentimiento de los pecados ecol\u00f3gicos\u00bb que \u00abda\u00f1an el mundo natural\u00bb<\/strong>&nbsp;y a poner l\u00edmites al uso de los combustibles f\u00f3siles o la deforestaci\u00f3n para frenar el cambio clim\u00e1tico.<\/p>\n\n\n\n<p>El a\u00f1o pasado, con movito de la celebraci\u00f3n del D\u00eda de la Tierra (22 de abril), en un post en X, advirti\u00f3 de que el Planeta&nbsp;<strong>\u00abse est\u00e1 dirigiendo a la ruina\u00bb&nbsp;<\/strong>&nbsp;y que \u00abnuestra generaci\u00f3n ha dejado en herencia muchas riquezas, pero no ha sabido custodiar el Planeta ni est\u00e1 custodiando la paz.<\/p>\n\n\n\n<p>Entre sus \u00faltimos mensajes \u00abverdes\u00bb, el que envi\u00f3 a finales de enero a los dirigentes de la Federaci\u00f3n Autom\u00f3vil Club de Italia, a los que urgi\u00f3&nbsp;<strong>a abordar el impacto de la contaminaci\u00f3n derivada de los veh\u00edculos<\/strong>.<\/p>\n\n\n\n<p>\u00abEl n\u00famero de veh\u00edculos, el consumo de energ\u00edas no renovables y el coste del combustible, la contaminaci\u00f3n y el tr\u00e1fico son algunos de los factores que tienen un impacto innegable en la casa com\u00fan y en quienes viven en ella\u00bb, les dijo Francisco, que&nbsp;<strong>apenas un mes antes hab\u00eda recibido su primer \u00abpapamovil\u00bb el\u00e9ctrico<\/strong>. EFEverde<br \/>atm<\/p>\n","protected":false},"excerpt":{"rendered":"<p>Ana Tu\u00f1as Matilla La lucha contra el cambio clim\u00e1tico y la p\u00e9rdida de biodiversidad que amenazan al planeta ha perdido a uno de sus l\u00edderes m\u00e1s reconocidos e influyentes, el papa Francisco, que a lo largo de su pontificado aprovech\u00f3 multitud de sus intervenciones para poner de manifiesto la necesidad de proteger el hogar com\u00fan, [&hellip;]<\/p>\n","protected":false},"author":1,"featured_media":184792,"comment_status":"closed","ping_status":"closed","sticky":false,"template":"","format":"standard","meta":{"_acf_changed":false,"_jetpack_memberships_contains_paid_content":false,"footnotes":"","jetpack_publicize_message":"","jetpack_publicize_feature_enabled":true,"jetpack_social_post_already_shared":true,"jetpack_social_options":{"image_generator_settings":{"template":"highway","default_image_id":0,"font":"","enabled":false},"version":2}},"categories":[6],"tags":[],"class_list":["post-184791","post","type-post","status-publish","format-standard","has-post-thumbnail","hentry","category-ecologia"],"acf":[],"jetpack_publicize_connections":[],"jetpack_featured_media_url":"https:\/\/i0.wp.com\/sportseco.com\/wp-content\/uploads\/2025\/04\/papa-enciclica.jpg?fit=1920%2C1304&ssl=1","jetpack_sharing_enabled":true,"_links":{"self":[{"href":"https:\/\/sportseco.com\/index.php?rest_route=\/wp\/v2\/posts\/184791","targetHints":{"allow":["GET"]}}],"collection":[{"href":"https:\/\/sportseco.com\/index.php?rest_route=\/wp\/v2\/posts"}],"about":[{"href":"https:\/\/sportseco.com\/index.php?rest_route=\/wp\/v2\/types\/post"}],"author":[{"embeddable":true,"href":"https:\/\/sportseco.com\/index.php?rest_route=\/wp\/v2\/users\/1"}],"replies":[{"embeddable":true,"href":"https:\/\/sportseco.com\/index.php?rest_route=%2Fwp%2Fv2%2Fcomments&post=184791"}],"version-history":[{"count":1,"href":"https:\/\/sportseco.com\/index.php?rest_route=\/wp\/v2\/posts\/184791\/revisions"}],"predecessor-version":[{"id":184793,"href":"https:\/\/sportseco.com\/index.php?rest_route=\/wp\/v2\/posts\/184791\/revisions\/184793"}],"wp:featuredmedia":[{"embeddable":true,"href":"https:\/\/sportseco.com\/index.php?rest_route=\/wp\/v2\/media\/184792"}],"wp:attachment":[{"href":"https:\/\/sportseco.com\/index.php?rest_route=%2Fwp%2Fv2%2Fmedia&parent=184791"}],"wp:term":[{"taxonomy":"category","embeddable":true,"href":"https:\/\/sportseco.com\/index.php?rest_route=%2Fwp%2Fv2%2Fcategories&post=184791"},{"taxonomy":"post_tag","embeddable":true,"href":"https:\/\/sportseco.com\/index.php?rest_route=%2Fwp%2Fv2%2Ftags&post=184791"}],"curies":[{"name":"wp","href":"https:\/\/api.w.org\/{rel}","templated":true}]}}