{"id":184799,"date":"2025-04-23T10:45:31","date_gmt":"2025-04-23T14:45:31","guid":{"rendered":"https:\/\/sportseco.com\/?p=184799"},"modified":"2025-04-23T10:45:37","modified_gmt":"2025-04-23T14:45:37","slug":"dayro-moreno-agiganta-su-historia-con-el-once-caldas-y-en-el-futbol-es-goleador-de-la-copa-sudamericana","status":"publish","type":"post","link":"https:\/\/sportseco.com\/?p=184799","title":{"rendered":"Dayro Moreno agiganta su historia con el Once Caldas y en el f\u00fatbol, es goleador de la Copa Sudamericana"},"content":{"rendered":"\n<p>Noche inolvidable para<strong>&nbsp;Dayro Mauricio Moreno Galindo<\/strong>. El delantero del<strong>&nbsp;Once Caldas&nbsp;<\/strong>marc\u00f3 la noche del martes los tres goles con los cuales el onceno caldense le gan\u00f3 2-3 a<strong>&nbsp;GV San Jos\u00e9, de Bolivia<\/strong>, en la tercera fecha del<strong>&nbsp;Grupo F de la Copa Sudamericana.<\/strong><\/p>\n\n\n\n<p>Seg\u00fan&nbsp;<strong>\u00c1lvaro Hincapi\u00e9 Castrill\u00f3n,<\/strong>&nbsp;experto en estad\u00edsticas del f\u00fatbol, Dayro marc\u00f3 su quinta tripleta como futbolista profesional.<\/p>\n\n\n\n<p>En el global, el goleador lleg\u00f3 a&nbsp;<strong>358 en su carrera deportiva&nbsp;<\/strong>y es l\u00edder solitario en esta estad\u00edstica, superando por 7 a&nbsp;<strong>Radamel Falcao Garc\u00eda.&nbsp;<\/strong>En la&nbsp;<strong>Liga suma 248<\/strong>&nbsp;y con la camiseta del&nbsp;<strong>Once Caldas, 151.<\/strong>Play Video<\/p>\n\n\n\n<p>Anoche en el estadio&nbsp;<strong>Hernando Siles Suazo, de La Paz,&nbsp;<\/strong>Dayro hizo el 1-0, luego el 2-1 y finalmente el 3-2, lo que le permite al Blanco seguir en carrera hacia la tercera fase de la&nbsp;<strong>Copa Sudamericana.<\/strong><\/p>\n\n\n\n<p>Como se recuerda, pasan los primeros de cada grupo y los segundos deben de jugar una llave adicional con los mejores terceros que llegan de la&nbsp;<strong>Copa Libertadores de Am\u00e9rica.<\/strong><\/p>\n\n\n\n<p>Por su parte, Dayro amaneci\u00f3 hoy como el goleador de la&nbsp;<strong>Copa Sudamericana<\/strong>. El jugador nacido en&nbsp;<strong>Chicoral (Tolima)&nbsp;<\/strong>suma cuatro goles, uno m\u00e1s que&nbsp;<strong>Germ\u00e1n Cano (Fluminense), Gustavo Vargas (Guaran\u00ed) y Vegetti Vasco (Vasco da Gama).<\/strong><\/p>\n\n\n\n<p><strong>Tanto Dayro, como el Once Caldas<\/strong>, volver\u00e1n al Palogrande para disputar dos juegos por la<strong>&nbsp;Copa Sudamericana ante GV San Jos\u00e9 y Uni\u00f3n Espa\u00f1ol<\/strong>. Y cerrar\u00e1n el calendario del grupo en el<strong>&nbsp;Maracan\u00e1 de R\u00edo de Janeiro ante Fluminense,&nbsp;<\/strong>equipo con el que perdieron 0-1 en Manizales.<\/p>\n\n\n\n<p><\/p>\n\n\n\n<p>lapatria.com<\/p>\n","protected":false},"excerpt":{"rendered":"<p>Noche inolvidable para&nbsp;Dayro Mauricio Moreno Galindo. El delantero del&nbsp;Once Caldas&nbsp;marc\u00f3 la noche del martes los tres goles con los cuales el onceno caldense le gan\u00f3 2-3 a&nbsp;GV San Jos\u00e9, de Bolivia, en la tercera fecha del&nbsp;Grupo F de la Copa Sudamericana. Seg\u00fan&nbsp;\u00c1lvaro Hincapi\u00e9 Castrill\u00f3n,&nbsp;experto en estad\u00edsticas del f\u00fatbol, Dayro marc\u00f3 su quinta tripleta como futbolista [&hellip;]<\/p>\n","protected":false},"author":1,"featured_media":184800,"comment_status":"closed","ping_status":"closed","sticky":false,"template":"","format":"standard","meta":{"_acf_changed":false,"_jetpack_memberships_contains_paid_content":false,"footnotes":"","jetpack_publicize_message":"","jetpack_publicize_feature_enabled":true,"jetpack_social_post_already_shared":true,"jetpack_social_options":{"image_generator_settings":{"template":"highway","default_image_id":0,"font":"","enabled":false},"version":2}},"categories":[5],"tags":[],"class_list":["post-184799","post","type-post","status-publish","format-standard","has-post-thumbnail","hentry","category-futbol"],"acf":[],"jetpack_publicize_connections":[],"jetpack_featured_media_url":"https:\/\/i0.wp.com\/sportseco.com\/wp-content\/uploads\/2025\/04\/ONCE-CALDAS-COPA-SUDAMERICANA-FLUMIENSE.jpg?fit=945%2C630&ssl=1","jetpack_sharing_enabled":true,"_links":{"self":[{"href":"https:\/\/sportseco.com\/index.php?rest_route=\/wp\/v2\/posts\/184799","targetHints":{"allow":["GET"]}}],"collection":[{"href":"https:\/\/sportseco.com\/index.php?rest_route=\/wp\/v2\/posts"}],"about":[{"href":"https:\/\/sportseco.com\/index.php?rest_route=\/wp\/v2\/types\/post"}],"author":[{"embeddable":true,"href":"https:\/\/sportseco.com\/index.php?rest_route=\/wp\/v2\/users\/1"}],"replies":[{"embeddable":true,"href":"https:\/\/sportseco.com\/index.php?rest_route=%2Fwp%2Fv2%2Fcomments&post=184799"}],"version-history":[{"count":1,"href":"https:\/\/sportseco.com\/index.php?rest_route=\/wp\/v2\/posts\/184799\/revisions"}],"predecessor-version":[{"id":184801,"href":"https:\/\/sportseco.com\/index.php?rest_route=\/wp\/v2\/posts\/184799\/revisions\/184801"}],"wp:featuredmedia":[{"embeddable":true,"href":"https:\/\/sportseco.com\/index.php?rest_route=\/wp\/v2\/media\/184800"}],"wp:attachment":[{"href":"https:\/\/sportseco.com\/index.php?rest_route=%2Fwp%2Fv2%2Fmedia&parent=184799"}],"wp:term":[{"taxonomy":"category","embeddable":true,"href":"https:\/\/sportseco.com\/index.php?rest_route=%2Fwp%2Fv2%2Fcategories&post=184799"},{"taxonomy":"post_tag","embeddable":true,"href":"https:\/\/sportseco.com\/index.php?rest_route=%2Fwp%2Fv2%2Ftags&post=184799"}],"curies":[{"name":"wp","href":"https:\/\/api.w.org\/{rel}","templated":true}]}}