{"id":184816,"date":"2025-04-23T16:11:42","date_gmt":"2025-04-23T20:11:42","guid":{"rendered":"https:\/\/sportseco.com\/?p=184816"},"modified":"2025-04-23T16:11:50","modified_gmt":"2025-04-23T20:11:50","slug":"primer-cierre-temporal-del-ano-en-el-pnn-los-nevados-para-la-regeneracion-natural-del-ecosistema","status":"publish","type":"post","link":"https:\/\/sportseco.com\/?p=184816","title":{"rendered":"Primer cierre temporal del a\u00f1o en el PNN Los Nevados para la regeneraci\u00f3n natural del ecosistema"},"content":{"rendered":"\n<ul class=\"wp-block-list\">\n<li>El primer cierre va desde el 21 al 25 de abril de 2025.<\/li>\n\n\n\n<li>Durante estos cierres, se mantendr\u00e1 habilitado el sector Norte conocido como Brisas, v\u00eda carreteable Brisas \u2013 Valle de las Tumbas, que le permitir\u00e1 a los turistas visitar estos ecosistemas, conectar con la naturaleza y disfrutar de los paisajes caracter\u00edsticos de la regi\u00f3n.<\/li>\n<\/ul>\n\n\n\n<p><strong>Bogot\u00e1 \u2013<\/strong>&nbsp;Parques Nacionales Naturales de Colombia informa a turistas tanto nacionales como internacionales y a la ciudadan\u00eda en general que, en cumplimiento de la&nbsp;<strong>Resoluci\u00f3n 207 de 2023<\/strong>, se realizar\u00e1n cuatro cierres temporales en el Parque Nacional Natural Los Nevados durante el a\u00f1o, con un objetivo claro: garantizar la recuperaci\u00f3n de los ecosistemas frente a las presiones generadas por la actividad tur\u00edstica. Presiones que est\u00e1n relacionadas principalmente con los impactos del tr\u00e1nsito masivo de las personas en temporada alta, como por ejemplo la Semana Santa.<\/p>\n\n\n\n<p>Estos cierres est\u00e1n contemplados en el anexo t\u00e9cnico de la resoluci\u00f3n&nbsp;<strong>207 de 2023&nbsp;<\/strong>y tendr\u00e1n una duraci\u00f3n de cinco d\u00edas h\u00e1biles, de lunes a viernes, en las siguientes fechas:<\/p>\n\n\n\n<ul class=\"wp-block-list\">\n<li>Despu\u00e9s de Semana Santa: En este caso del 21 al 25 de abril de 2025.<\/li>\n\n\n\n<li>Mayo: Desde el tercer lunes de mayo hasta el viernes de esa misma semana.<\/li>\n\n\n\n<li>Septiembre: Desde el cuarto lunes de septiembre hasta el viernes de esa semana.<\/li>\n\n\n\n<li>Noviembre: Desde el cuarto lunes de noviembre hasta el viernes.<\/li>\n<\/ul>\n\n\n\n<p>Durante estos cierres, se mantendr\u00e1 habilitado el sector&nbsp;<strong>Norte conocido como Brisas<\/strong>, v\u00eda carreteable Brisas \u2013 Valle de las Tumbas, que le permitir\u00e1&nbsp; a los turistas visitar estos ecosistemas, conectarse con la naturaleza y disfrutar de los paisajes caracter\u00edsticos de la regi\u00f3n.<\/p>\n\n\n\n<h3 class=\"wp-block-heading\">\u00bfPor qu\u00e9 se realiza el cierre?<\/h3>\n\n\n\n<p><strong>La alta afluencia tur\u00edstica puede generar afectaciones significativas en los ecosistemas del parque&nbsp; como:<\/strong><\/p>\n\n\n\n<ul class=\"wp-block-list\">\n<li>Compactaci\u00f3n y ampliaci\u00f3n de senderos.<\/li>\n\n\n\n<li>Generaci\u00f3n de basuras.<\/li>\n\n\n\n<li>Ruido y alteraci\u00f3n del comportamiento de la fauna.<\/li>\n\n\n\n<li>Impactos sobre sectores utilizados para carga con mulas y tr\u00e1nsito de personas.<\/li>\n<\/ul>\n\n\n\n<p><strong>Con estos cierres, se busca que el ecosistema tenga periodos de descanso sin intervenci\u00f3n humana, permitiendo su regeneraci\u00f3n natural.<\/strong><\/p>\n\n\n\n<h3 class=\"wp-block-heading\">Acciones durante los cierres<\/h3>\n\n\n\n<ul class=\"wp-block-list\">\n<li>Monitoreo de impactos del ecoturismo.<\/li>\n\n\n\n<li>Recolecci\u00f3n de residuos s\u00f3lidos.<\/li>\n\n\n\n<li>Recorridos de control, prevenci\u00f3n y vigilancia por parte de los guardaparques.<\/li>\n\n\n\n<li>Acciones propias de la gesti\u00f3n del \u00e1rea protegida.<\/li>\n<\/ul>\n\n\n\n<p>Parques Nacionales reitera su compromiso con la conservaci\u00f3n del Parque Nacional Natural Los Nevados y agradece la comprensi\u00f3n y colaboraci\u00f3n de la comunidad y los visitantes para la protecci\u00f3n de nuestros ecosistemas.<\/p>\n\n\n\n<p>Para m\u00e1s informaci\u00f3n y acceso a la Resoluci\u00f3n 207 de 2023, pueden ingresar al sitio web oficial de Parques Nacionales.<\/p>\n\n\n\n<p><\/p>\n\n\n\n<p>parquesnacionales.gov.co<\/p>\n","protected":false},"excerpt":{"rendered":"<p>Bogot\u00e1 \u2013&nbsp;Parques Nacionales Naturales de Colombia informa a turistas tanto nacionales como internacionales y a la ciudadan\u00eda en general que, en cumplimiento de la&nbsp;Resoluci\u00f3n 207 de 2023, se realizar\u00e1n cuatro cierres temporales en el Parque Nacional Natural Los Nevados durante el a\u00f1o, con un objetivo claro: garantizar la recuperaci\u00f3n de los ecosistemas frente a las [&hellip;]<\/p>\n","protected":false},"author":1,"featured_media":184817,"comment_status":"closed","ping_status":"closed","sticky":false,"template":"","format":"standard","meta":{"_acf_changed":false,"_jetpack_memberships_contains_paid_content":false,"footnotes":"","jetpack_publicize_message":"","jetpack_publicize_feature_enabled":true,"jetpack_social_post_already_shared":true,"jetpack_social_options":{"image_generator_settings":{"template":"highway","default_image_id":0,"font":"","enabled":false},"version":2}},"categories":[6],"tags":[],"class_list":["post-184816","post","type-post","status-publish","format-standard","has-post-thumbnail","hentry","category-ecologia"],"acf":[],"jetpack_publicize_connections":[],"jetpack_featured_media_url":"https:\/\/i0.wp.com\/sportseco.com\/wp-content\/uploads\/2025\/04\/PNN_Los_Nevados-Glaciar_Sector_Nereidas-Elkin_Porfirio_Gonzales-ASDEGUIAS-CNR_86.jpg?fit=960%2C535&ssl=1","jetpack_sharing_enabled":true,"_links":{"self":[{"href":"https:\/\/sportseco.com\/index.php?rest_route=\/wp\/v2\/posts\/184816","targetHints":{"allow":["GET"]}}],"collection":[{"href":"https:\/\/sportseco.com\/index.php?rest_route=\/wp\/v2\/posts"}],"about":[{"href":"https:\/\/sportseco.com\/index.php?rest_route=\/wp\/v2\/types\/post"}],"author":[{"embeddable":true,"href":"https:\/\/sportseco.com\/index.php?rest_route=\/wp\/v2\/users\/1"}],"replies":[{"embeddable":true,"href":"https:\/\/sportseco.com\/index.php?rest_route=%2Fwp%2Fv2%2Fcomments&post=184816"}],"version-history":[{"count":1,"href":"https:\/\/sportseco.com\/index.php?rest_route=\/wp\/v2\/posts\/184816\/revisions"}],"predecessor-version":[{"id":184818,"href":"https:\/\/sportseco.com\/index.php?rest_route=\/wp\/v2\/posts\/184816\/revisions\/184818"}],"wp:featuredmedia":[{"embeddable":true,"href":"https:\/\/sportseco.com\/index.php?rest_route=\/wp\/v2\/media\/184817"}],"wp:attachment":[{"href":"https:\/\/sportseco.com\/index.php?rest_route=%2Fwp%2Fv2%2Fmedia&parent=184816"}],"wp:term":[{"taxonomy":"category","embeddable":true,"href":"https:\/\/sportseco.com\/index.php?rest_route=%2Fwp%2Fv2%2Fcategories&post=184816"},{"taxonomy":"post_tag","embeddable":true,"href":"https:\/\/sportseco.com\/index.php?rest_route=%2Fwp%2Fv2%2Ftags&post=184816"}],"curies":[{"name":"wp","href":"https:\/\/api.w.org\/{rel}","templated":true}]}}