{"id":184822,"date":"2025-04-23T17:26:28","date_gmt":"2025-04-23T21:26:28","guid":{"rendered":"https:\/\/sportseco.com\/?p=184822"},"modified":"2025-04-23T17:26:32","modified_gmt":"2025-04-23T21:26:32","slug":"tadej-pogacar-arrasa-en-el-mur-de-huy-y-vuelve-a-ganar-la-fleche-wallonne","status":"publish","type":"post","link":"https:\/\/sportseco.com\/?p=184822","title":{"rendered":"Tadej Pogacar arrasa en el Mur de Huy y vuelve a ganar La Fleche Wallonne."},"content":{"rendered":"\n<p>En una edici\u00f3n lluviosa de La Fleche Wallonne, Tadej Pogacar ofreci\u00f3 una lecci\u00f3n magistral en el Mur de Huy. El brutal ataque del esloveno en la secci\u00f3n m\u00e1s empinada dej\u00f3 a sus rivales atr\u00e1s, con Kevin Vauquelin y Tom Pidcock completando el podio tras evaluar sus \u00faltimos esfuerzos. Puck Pieterse encontr\u00f3 un sprint final para vencer a Demi Vollering y ganar La Fleche Wallonne Femmes.<\/p>\n\n\n\n<p>Tadej Pogacar explot\u00f3 en el Mur de Huy al superar las malas condiciones para ganar La Fleche Wallonne por segunda vez. El esloveno (UAE Team Emirates-XRG) desafi\u00f3 las pronunciadas pendientes de la ic\u00f3nica subida, distanciando a un grupo de 25 ciclistas en cuesti\u00f3n de pedaladas.<\/p>\n\n\n\n<p>Como era de esperar, la carrera se defini\u00f3 en la \u00faltima subida, aunque no antes de que el sorprendente ganador de la Amstel Gold Race, Mattias Skjelmose (Lidl-Trek), viera frustradas sus esperanzas en una ca\u00edda a 40 km del final.<br \/>Pogacar atac\u00f3 brevemente tras coronar la pen\u00faltima subida, la Cote d&#8217;Ereffe, pero Remco Evenepoel (Soudal-QuickStep) lo sigui\u00f3 mientras se formaba un grupo selecto en el descenso. El compa\u00f1ero de equipo de Pogacar, Brandon McNulty, regres\u00f3 al frente para marcar un ritmo trepidante, aunque la carrera se reagrup\u00f3 con un grupo de ciclistas en la contienda.<br \/>Con el Mur de Huy a la vuelta de la esquina, Jan Christen tom\u00f3 el relevo de McNulty, aumentando la potencia con Pogacar pegado a su rueda. Ben Healy (EF Education-EasyPost) fue el primero en reaccionar, pero su ventaja dur\u00f3 apenas unos segundos antes de que Pogacar se lanzara a por todas en la secci\u00f3n m\u00e1s empinada.<\/p>\n\n\n\n<p>Nadie pudo reaccionar. Pogacar r\u00e1pidamente abri\u00f3 una brecha considerable mientras los que le segu\u00edan luchaban, lo que le permiti\u00f3 conseguir una victoria c\u00f3moda. Detr\u00e1s, Kevin Vauquelin (Arkea-B&amp;B Hotels) gan\u00f3 la batalla por el segundo puesto, mientras que el brit\u00e1nico Tom Pidcock (Q36.5) atac\u00f3 al final para alcanzar el tercer puesto.<br \/>\u00abEs una sensaci\u00f3n fant\u00e1stica volver a ganar aqu\u00ed en esta dura y hermosa subida final\u00bb, dijo Pogacar. \u00ab\u00a1Como ciclista, no te gusta tanto!\u00bb.<br \/>\u00abHoy el tiempo tampoco fue el mejor, as\u00ed que fue una carrera muy dura. Conseguir una victoria significa mucho\u00bb.<br \/>Pogacar correr\u00e1 la pr\u00f3xima Lieja-Basto\u00f1a-Lieja el domingo, donde partir\u00e1 como gran favorito.<\/p>\n\n\n\n<p><\/p>\n\n\n\n<p>tntsports.co.uk<\/p>\n","protected":false},"excerpt":{"rendered":"<p>En una edici\u00f3n lluviosa de La Fleche Wallonne, Tadej Pogacar ofreci\u00f3 una lecci\u00f3n magistral en el Mur de Huy. El brutal ataque del esloveno en la secci\u00f3n m\u00e1s empinada dej\u00f3 a sus rivales atr\u00e1s, con Kevin Vauquelin y Tom Pidcock completando el podio tras evaluar sus \u00faltimos esfuerzos. Puck Pieterse encontr\u00f3 un sprint final para [&hellip;]<\/p>\n","protected":false},"author":1,"featured_media":184823,"comment_status":"closed","ping_status":"closed","sticky":false,"template":"","format":"standard","meta":{"_acf_changed":false,"_jetpack_memberships_contains_paid_content":false,"footnotes":"","jetpack_publicize_message":"","jetpack_publicize_feature_enabled":true,"jetpack_social_post_already_shared":true,"jetpack_social_options":{"image_generator_settings":{"template":"highway","default_image_id":0,"font":"","enabled":false},"version":2}},"categories":[14],"tags":[],"class_list":["post-184822","post","type-post","status-publish","format-standard","has-post-thumbnail","hentry","category-ciclismo"],"acf":[],"jetpack_publicize_connections":[],"jetpack_featured_media_url":"https:\/\/i0.wp.com\/sportseco.com\/wp-content\/uploads\/2025\/04\/Tadej-Pogacar-wins-Fleche-Wallonne-2025-1600x1067-1.jpg?fit=1600%2C1067&ssl=1","jetpack_sharing_enabled":true,"_links":{"self":[{"href":"https:\/\/sportseco.com\/index.php?rest_route=\/wp\/v2\/posts\/184822","targetHints":{"allow":["GET"]}}],"collection":[{"href":"https:\/\/sportseco.com\/index.php?rest_route=\/wp\/v2\/posts"}],"about":[{"href":"https:\/\/sportseco.com\/index.php?rest_route=\/wp\/v2\/types\/post"}],"author":[{"embeddable":true,"href":"https:\/\/sportseco.com\/index.php?rest_route=\/wp\/v2\/users\/1"}],"replies":[{"embeddable":true,"href":"https:\/\/sportseco.com\/index.php?rest_route=%2Fwp%2Fv2%2Fcomments&post=184822"}],"version-history":[{"count":1,"href":"https:\/\/sportseco.com\/index.php?rest_route=\/wp\/v2\/posts\/184822\/revisions"}],"predecessor-version":[{"id":184824,"href":"https:\/\/sportseco.com\/index.php?rest_route=\/wp\/v2\/posts\/184822\/revisions\/184824"}],"wp:featuredmedia":[{"embeddable":true,"href":"https:\/\/sportseco.com\/index.php?rest_route=\/wp\/v2\/media\/184823"}],"wp:attachment":[{"href":"https:\/\/sportseco.com\/index.php?rest_route=%2Fwp%2Fv2%2Fmedia&parent=184822"}],"wp:term":[{"taxonomy":"category","embeddable":true,"href":"https:\/\/sportseco.com\/index.php?rest_route=%2Fwp%2Fv2%2Fcategories&post=184822"},{"taxonomy":"post_tag","embeddable":true,"href":"https:\/\/sportseco.com\/index.php?rest_route=%2Fwp%2Fv2%2Ftags&post=184822"}],"curies":[{"name":"wp","href":"https:\/\/api.w.org\/{rel}","templated":true}]}}