{"id":184835,"date":"2025-04-23T18:10:18","date_gmt":"2025-04-23T22:10:18","guid":{"rendered":"https:\/\/sportseco.com\/?p=184835"},"modified":"2025-04-23T18:11:17","modified_gmt":"2025-04-23T22:11:17","slug":"los-lideres-mundiales-abogan-por-una-accion-climatica-a-toda-maquina-antes-de-la-cop30","status":"publish","type":"post","link":"https:\/\/sportseco.com\/?p=184835","title":{"rendered":"Los l\u00edderes mundiales abogan por una acci\u00f3n clim\u00e1tica \u201ca toda m\u00e1quina\u201d antes de la COP30"},"content":{"rendered":"\n<p>El titular de la ONU y el presidente de Brasil re\u00fanen a 17 l\u00edderes de las principales econom\u00edas y de pa\u00edses vulnerables al cambio clim\u00e1tico para impulsar planes nacionales m\u00e1s s\u00f3lidos y ambiciosos.&nbsp;<\/p>\n\n\n\n<p>En una cumbre virtual de alto nivel celebrada este mi\u00e9rcoles, el&nbsp;<a href=\"https:\/\/www.un.org\/sg\/es\">Secretario General<\/a>&nbsp;de la ONU, Ant\u00f3nio Guterres, y el presidente de Brasil, Luiz In\u00e1cio Lula da Silva, reunieron a 17 l\u00edderes de las principales econom\u00edas y de pa\u00edses vulnerables al&nbsp;<a href=\"https:\/\/news.un.org\/es\/news\/topic\/climate-change\">cambio clim\u00e1tico<\/a>.<\/p>\n\n\n\n<p>El objetivo es&nbsp;<strong>acelerar la ambici\u00f3n clim\u00e1tica mundial de cara a la COP30<\/strong>, que se celebrar\u00e1 en Brasil en noviembre de este a\u00f1o.<\/p>\n\n\n\n<p>La reuni\u00f3n forma parte de una estrategia de movilizaci\u00f3n conjunta de ambos l\u00edderes para reforzar la acci\u00f3n mundial en el marco del&nbsp;<a href=\"https:\/\/unfccc.int\/es\/acerca-de-las-ndc\/el-acuerdo-de-paris\" target=\"_blank\" rel=\"noreferrer noopener\">Acuerdo de Par\u00eds<\/a>&nbsp;y dar impulso a planes clim\u00e1ticos nacionales m\u00e1s s\u00f3lidos que se anunciar\u00e1n en 2025.<\/p>\n\n\n\n<p>En la sesi\u00f3n de dos horas celebrada a puerta cerrada, participaron China, la Uni\u00f3n Europea, la Uni\u00f3n Africana, la Asociaci\u00f3n de Naciones del Sudeste Asi\u00e1tico y peque\u00f1os Estados insulares en desarrollo.<\/p>\n\n\n\n<p>Guterres la describi\u00f3 como una de las reuniones m\u00e1s diversas de l\u00edderes nacionales, incluidos algunos jefes de Estado y de Gobierno, centradas exclusivamente en el clima desde hace alg\u00fan tiempo, y sostuvo que transmiti\u00f3 un poderoso mensaje unificador.&nbsp;<\/p>\n\n\n\n<p>A ella asistieron, entre otros, el presidente de Chile, Gabriel Boric, el presidente de Espa\u00f1a, Pedro S\u00e1nchez, la presidenta de la Comisi\u00f3n Europea, Ursula von der Leyen, y el presidente del Consejo Europeo, Ant\u00f3nio Costa.<\/p>\n\n\n\n<p>\u00abComo hemos o\u00eddo hoy, el mundo avanza a toda velocidad.&nbsp;<strong>Ning\u00fan grupo o gobierno puede detener la revoluci\u00f3n de la energ\u00eda limpia<\/strong>\u00ab, declar\u00f3 en una rueda de prensa posterior al encuentro.<\/p>\n\n\n\n<h2 class=\"wp-block-heading\">Nuevos compromisos nacionales<\/h2>\n\n\n\n<p>Dijo que muchos l\u00edderes se comprometieron a presentar nuevos y ambiciosos planes clim\u00e1ticos, formalmente conocidos como Contribuciones determinadas a nivel nacional, lo antes posible, en lo que calific\u00f3 de \u201cfuerte mensaje de esperanza\u201d.<\/p>\n\n\n\n<p>Guterres anunci\u00f3 que el presidente Xi Jinping confirm\u00f3 durante la reuni\u00f3n que las Contribuciones actualizadas de&nbsp;<strong>China abarcar\u00edan todos los sectores econ\u00f3micos y todos los gases de efecto invernadero<\/strong>, una aclaraci\u00f3n que describi\u00f3 como \u201cextremadamente importante\u201d para la acci\u00f3n clim\u00e1tica.<\/p>\n\n\n\n<p>A\u00f1adi\u00f3 que estos compromisos brindan una oportunidad vital para trazar un camino audaz para la pr\u00f3xima d\u00e9cada y, lo que es m\u00e1s importante, ayudan a acelerar una transici\u00f3n justa de los combustibles f\u00f3siles a las energ\u00edas renovables.<\/p>\n\n\n\n<h2 class=\"wp-block-heading\">&#8216;Oportunidad econ\u00f3mica del siglo&#8217;<\/h2>\n\n\n\n<p>La producci\u00f3n de energ\u00edas renovables es \u201cla oportunidad econ\u00f3mica del siglo\u201d, afirm\u00f3, calific\u00e1ndola como \u201cel camino para salir del infierno clim\u00e1tico\u201d.<\/p>\n\n\n\n<p>\u201c<strong>El sector de las energ\u00edas limpias est\u00e1 en auge: crea empleo e impulsa la competitividad y el crecimiento en todo el mundo<\/strong>&#8230; La ciencia est\u00e1 de nuestro lado y la econom\u00eda ha cambiado\u201d.<\/p>\n\n\n\n<p>Se\u00f1al\u00f3 que los precios de las energ\u00edas renovables han ca\u00eddo dr\u00e1sticamente, ofreciendo \u201cla ruta m\u00e1s segura hacia la soberan\u00eda y la seguridad energ\u00e9tica, poniendo fin a la dependencia de las importaciones de combustibles f\u00f3siles vol\u00e1tiles y caros\u201d.<\/p>\n\n\n\n<p>Desde el Acuerdo de Par\u00eds de 2015, las proyecciones globales de calentamiento han disminuido, de m\u00e1s de 4\u00b0C este siglo a 2,6\u00b0C si se implementan los planes actuales.<\/p>\n\n\n\n<p>Pero eso a\u00fan est\u00e1 lejos de limitar el aumento de la temperatura a 1,5\u00b0C por encima de los niveles preindustriales, el objetivo acordado en Par\u00eds por las naciones y respaldado por los cient\u00edficos del clima.<\/p>\n\n\n\n<p>El Secretario General inst\u00f3 a los dirigentes a presentar planes nacionales que se ajusten a ese objetivo, abarquen todos los gases de efecto invernadero y todos los sectores, y se\u00f1alen un compromiso pleno para alcanzar las emisiones netas cero en 2050.<\/p>\n\n\n\n<figure class=\"wp-block-image\"><img data-recalc-dims=\"1\" decoding=\"async\" src=\"https:\/\/i0.wp.com\/global.unitednations.entermediadb.net\/assets\/mediadb\/services\/module\/asset\/downloads\/preset\/Collections\/Embargoed\/06-12-2023-UNFCCC-COP28-04.jpg\/image1170x530cropped.jpg?w=640&#038;ssl=1\" alt=\"Un hombre protesta contra los combustibles f\u00f3siles en una reuni\u00f3n internacional sobre el clima en Dub\u00e1i en 2023.\" title=\"Un hombre protesta contra los combustibles f\u00f3siles en una reuni\u00f3n internacional sobre el clima en Dub\u00e1i en 2023.\"\/><\/figure>\n\n\n\n<p>\u00a9 UNFCCC\/Kiara Worth<\/p>\n\n\n\n<p>Un hombre protesta contra los combustibles f\u00f3siles en una reuni\u00f3n internacional sobre el clima en Dub\u00e1i en 2023.<\/p>\n\n\n\n<h2 class=\"wp-block-heading\">Movilizaci\u00f3n estrat\u00e9gica<\/h2>\n\n\n\n<p>Seg\u00fan un alto funcionario de la ONU que habl\u00f3 en segundo plano antes de la reuni\u00f3n, la cumbre del mi\u00e9rcoles es \u201cun paso m\u00e1s\u201d en el importante esfuerzo por mantener el impulso pol\u00edtico durante un a\u00f1o crucial para la lucha contra el cambio clim\u00e1tico.<\/p>\n\n\n\n<p>El grupo de invitados, dijo el funcionario, fue \u201cpeque\u00f1o pero representativo\u201d, incluidas las principales econom\u00edas, potencias regionales, antiguos anfitriones de la COP y naciones vulnerables al clima.<\/p>\n\n\n\n<p>\u201cEste es un a\u00f1o realmente importante\u201d, dijo el funcionario, se\u00f1alando el d\u00e9cimo aniversario del Acuerdo de Par\u00eds y la pr\u00f3xima fecha l\u00edmite para que los pa\u00edses presenten nuevos planes clim\u00e1ticos.<\/p>\n\n\n\n<p>\u201cEsta reuni\u00f3n trata de recordar a los l\u00edderes que el clima sigue siendo una prioridad clave: que la colaboraci\u00f3n y el multilateralismo siguen importando\u201d.<\/p>\n\n\n\n<p>Un alto funcionario brasile\u00f1o que particip\u00f3 dijo que la cumbre clim\u00e1tica de la ONU en Bel\u00e9m ir\u00e1 m\u00e1s all\u00e1 de las negociaciones para centrarse en la implementaci\u00f3n, la transparencia y la entrega. \u201c<strong>Ya hemos negociado bastante&#8230; ahora el mundo quiere ver acci\u00f3n: resultados, ejemplos, soluciones<\/strong>\u201d.<\/p>\n\n\n\n<p>El funcionario tambi\u00e9n subray\u00f3 que demostrar resultados tangibles es esencial para restaurar la confianza en el multilateralismo.<\/p>\n\n\n\n<p>\u201cQueremos demostrar que el multilateralismo no consiste s\u00f3lo en negociar documentos\u201d, dijo, \u201csino en hacerlos realidad\u201d.<\/p>\n\n\n\n<h2 class=\"wp-block-heading\">Llamamiento a la justicia y a la financiaci\u00f3n<\/h2>\n\n\n\n<p>Guterres subray\u00f3 la necesidad de dirigir mucho m\u00e1s apoyo a los pa\u00edses en desarrollo, que se enfrentan a los impactos m\u00e1s graves del cambio clim\u00e1tico a pesar de ser los que menos contribuyen a las emisiones globales.<\/p>\n\n\n\n<p>\u201c\u00c1frica y otras partes del mundo en desarrollo est\u00e1n experimentando un calentamiento m\u00e1s r\u00e1pido, y las islas del Pac\u00edfico est\u00e1n viendo un aumento m\u00e1s r\u00e1pido del nivel del mar, incluso mientras la propia media mundial se acelera\u201d, explic\u00f3.<\/p>\n\n\n\n<p>Pidi\u00f3 a los pa\u00edses que presenten una hoja de ruta cre\u00edble para&nbsp;<strong>movilizar&nbsp;<\/strong><a><strong>1,3 billones<\/strong><\/a><strong>&nbsp;de d\u00f3lares al a\u00f1o para las naciones en desarrollo de aqu\u00ed a 2035<\/strong>, duplicar la financiaci\u00f3n de la adaptaci\u00f3n a 40.000 millones de d\u00f3lares este a\u00f1o y aumentar las contribuciones al nuevo Fondo para p\u00e9rdidas y da\u00f1os creado en la&nbsp;<a href=\"https:\/\/unfccc.int\/es\" target=\"_blank\" rel=\"noreferrer noopener\">COP28<\/a>.<\/p>\n\n\n\n<h2 class=\"wp-block-heading\">No retroceder en la acci\u00f3n por el clima<\/h2>\n\n\n\n<p>El Secretario General tambi\u00e9n anunci\u00f3 un evento de alto nivel de la ONU en septiembre, apenas unas semanas antes de la COP30, para evaluar los avances en los planes y la financiaci\u00f3n para el clima.<\/p>\n\n\n\n<p>Seg\u00fan Guterres, el mensaje es claro. \u201cNo podemos, no debemos y no retrocederemos en la acci\u00f3n clim\u00e1tica\u201d.<\/p>\n\n\n\n<p><\/p>\n\n\n\n<p>news.un.org<\/p>\n","protected":false},"excerpt":{"rendered":"<p>El titular de la ONU y el presidente de Brasil re\u00fanen a 17 l\u00edderes de las principales econom\u00edas y de pa\u00edses vulnerables al cambio clim\u00e1tico para impulsar planes nacionales m\u00e1s s\u00f3lidos y ambiciosos.&nbsp; En una cumbre virtual de alto nivel celebrada este mi\u00e9rcoles, el&nbsp;Secretario General&nbsp;de la ONU, Ant\u00f3nio Guterres, y el presidente de Brasil, Luiz [&hellip;]<\/p>\n","protected":false},"author":1,"featured_media":184836,"comment_status":"closed","ping_status":"closed","sticky":false,"template":"","format":"standard","meta":{"_acf_changed":false,"_jetpack_memberships_contains_paid_content":false,"footnotes":"","jetpack_publicize_message":"","jetpack_publicize_feature_enabled":true,"jetpack_social_post_already_shared":true,"jetpack_social_options":{"image_generator_settings":{"template":"highway","default_image_id":0,"font":"","enabled":false},"version":2}},"categories":[6],"tags":[],"class_list":["post-184835","post","type-post","status-publish","format-standard","has-post-thumbnail","hentry","category-ecologia"],"acf":[],"jetpack_publicize_connections":[],"jetpack_featured_media_url":"https:\/\/i0.wp.com\/sportseco.com\/wp-content\/uploads\/2025\/04\/image1170x530cropped-8.jpg?fit=1170%2C530&ssl=1","jetpack_sharing_enabled":true,"_links":{"self":[{"href":"https:\/\/sportseco.com\/index.php?rest_route=\/wp\/v2\/posts\/184835","targetHints":{"allow":["GET"]}}],"collection":[{"href":"https:\/\/sportseco.com\/index.php?rest_route=\/wp\/v2\/posts"}],"about":[{"href":"https:\/\/sportseco.com\/index.php?rest_route=\/wp\/v2\/types\/post"}],"author":[{"embeddable":true,"href":"https:\/\/sportseco.com\/index.php?rest_route=\/wp\/v2\/users\/1"}],"replies":[{"embeddable":true,"href":"https:\/\/sportseco.com\/index.php?rest_route=%2Fwp%2Fv2%2Fcomments&post=184835"}],"version-history":[{"count":3,"href":"https:\/\/sportseco.com\/index.php?rest_route=\/wp\/v2\/posts\/184835\/revisions"}],"predecessor-version":[{"id":184839,"href":"https:\/\/sportseco.com\/index.php?rest_route=\/wp\/v2\/posts\/184835\/revisions\/184839"}],"wp:featuredmedia":[{"embeddable":true,"href":"https:\/\/sportseco.com\/index.php?rest_route=\/wp\/v2\/media\/184836"}],"wp:attachment":[{"href":"https:\/\/sportseco.com\/index.php?rest_route=%2Fwp%2Fv2%2Fmedia&parent=184835"}],"wp:term":[{"taxonomy":"category","embeddable":true,"href":"https:\/\/sportseco.com\/index.php?rest_route=%2Fwp%2Fv2%2Fcategories&post=184835"},{"taxonomy":"post_tag","embeddable":true,"href":"https:\/\/sportseco.com\/index.php?rest_route=%2Fwp%2Fv2%2Ftags&post=184835"}],"curies":[{"name":"wp","href":"https:\/\/api.w.org\/{rel}","templated":true}]}}