{"id":184847,"date":"2025-04-24T09:06:01","date_gmt":"2025-04-24T13:06:01","guid":{"rendered":"https:\/\/sportseco.com\/?p=184847"},"modified":"2025-04-24T09:06:07","modified_gmt":"2025-04-24T13:06:07","slug":"dia-internacional-de-las-ninas-en-las-tic-2025","status":"publish","type":"post","link":"https:\/\/sportseco.com\/?p=184847","title":{"rendered":"D\u00eda Internacional de las Ni\u00f1as en las TIC 2025"},"content":{"rendered":"\n<p>El D\u00eda Internacional de las Ni\u00f1as en las TIC 2025 se celebrar\u00e1 el&nbsp;<strong>24 de abril<\/strong>&nbsp;bajo el lema \u00abLas ni\u00f1as en las TIC para una transformaci\u00f3n digital inclusiva\u00bb.<\/p>\n\n\n\n<h2 class=\"wp-block-heading\">Celebraci\u00f3n mundial:<\/h2>\n\n\n\n<p>Este a\u00f1o, la celebraci\u00f3n mundial ser\u00e1 organizada conjuntamente por la Comunidad de Estados Independientes (CEI) y las regiones de los Estados \u00c1rabes como un evento h\u00edbrido, con una conexi\u00f3n en vivo entre&nbsp;<strong>Bishkek, Kirguist\u00e1n<\/strong>&nbsp;y&nbsp;<strong>Nuakchot, Mauritania,<\/strong>&nbsp;junto con distinguidos panelistas de todo el mundo, transmitida en vivo para contar con una audiencia mundial.<\/p>\n\n\n\n<p>en Bishkek, el evento se organiza en colaboraci\u00f3n con el Ministerio de Desarrollo Digital de la Rep\u00fablica Kirguisa, mientras que en Nuakchot la celebraci\u00f3n se lleva a cabo en cooperaci\u00f3n con el Ministerio de Transici\u00f3n Digital, Innovaci\u00f3n y Modernizaci\u00f3n de la Administraci\u00f3n de la Rep\u00fablica Isl\u00e1mica de Mauritania.<\/p>\n\n\n\n<h2 class=\"wp-block-heading\">Por todo el mundo:<\/h2>\n\n\n\n<p>Todos est\u00e1n invitados a celebrar el D\u00eda de las Ni\u00f1as en las TIC en sus pa\u00edses y comunidades. Consulte el&nbsp;<a href=\"https:\/\/www.itu.int\/women-and-girls\/girls-in-ict\/wp-content\/uploads\/sites\/2\/2025\/03\/GirlsinICTDay-toolkit1.pdf\" target=\"_blank\" rel=\"noreferrer noopener\">conjunto de herramientas<\/a>&nbsp;que proporciona directrices espec\u00edficas y formas creativas de organizar su evento para el D\u00eda de las Ni\u00f1as en las TIC.<\/p>\n\n\n\n<p>Para mostrar su evento como parte del esfuerzo mundial para celebrar el D\u00eda Internacional de las Ni\u00f1as en las TIC 2025, puede registrarlo en nuestro&nbsp;<a href=\"https:\/\/www.itu.int\/net4\/ITU-D\/GICT\/login.asp\" target=\"_blank\" rel=\"noreferrer noopener\">sitio web oficial aqu\u00ed<\/a>.<\/p>\n\n\n\n<p>Para m\u00e1s informaci\u00f3n, s\u00edrvase contactar&nbsp;<a href=\"mailto:girlsinicts@itu.int\" target=\"_blank\" rel=\"noreferrer noopener\">girlsinicts@itu.int<\/a>.<a href=\"https:\/\/www.itu.int\/women-and-girls\/girls-in-ict\/es\/#\"><\/a><\/p>\n\n\n\n<h2 class=\"wp-block-heading\">Nuestros objetivos<\/h2>\n\n\n\n<figure class=\"wp-block-image\"><img data-recalc-dims=\"1\" decoding=\"async\" src=\"https:\/\/i0.wp.com\/www.itu.int\/women-and-girls\/girls-in-ict\/wp-content\/uploads\/sites\/2\/2021\/03\/Icon-1.png?w=640&#038;ssl=1\" alt=\"\"\/><\/figure>\n\n\n\n<h3 class=\"wp-block-heading\">Alentar a las ni\u00f1as y a las mujeres j\u00f3venes a que cursen estudios relativos a las STEM (ciencia, tecnolog\u00eda, ingenier\u00eda y matem\u00e1ticas).<\/h3>\n\n\n\n<figure class=\"wp-block-image\"><img data-recalc-dims=\"1\" decoding=\"async\" src=\"https:\/\/i0.wp.com\/www.itu.int\/women-and-girls\/girls-in-ict\/wp-content\/uploads\/sites\/2\/2021\/03\/icon-2.png?w=640&#038;ssl=1\" alt=\"\"\/><\/figure>\n\n\n\n<h3 class=\"wp-block-heading\">Inspirar a las ni\u00f1as y a las mujeres j\u00f3venes a que desarrollen su labor profesional en esferas de las STEM (ciencia, tecnolog\u00eda, ingenier\u00eda y matem\u00e1ticas).<\/h3>\n\n\n\n<figure class=\"wp-block-image\"><img data-recalc-dims=\"1\" decoding=\"async\" src=\"https:\/\/i0.wp.com\/www.itu.int\/women-and-girls\/girls-in-ict\/wp-content\/uploads\/sites\/2\/2021\/03\/icon-3.png?w=640&#038;ssl=1\" alt=\"\"\/><\/figure>\n\n\n\n<h3 class=\"wp-block-heading\">Involucrar a la comunidad y promover la colaboraci\u00f3n a trav\u00e9s de asociaciones.<\/h3>\n\n\n\n<p><\/p>\n\n\n\n<p>itu\/int<\/p>\n","protected":false},"excerpt":{"rendered":"<p>El D\u00eda Internacional de las Ni\u00f1as en las TIC 2025 se celebrar\u00e1 el&nbsp;24 de abril&nbsp;bajo el lema \u00abLas ni\u00f1as en las TIC para una transformaci\u00f3n digital inclusiva\u00bb. Celebraci\u00f3n mundial: Este a\u00f1o, la celebraci\u00f3n mundial ser\u00e1 organizada conjuntamente por la Comunidad de Estados Independientes (CEI) y las regiones de los Estados \u00c1rabes como un evento h\u00edbrido, [&hellip;]<\/p>\n","protected":false},"author":1,"featured_media":184848,"comment_status":"closed","ping_status":"closed","sticky":false,"template":"","format":"standard","meta":{"_acf_changed":false,"_jetpack_memberships_contains_paid_content":false,"footnotes":"","jetpack_publicize_message":"","jetpack_publicize_feature_enabled":true,"jetpack_social_post_already_shared":true,"jetpack_social_options":{"image_generator_settings":{"template":"highway","default_image_id":0,"font":"","enabled":false},"version":2}},"categories":[6],"tags":[],"class_list":["post-184847","post","type-post","status-publish","format-standard","has-post-thumbnail","hentry","category-ecologia"],"acf":[],"jetpack_publicize_connections":[],"jetpack_featured_media_url":"https:\/\/i0.wp.com\/sportseco.com\/wp-content\/uploads\/2025\/04\/GICT-Logo-Generic.png?fit=2084%2C923&ssl=1","jetpack_sharing_enabled":true,"_links":{"self":[{"href":"https:\/\/sportseco.com\/index.php?rest_route=\/wp\/v2\/posts\/184847","targetHints":{"allow":["GET"]}}],"collection":[{"href":"https:\/\/sportseco.com\/index.php?rest_route=\/wp\/v2\/posts"}],"about":[{"href":"https:\/\/sportseco.com\/index.php?rest_route=\/wp\/v2\/types\/post"}],"author":[{"embeddable":true,"href":"https:\/\/sportseco.com\/index.php?rest_route=\/wp\/v2\/users\/1"}],"replies":[{"embeddable":true,"href":"https:\/\/sportseco.com\/index.php?rest_route=%2Fwp%2Fv2%2Fcomments&post=184847"}],"version-history":[{"count":1,"href":"https:\/\/sportseco.com\/index.php?rest_route=\/wp\/v2\/posts\/184847\/revisions"}],"predecessor-version":[{"id":184849,"href":"https:\/\/sportseco.com\/index.php?rest_route=\/wp\/v2\/posts\/184847\/revisions\/184849"}],"wp:featuredmedia":[{"embeddable":true,"href":"https:\/\/sportseco.com\/index.php?rest_route=\/wp\/v2\/media\/184848"}],"wp:attachment":[{"href":"https:\/\/sportseco.com\/index.php?rest_route=%2Fwp%2Fv2%2Fmedia&parent=184847"}],"wp:term":[{"taxonomy":"category","embeddable":true,"href":"https:\/\/sportseco.com\/index.php?rest_route=%2Fwp%2Fv2%2Fcategories&post=184847"},{"taxonomy":"post_tag","embeddable":true,"href":"https:\/\/sportseco.com\/index.php?rest_route=%2Fwp%2Fv2%2Ftags&post=184847"}],"curies":[{"name":"wp","href":"https:\/\/api.w.org\/{rel}","templated":true}]}}