{"id":184875,"date":"2025-04-24T15:52:46","date_gmt":"2025-04-24T19:52:46","guid":{"rendered":"https:\/\/sportseco.com\/?p=184875"},"modified":"2025-04-24T15:53:36","modified_gmt":"2025-04-24T19:53:36","slug":"sexto-titulo-panamericano-para-walter-vargas","status":"publish","type":"post","link":"https:\/\/sportseco.com\/?p=184875","title":{"rendered":"Sexto t\u00edtulo panamericano para Walter Vargas"},"content":{"rendered":"\n<p>El ciclista colombiano&nbsp;<strong>Walter Vargas<\/strong>&nbsp;se adjudic\u00f3 su sexto t\u00edtulo panamericano en la prueba de contrarreloj individual (CRI) luego de su participaci\u00f3n en la jornada de este jueves 24 de abril en el&nbsp;<strong>Campeonato Panamericano de Ciclismo de Ruta<\/strong>, destacando que, adem\u00e1s del oro de&nbsp;<strong>Walter<\/strong>, nuestro pa\u00eds sum\u00f3 tres medallas m\u00e1s.<br \/><br \/><strong>Walter Vargas<\/strong>&nbsp;fue el \u00faltimo de los atetas en comenzar la contrarreloj de tres vueltas al circuito (39.3 km.) y lider\u00f3 la prueba con un tiempo de<strong>&nbsp;46 minutos con 48 segundos<\/strong>, seguido por el tambi\u00e9n colombiano&nbsp;<strong>Rodrigo Contreras<\/strong>&nbsp;con&nbsp;<strong>48:45<\/strong>&nbsp;y el brasile\u00f1o<strong>&nbsp;Diego de Jesus<\/strong>&nbsp;cerr\u00f3 el podio de la categor\u00eda \u00e9lite masculina con&nbsp;<strong>49&nbsp;<\/strong>minutos.<br \/><br \/>Tras adjudicarse su sexto t\u00edtulo panamericano en la CRI,&nbsp;<strong>Walter<\/strong>&nbsp;destac\u00f3: \u201cFeliz de estar de nuevo ac\u00e1 en Uruguay, un pa\u00eds que me trae bonitos recuerdos. Es mi sexto campeonato y estoy feliz de hacer historia, de estar ah\u00ed en el medallero. Esta prueba me gusta y me apasiona, por lo que la crono es algo que intento mejorar d\u00eda a d\u00eda y creo que ac\u00e1 se ven los resultados de ese trabajo\u201d.<br \/><br \/>La primera salida del d\u00eda la protagoniz\u00f3 la categor\u00eda masculina sub-23, donde los colombianos<strong>&nbsp;Juan Diego Quintero&nbsp;<\/strong>y&nbsp;<strong>Freddy \u00c1vila<\/strong>&nbsp;ocuparon la segunda y tercera posici\u00f3n con tiempos de<strong>&nbsp;50:26<\/strong>&nbsp;y<strong>&nbsp;51:17<\/strong>, respectivamente. Nuestros representantes fueron superados por el argentino&nbsp;<strong>Mateo Kalejman<\/strong>&nbsp;que lider\u00f3 la prueba de&nbsp;<strong>39.3 kil\u00f3metros&nbsp;<\/strong>con un registro de&nbsp;<strong>48:16<\/strong>.<br \/><br \/>Luego de dos d\u00edas de competencias,&nbsp;<strong>Colombia<\/strong>&nbsp;lidera el medallero general con<strong>&nbsp;tres oros<\/strong>,&nbsp;<strong>cuatro platas<\/strong>&nbsp;y&nbsp;<strong>un bronce<\/strong>&nbsp;para el total de&nbsp;<strong>ocho preseas<\/strong>.<br \/><br \/>Para este&nbsp;<strong>viernes 25 de abril<\/strong>, el certamen internacional contar\u00e1 con la prueba de ruta individual femenina y masculina junior, siendo el recorrido en el circuito de cinco vueltas para la primera y de nueve vueltas para la segunda.<br \/><br \/><em>Foto cortes\u00eda Santiago Faux \/ @santiagosportsphotographer.<\/em><\/p>\n\n\n\n<p><\/p>\n\n\n\n<p>federacioncolombianadediclismo.com<\/p>\n\n\n\n<ul class=\"wp-block-list\">\n<li>Etiquetas<\/li>\n<\/ul>\n","protected":false},"excerpt":{"rendered":"<p>El ciclista colombiano&nbsp;Walter Vargas&nbsp;se adjudic\u00f3 su sexto t\u00edtulo panamericano en la prueba de contrarreloj individual (CRI) luego de su participaci\u00f3n en la jornada de este jueves 24 de abril en el&nbsp;Campeonato Panamericano de Ciclismo de Ruta, destacando que, adem\u00e1s del oro de&nbsp;Walter, nuestro pa\u00eds sum\u00f3 tres medallas m\u00e1s. Walter Vargas&nbsp;fue el \u00faltimo de los atetas [&hellip;]<\/p>\n","protected":false},"author":1,"featured_media":184876,"comment_status":"closed","ping_status":"closed","sticky":false,"template":"","format":"standard","meta":{"_acf_changed":false,"_jetpack_memberships_contains_paid_content":false,"footnotes":"","jetpack_publicize_message":"","jetpack_publicize_feature_enabled":true,"jetpack_social_post_already_shared":true,"jetpack_social_options":{"image_generator_settings":{"template":"highway","default_image_id":0,"font":"","enabled":false},"version":2}},"categories":[14],"tags":[],"class_list":["post-184875","post","type-post","status-publish","format-standard","has-post-thumbnail","hentry","category-ciclismo"],"acf":[],"jetpack_publicize_connections":[],"jetpack_featured_media_url":"https:\/\/i0.wp.com\/sportseco.com\/wp-content\/uploads\/2025\/04\/Walter-Vargas-Rodrigo-Contreras-Campeoanto-Panamericano-de-Cilcismo-de-Ruta-2025-2048x1152-1.jpg?fit=2048%2C1152&ssl=1","jetpack_sharing_enabled":true,"_links":{"self":[{"href":"https:\/\/sportseco.com\/index.php?rest_route=\/wp\/v2\/posts\/184875","targetHints":{"allow":["GET"]}}],"collection":[{"href":"https:\/\/sportseco.com\/index.php?rest_route=\/wp\/v2\/posts"}],"about":[{"href":"https:\/\/sportseco.com\/index.php?rest_route=\/wp\/v2\/types\/post"}],"author":[{"embeddable":true,"href":"https:\/\/sportseco.com\/index.php?rest_route=\/wp\/v2\/users\/1"}],"replies":[{"embeddable":true,"href":"https:\/\/sportseco.com\/index.php?rest_route=%2Fwp%2Fv2%2Fcomments&post=184875"}],"version-history":[{"count":2,"href":"https:\/\/sportseco.com\/index.php?rest_route=\/wp\/v2\/posts\/184875\/revisions"}],"predecessor-version":[{"id":184879,"href":"https:\/\/sportseco.com\/index.php?rest_route=\/wp\/v2\/posts\/184875\/revisions\/184879"}],"wp:featuredmedia":[{"embeddable":true,"href":"https:\/\/sportseco.com\/index.php?rest_route=\/wp\/v2\/media\/184876"}],"wp:attachment":[{"href":"https:\/\/sportseco.com\/index.php?rest_route=%2Fwp%2Fv2%2Fmedia&parent=184875"}],"wp:term":[{"taxonomy":"category","embeddable":true,"href":"https:\/\/sportseco.com\/index.php?rest_route=%2Fwp%2Fv2%2Fcategories&post=184875"},{"taxonomy":"post_tag","embeddable":true,"href":"https:\/\/sportseco.com\/index.php?rest_route=%2Fwp%2Fv2%2Ftags&post=184875"}],"curies":[{"name":"wp","href":"https:\/\/api.w.org\/{rel}","templated":true}]}}