{"id":184905,"date":"2025-04-25T08:17:03","date_gmt":"2025-04-25T12:17:03","guid":{"rendered":"https:\/\/sportseco.com\/?p=184905"},"modified":"2025-04-25T08:17:08","modified_gmt":"2025-04-25T12:17:08","slug":"dia-mundial-del-paludismo-25-de-abril-2","status":"publish","type":"post","link":"https:\/\/sportseco.com\/?p=184905","title":{"rendered":"D\u00eda Mundial del Paludismo, 25 de abril"},"content":{"rendered":"\n<p><strong>El 25 de abril se celebra el D\u00eda Mundial del Paludismo<\/strong>&nbsp;con el objetivo de poner de relieve la necesidad de invertir continuamente en la prevenci\u00f3n y el control de la enfermedad de la malaria.<\/p>\n\n\n\n<p>Fue en 2007 cuando los Estados Miembros de la Organizaci\u00f3n Mundial de la Salud declararon el&nbsp;<strong>D\u00eda Mundial del Paludismo<\/strong>&nbsp;para el 25 de abril en la&nbsp;<strong>Asamblea de la Salud<\/strong>.<\/p>\n\n\n\n<h2 class=\"wp-block-heading\" id=\"noticia-2025\">Lema 2025 en el D\u00eda Mundial del Paludismo, para terminar con la malaria<\/h2>\n\n\n\n<figure class=\"wp-block-image\"><img data-recalc-dims=\"1\" decoding=\"async\" src=\"https:\/\/i0.wp.com\/www.diainternacionalde.com\/imagenes\/dias\/abril\/04-25_dia-mundial-paludismo-24_s.jpg?w=640&#038;ssl=1\" alt=\"\" title=\"\"\/><\/figure>\n\n\n\n<p><\/p>\n\n\n\n<p>El lema del D\u00eda Mundial del Paludismo 2025 es claro:<\/p>\n\n\n\n<p><em><strong>\u00abEl Paludismo acaba con nosotros: Reinvertir, reimaginar, reavivar\u00bb.<\/strong><\/em><\/p>\n\n\n\n<p>Tras d\u00e9cadas de avances, la lucha contra esta enfermedad mortal se ha estancado. La OMS y la Alianza RBM alertan de que fen\u00f3menos clim\u00e1ticos extremos, conflictos y crisis humanitarias est\u00e1n dificultando el control de la malaria en muchos pa\u00edses, especialmente en \u00c1frica, donde se registra la mayor\u00eda de las muertes.<\/p>\n\n\n\n<p>Desde finales de los a\u00f1os 90, se han evitado m\u00e1s de 2.200 millones de casos y 12,7 millones de muertes gracias al compromiso global. Pero este progreso est\u00e1 en riesgo. Hoy, la malaria sigue matando a una persona cada minuto.<\/p>\n\n\n\n<p>La campa\u00f1a de 2025 hace un llamamiento urgente a gobiernos, comunidades e instituciones: es hora de reinvertir en medidas eficaces, reimaginar estrategias ante los nuevos desaf\u00edos y reavivar el compromiso colectivo para erradicar la enfermedad. Acabar con la malaria no es solo salvar vidas, es apostar por un futuro m\u00e1s justo y seguro para todos.<\/p>\n\n\n\n<p>\u00bfQu\u00e9 es la malaria?<\/p>\n\n\n\n<p><strong>El paludismo o malaria es una enfermedad producida por par\u00e1sitos<\/strong>, que mata al a\u00f1o entre 700.000 y 2.700.000 personas, de los cuales m\u00e1s del 75 % son ni\u00f1os en zonas end\u00e9micas de \u00c1frica.<\/p>\n\n\n\n<p>La mayor\u00eda de los contagios se producen por picaduras de mosquitos. Cada a\u00f1o se presentan 396 millones de casos de paludismo.<\/p>\n\n\n\n<p>Los s\u00edntomas del paludismo o la malaria son muy variados, empezando con fiebre, escalofr\u00edos, sudoraci\u00f3n y dolor de cabeza. Adem\u00e1s se puede presentar n\u00e1useas, v\u00f3mitos, tos, heces con sangre, dolores musculares, ictericia, defectos de la coagulaci\u00f3n sangu\u00ednea, shock, insuficiencia renal o hep\u00e1tica, trastornos del sistema nervioso central y coma. La fiebre y los escalofr\u00edos son s\u00edntomas c\u00edclicos, repiti\u00e9ndose cada dos o tres d\u00edas.<\/p>\n\n\n\n<p>En regiones donde la malaria es altamente end\u00e9mica, las personas se infectan tan a menudo que desarrollan la inmunidad adquirida, es decir, son portadores m\u00e1s o menos asintom\u00e1ticos del par\u00e1sito.<\/p>\n\n\n\n<p>Actualmente no existe una vacuna eficaz contra la malaria. S\u00ed existen tratamientos que var\u00edan seg\u00fan el pa\u00eds donde se administren.<\/p>\n\n\n\n<p>Una v\u00eda para detener la malaria es el uso de insecticidas, mosquiteras, ropa adecuada para evitar las picaduras.<\/p>\n\n\n\n<p><\/p>\n\n\n\n<p>Los viajeros presentan s\u00edntomas m\u00e1s graves que la poblaci\u00f3n local, ya que estos han desarrollado cierto grado de inmunidad al estar expuestos al par\u00e1sito, que ayuda a controlar la infecci\u00f3n y disminuye la gravedad. El viajero que presente fiebre en los tres meses siguientes a la exposici\u00f3n se considera una urgencia por la posibilidad de presentar malaria.<\/p>\n\n\n\n<h2 class=\"wp-block-heading\" id=\"resTit_2\">Malaria en Espa\u00f1a<\/h2>\n\n\n\n<p>En Espa\u00f1a, la malaria fue conocida casi siempre con el nombre de&nbsp;<em>\u00abtercianas\u00bb o \u00abfiebre terciana\u00bb<\/em>. El \u00faltimo caso aut\u00f3ctono se registr\u00f3 en mayo de 1961. Y en 1964 Espa\u00f1a fue declarada libre de malaria y recibi\u00f3 el certificado oficial de erradicaci\u00f3n, aunque cada a\u00f1o se reportan casos procedentes de inmigrantes y turistas.<\/p>\n\n\n\n<h2 class=\"wp-block-heading\" id=\"resTit_3\">C\u00f3mo colaborar para lograr la erradicaci\u00f3n de la malaria<\/h2>\n\n\n\n<p>La erradicaci\u00f3n de la malaria es una meta ambiciosa, pero se puede lograr con la colaboraci\u00f3n de todos. Te damos algunas ideas con las que puedes colaborar para lograr la erradicaci\u00f3n de la malaria:<\/p>\n\n\n\n<ul class=\"wp-block-list\">\n<li><strong>Usa medidas de prevenci\u00f3n:<\/strong>\u00a0Si vives en una zona donde la malaria es end\u00e9mica o viajas a una zona de riesgo, usa medidas de prevenci\u00f3n como mosquiteras, repelentes de insectos y ropa de manga larga para protegerte contra las picaduras de mosquitos.<\/li>\n\n\n\n<li><strong>Participa en campa\u00f1as de prevenci\u00f3n:<\/strong>\u00a0Las campa\u00f1as de prevenci\u00f3n son esenciales para reducir el n\u00famero de casos de malaria. Puedes unirte a una campa\u00f1a de prevenci\u00f3n en tu comunidad o colaborar con organizaciones que las realicen en \u00e1reas de alto riesgo.<\/li>\n\n\n\n<li><strong>Dona para la causa:<\/strong>\u00a0Las organizaciones sin fines de lucro que trabajan en la lucha contra la malaria necesitan financiaci\u00f3n para llevar a cabo sus proyectos.<\/li>\n\n\n\n<li><strong>Educa a otros sobre la malaria:\u00a0<\/strong>Muchas personas no conocen los s\u00edntomas, causas y prevenci\u00f3n de la malaria. Educa a tus amigos, familiares y comunidad sobre la malaria y c\u00f3mo prevenirla. Comparte informaci\u00f3n en tus redes sociales. Puedes usar los hashtag\u00a0<em><strong>#paludismocero #DiaMundialDelPaludismo<\/strong><\/em><\/li>\n<\/ul>\n\n\n\n<h2 class=\"wp-block-heading\" id=\"resTit_4\">Hist\u00f3rico de Lemas D\u00eda Mundial del Paludismo<\/h2>\n\n\n\n<h3 class=\"wp-block-heading\" id=\"noticia-2024\">Lema 2024: Acelerar la lucha contra el paludismo para un mundo m\u00e1s equitativo<\/h3>\n\n\n\n<p>En los \u00faltimos a\u00f1os, los avances en la reducci\u00f3n de la malaria se han estancado. La malaria no s\u00f3lo sigue poniendo en peligro directamente la salud sino que tambi\u00e9n crea un c\u00edrculo vicioso de desigualdades. Los m\u00e1s vulnerables son las mujeres embarazadas, los beb\u00e9s, los ni\u00f1os menores de 5 a\u00f1os, los refugiados, los migrantes y los pueblos ind\u00edgenas.<\/p>\n\n\n\n<p>La Regi\u00f3n de \u00c1frica soporta la carga m\u00e1s pesada de la enfermedad con m\u00e1s casos mortales a consecuencia de la malaria. Para el a\u00f1o 2025 se establecieron unos hitos b\u00e1sicos y no se van a cumplir.<\/p>\n\n\n\n<p>Una de las razones de esta desigualdad es que estos grupos de personas no acceden a los servicios sanitarios que necesitan, porque hay muchas barreras que lo impiden. Y esto obstaculiza el progreso hacia un mundo libre de malaria.<\/p>\n\n\n\n<p>En el D\u00eda Mundial del Paludismo 2024, se pide acelerar la lucha contra la malaria para un mundo m\u00e1s equitativo a trav\u00e9s de las siguientes acciones:<\/p>\n\n\n\n<ul class=\"wp-block-list\">\n<li>Poner fin a la discriminaci\u00f3n y el estigma.<\/li>\n\n\n\n<li>Involucrar a las comunidades en la toma de decisiones de salud.<\/li>\n\n\n\n<li>Acercar la atenci\u00f3n sanitaria a los lugares donde las personas viven y trabajan mediante la atenci\u00f3n primaria de salud.<\/li>\n\n\n\n<li>Abordar los factores que aumentan el riesgo de malaria.<\/li>\n\n\n\n<li>Incluir intervenciones de control de la malaria en la cobertura sanitaria universal.<\/li>\n<\/ul>\n\n\n\n<h3 class=\"wp-block-heading\" id=\"resTit_4_2\">Tema 2023: malaria cero: invertir, innovar, implementar<\/h3>\n\n\n\n<p>En 2023 el tema para el D\u00eda Mundial del Paludismo o World Malaria Day fue&nbsp;<em><strong>\u00abEs hora de lograr cero malaria: invertir, innovar, implementar\u00bb<\/strong><\/em>.<\/p>\n\n\n\n<h3 class=\"wp-block-heading\" id=\"resTit_4_3\">Tema 2022: salvar vidas<\/h3>\n\n\n\n<p>Cada a\u00f1o, la OMS escoge un tema para la campa\u00f1a del D\u00eda Mundial del Paludismo. En 2022 el lema fue&nbsp;<em><strong>\u00abAprovechemos las innovaciones para reducir la carga del paludismo y salvar vidas\u00bb<\/strong><\/em>.<\/p>\n\n\n\n<h3 class=\"wp-block-heading\" id=\"resTit_4_4\">Tema 2021: paludismo cero<\/h3>\n\n\n\n<p><strong>En 2021, la OMS conmemor\u00f3 el D\u00eda Mundial del Paludismo<\/strong>&nbsp;celebrando los logros de aquellos pa\u00edses que ya han erradicado la enfermedad de la malaria, o los que est\u00e1n muy cerca de llegar al objetivo de paludismo cero.<\/p>\n\n\n\n<p>El 21 de abril la OMS public\u00f3 un informe sobre los pa\u00edses que han erradicado casi por completo la malaria y que en 2020 no notificaron nig\u00fan caso aut\u00f3ctono dentro de sus fronteras.<\/p>\n\n\n\n<p>Tambi\u00e9n se celebr\u00f3 un foro virtual de expertos, trabajadores de la salud y l\u00edderes mundiales para intercambiar experiencias, todo ello con el objetivo de llegar a la meta del paludismo cero en 2030.<\/p>\n\n\n\n<p><\/p>\n\n\n\n<p>diainternacionalde.com<\/p>\n","protected":false},"excerpt":{"rendered":"<p>El 25 de abril se celebra el D\u00eda Mundial del Paludismo&nbsp;con el objetivo de poner de relieve la necesidad de invertir continuamente en la prevenci\u00f3n y el control de la enfermedad de la malaria. Fue en 2007 cuando los Estados Miembros de la Organizaci\u00f3n Mundial de la Salud declararon el&nbsp;D\u00eda Mundial del Paludismo&nbsp;para el 25 [&hellip;]<\/p>\n","protected":false},"author":1,"featured_media":184906,"comment_status":"closed","ping_status":"closed","sticky":false,"template":"","format":"standard","meta":{"_acf_changed":false,"_jetpack_memberships_contains_paid_content":false,"footnotes":"","jetpack_publicize_message":"","jetpack_publicize_feature_enabled":true,"jetpack_social_post_already_shared":true,"jetpack_social_options":{"image_generator_settings":{"template":"highway","default_image_id":0,"font":"","enabled":false},"version":2}},"categories":[6],"tags":[],"class_list":["post-184905","post","type-post","status-publish","format-standard","has-post-thumbnail","hentry","category-ecologia"],"acf":[],"jetpack_publicize_connections":[],"jetpack_featured_media_url":"https:\/\/i0.wp.com\/sportseco.com\/wp-content\/uploads\/2025\/04\/04-25_dia-mundial-paludismo-24.jpg?fit=305%2C203&ssl=1","jetpack_sharing_enabled":true,"_links":{"self":[{"href":"https:\/\/sportseco.com\/index.php?rest_route=\/wp\/v2\/posts\/184905","targetHints":{"allow":["GET"]}}],"collection":[{"href":"https:\/\/sportseco.com\/index.php?rest_route=\/wp\/v2\/posts"}],"about":[{"href":"https:\/\/sportseco.com\/index.php?rest_route=\/wp\/v2\/types\/post"}],"author":[{"embeddable":true,"href":"https:\/\/sportseco.com\/index.php?rest_route=\/wp\/v2\/users\/1"}],"replies":[{"embeddable":true,"href":"https:\/\/sportseco.com\/index.php?rest_route=%2Fwp%2Fv2%2Fcomments&post=184905"}],"version-history":[{"count":1,"href":"https:\/\/sportseco.com\/index.php?rest_route=\/wp\/v2\/posts\/184905\/revisions"}],"predecessor-version":[{"id":184907,"href":"https:\/\/sportseco.com\/index.php?rest_route=\/wp\/v2\/posts\/184905\/revisions\/184907"}],"wp:featuredmedia":[{"embeddable":true,"href":"https:\/\/sportseco.com\/index.php?rest_route=\/wp\/v2\/media\/184906"}],"wp:attachment":[{"href":"https:\/\/sportseco.com\/index.php?rest_route=%2Fwp%2Fv2%2Fmedia&parent=184905"}],"wp:term":[{"taxonomy":"category","embeddable":true,"href":"https:\/\/sportseco.com\/index.php?rest_route=%2Fwp%2Fv2%2Fcategories&post=184905"},{"taxonomy":"post_tag","embeddable":true,"href":"https:\/\/sportseco.com\/index.php?rest_route=%2Fwp%2Fv2%2Ftags&post=184905"}],"curies":[{"name":"wp","href":"https:\/\/api.w.org\/{rel}","templated":true}]}}