{"id":184932,"date":"2025-04-25T10:40:01","date_gmt":"2025-04-25T14:40:01","guid":{"rendered":"https:\/\/sportseco.com\/?p=184932"},"modified":"2025-04-25T10:40:05","modified_gmt":"2025-04-25T14:40:05","slug":"la-fifa-presenta-la-primera-semana-mundial-del-futbol-e-invita-al-mundo-a-unirse-a-las-celebraciones","status":"publish","type":"post","link":"https:\/\/sportseco.com\/?p=184932","title":{"rendered":"La FIFA presenta la primera semana mundial del f\u00fatbol e invita al mundo a unirse a las celebraciones"},"content":{"rendered":"\n<ul class=\"wp-block-list\">\n<li><strong>Del 21 al 25 de mayo, aficionados, jugadores y comunidades se reunir\u00e1n para celebrar el entusiasmo colectivo por el f\u00fatbol y promover su poder como veh\u00edculo para unir a las personas<\/strong><\/li>\n\n\n\n<li><strong>La gu\u00eda pr\u00e1ctica, dirigida a las federaciones miembro de la FIFA, clubes, centros deportivos y grupos comunitarios, ofrece recomendaciones sobre c\u00f3mo organizar actividades locales<\/strong><\/li>\n\n\n\n<li><strong>El presidente de la FIFA, Gianni Infantino, ha declarado que la semana mundial del f\u00fatbol es una ampliaci\u00f3n del D\u00eda Mundial del F\u00fatbol de las Naciones Unidas, que se celebra el 25 de mayo<\/strong><\/li>\n<\/ul>\n\n\n\n<p>La FIFA ha anunciado que la primera edici\u00f3n de la <a href=\"https:\/\/inside.fifa.com\/es\/campaigns\/world-football-week\">semana mundial del f\u00fatbol<\/a> se celebrar\u00e1 del 21 al 25 de mayo. Esta iniciativa rinde homenaje al poder del f\u00fatbol como veh\u00edculo para unir a las personas m\u00e1s all\u00e1 de las fronteras, las culturas o los idiomas que las separan. El mensaje \u00abJuntos somos m\u00e1s fuertes\u00bb invita a aficionados, equipos y organizaciones de todo el mundo a jugar, ver partidos y festejar el f\u00fatbol, y pone de relieve que la uni\u00f3n hace la fuerza.<a href=\"https:\/\/inside.fifa.com\/es\/campaigns\/world-football-week\"><\/a><a href=\"https:\/\/inside.fifa.com\/es\/campaigns\/world-football-week\"><\/a><\/p>\n\n\n\n<p>El 23 de mayo de 2024, el presidente de la FIFA, Gianni Infantino, propuso ampliar a cinco jornadas el <a href=\"https:\/\/www.un.org\/es\/observances\/football-day\">D\u00eda Mundial del F\u00fatbol de las Naciones Unidas<\/a> (25 de mayo), con el nombre de \u00ab<a href=\"https:\/\/inside.fifa.com\/es\/campaigns\/world-football-week\">semana mundial del f\u00fatbol<\/a>\u00bb y periodicidad anual. La celebraci\u00f3n comenzar\u00e1 el 21 de mayo, fecha en la que se fund\u00f3 la FIFA en 1904, y se extender\u00e1 hasta el 25 de mayo, D\u00eda Mundial del F\u00fatbol de las Naciones Unidas. Esta fecha coincide adem\u00e1s con el inicio de los Juegos Ol\u00edmpicos de verano de Par\u00eds de 1924 \u2014el primero organizado por la FIFA\u2014 que sent\u00f3 las bases para la creaci\u00f3n de la primera Copa Mundial de la FIFA\u2122 seis a\u00f1os despu\u00e9s.<\/p>\n\n\n\n<p><\/p>\n\n\n\n<p>Los objetivos de la <a href=\"https:\/\/inside.fifa.com\/es\/campaigns\/world-football-week\">semana mundial del f\u00fatbol<\/a> son:<\/p>\n\n\n\n<ul class=\"wp-block-list\">\n<li>Unir a personas de toda clase y condici\u00f3n mediante el poder del f\u00fatbol.<\/li>\n\n\n\n<li>Fomentar el sentido de pertenencia a trav\u00e9s de la pasi\u00f3n compartida por el f\u00fatbol.<\/li>\n<\/ul>\n\n\n\n<p><strong>Descarga la gu\u00eda pr\u00e1ctica de la semana mundial del f\u00fatbol:<\/strong> Las personas u organizaciones que descarguen la <a href=\"https:\/\/digitalhub.fifa.com\/m\/5003a516efff45b\/original\/Guia-practica-de-la-semana-mundial-del-futbol.pdf\">gu\u00eda pr\u00e1ctica de la semana mundial del f\u00fatbol<\/a> tendr\u00e1n acceso a todos los recursos necesarios para organizar actividades e impulsar la celebraci\u00f3n mundial del f\u00fatbol. Entre sus recursos se encuentran propuestas de iniciativas locales, plantillas para redes sociales y recomendaciones \u00fatiles que prometen una semana de diversi\u00f3n y unidad a trav\u00e9s del f\u00fatbol.<\/p>\n\n\n\n<figure class=\"wp-block-image\"><img decoding=\"async\" src=\"https:\/\/digitalhub.fifa.com\/transform\/b1333ce2-935d-4ff8-a5a9-dde5f1467c24\/World-Football-Week-2025-Spanish-Graphic?io=transform:fill,width:50,width:50&amp;quality=70\" alt=\"World Football Week 2025 - Spanish Graphic\" title=\"World Football Week 2025 - Spanish Graphic\"\/><\/figure>\n\n\n\n<p><strong>C\u00f3mo participar:<\/strong><\/p>\n\n\n\n<ol class=\"wp-block-list\">\n<li>Descarga la gu\u00eda pr\u00e1ctica de la semana mundial del f\u00fatbol <a href=\"https:\/\/digitalhub.fifa.com\/m\/5003a516efff45b\/original\/Guia-practica-de-la-semana-mundial-del-futbol.pdf\">aqu\u00ed<\/a> para acceder a los recursos necesarios para organizar actividades.<\/li>\n\n\n\n<li>\u00danete al festejo ya sea jugando un partido con tus amigos, familiares o compa\u00f1eros, apoyando a tu equipo local o asistiendo a una fiesta de f\u00fatbol.<\/li>\n\n\n\n<li>Comparte tu experiencia en redes sociales y usa el hashtag #WorldFootballWeek (#SemanaMundialDelF\u00fatbol). No olvides mencionar a la FIFA (<a href=\"https:\/\/www.instagram.com\/fifa\/\">@fifa<\/a> en Instagram y <a href=\"https:\/\/x.com\/fifacom_Es\">@fifacom_es<\/a> en X) para compartir tus momentos futbol\u00edsticos y mostrar c\u00f3mo el f\u00fatbol crea lazos en cada rinc\u00f3n del planeta.<\/li>\n<\/ol>\n\n\n\n<p><a href=\"https:\/\/digitalhub.fifa.com\/m\/5003a516efff45b\/original\/Guia-practica-de-la-semana-mundial-del-futbol.pdf\"><\/a><\/p>\n\n\n\n<p><\/p>\n\n\n\n<p>fifa.com<a href=\"https:\/\/digitalhub.fifa.com\/m\/5003a516efff45b\/original\/Guia-practica-de-la-semana-mundial-del-futbol.pdf\"><\/a><\/p>\n","protected":false},"excerpt":{"rendered":"<p>La FIFA ha anunciado que la primera edici\u00f3n de la semana mundial del f\u00fatbol se celebrar\u00e1 del 21 al 25 de mayo. Esta iniciativa rinde homenaje al poder del f\u00fatbol como veh\u00edculo para unir a las personas m\u00e1s all\u00e1 de las fronteras, las culturas o los idiomas que las separan. El mensaje \u00abJuntos somos m\u00e1s [&hellip;]<\/p>\n","protected":false},"author":1,"featured_media":184933,"comment_status":"closed","ping_status":"closed","sticky":false,"template":"","format":"standard","meta":{"_acf_changed":false,"_jetpack_memberships_contains_paid_content":false,"footnotes":"","jetpack_publicize_message":"","jetpack_publicize_feature_enabled":true,"jetpack_social_post_already_shared":true,"jetpack_social_options":{"image_generator_settings":{"template":"highway","default_image_id":0,"font":"","enabled":false},"version":2}},"categories":[5],"tags":[],"class_list":["post-184932","post","type-post","status-publish","format-standard","has-post-thumbnail","hentry","category-futbol"],"acf":[],"jetpack_publicize_connections":[],"jetpack_featured_media_url":"https:\/\/i0.wp.com\/sportseco.com\/wp-content\/uploads\/2025\/04\/World-Football-Week2025-hero-ES.webp?fit=1968%2C1968&ssl=1","jetpack_sharing_enabled":true,"_links":{"self":[{"href":"https:\/\/sportseco.com\/index.php?rest_route=\/wp\/v2\/posts\/184932","targetHints":{"allow":["GET"]}}],"collection":[{"href":"https:\/\/sportseco.com\/index.php?rest_route=\/wp\/v2\/posts"}],"about":[{"href":"https:\/\/sportseco.com\/index.php?rest_route=\/wp\/v2\/types\/post"}],"author":[{"embeddable":true,"href":"https:\/\/sportseco.com\/index.php?rest_route=\/wp\/v2\/users\/1"}],"replies":[{"embeddable":true,"href":"https:\/\/sportseco.com\/index.php?rest_route=%2Fwp%2Fv2%2Fcomments&post=184932"}],"version-history":[{"count":1,"href":"https:\/\/sportseco.com\/index.php?rest_route=\/wp\/v2\/posts\/184932\/revisions"}],"predecessor-version":[{"id":184934,"href":"https:\/\/sportseco.com\/index.php?rest_route=\/wp\/v2\/posts\/184932\/revisions\/184934"}],"wp:featuredmedia":[{"embeddable":true,"href":"https:\/\/sportseco.com\/index.php?rest_route=\/wp\/v2\/media\/184933"}],"wp:attachment":[{"href":"https:\/\/sportseco.com\/index.php?rest_route=%2Fwp%2Fv2%2Fmedia&parent=184932"}],"wp:term":[{"taxonomy":"category","embeddable":true,"href":"https:\/\/sportseco.com\/index.php?rest_route=%2Fwp%2Fv2%2Fcategories&post=184932"},{"taxonomy":"post_tag","embeddable":true,"href":"https:\/\/sportseco.com\/index.php?rest_route=%2Fwp%2Fv2%2Ftags&post=184932"}],"curies":[{"name":"wp","href":"https:\/\/api.w.org\/{rel}","templated":true}]}}