{"id":184935,"date":"2025-04-25T13:55:30","date_gmt":"2025-04-25T17:55:30","guid":{"rendered":"https:\/\/sportseco.com\/?p=184935"},"modified":"2025-04-25T13:55:36","modified_gmt":"2025-04-25T17:55:36","slug":"ministra-lena-estrada-impulsa-alianzas-estrategicas-de-cooperacion-internacional-en-ee-uu","status":"publish","type":"post","link":"https:\/\/sportseco.com\/?p=184935","title":{"rendered":"Ministra Lena Estrada impulsa alianzas estrat\u00e9gicas de cooperaci\u00f3n internacional en EE.UU."},"content":{"rendered":"\n<figure class=\"wp-block-image\"><img data-recalc-dims=\"1\" decoding=\"async\" src=\"https:\/\/i0.wp.com\/www.minambiente.gov.co\/wp-content\/uploads\/2025\/04\/Comunicado-Minambiente-impulsa-alianzas-en-Estados-Unidos.jpeg?w=640&#038;ssl=1\" alt=\"Ministra Lena Estrada impulsa alianzas estrat\u00e9gicas de cooperaci\u00f3n internacional en EE.UU.\" title=\"Ministra Lena Estrada impulsa alianzas estrat\u00e9gicas de cooperaci\u00f3n internacional en EE.UU.\"\/><\/figure>\n\n\n\n<ul class=\"wp-block-list\">\n<li>En una intensa agenda de trabajo en Estados Unidos, la ministra de Ambiente de Colombia particip\u00f3 en el Foro Permanente para las Cuestiones Ind\u00edgenas de la\u00a0ONU\u00a0en Nueva York, sostuvo reuniones bilaterales para fortalecer la agenda amaz\u00f3nica y avanz\u00f3 en alianzas clave con el Banco Mundial y organizaciones internacionales.<\/li>\n\n\n\n<li>En Washington D.C., la ministra recibi\u00f3 el informe final de la Revisi\u00f3n de Expertos sobre Deuda, Naturaleza y Clima.<\/li>\n<\/ul>\n\n\n\n<p><strong>Washington D.C., 25 de abril de 2025 (minambienteco) \u2014<\/strong>&nbsp;En el marco de su visita oficial a Estados Unidos, la ministra de Ambiente y Desarrollo Sostenible de Colombia, Lena Estrada A\u00f1okazi, recibi\u00f3 en Washington el informe final de la Revisi\u00f3n de Expertos sobre Deuda, Naturaleza y Clima, un insumo clave para avanzar en una reforma profunda del sistema financiero internacional.<\/p>\n\n\n\n<p>Durante el evento central de su agenda, la ministra destac\u00f3 que&nbsp;<em>\u201cla arquitectura financiera global debe transformarse si queremos superar la triple crisis que enfrentamos: deuda insostenible, colapso clim\u00e1tico y p\u00e9rdida acelerada de la biodiversidad\u201d<\/em>, y se\u00f1al\u00f3 que el actual sistema castiga a los pa\u00edses que m\u00e1s hacen por proteger los bienes p\u00fablicos globales.<\/p>\n\n\n\n<p><em>\u201cLas reglas que hoy rigen la deuda soberana no reflejan la riqueza natural de los pa\u00edses que m\u00e1s contribuyen a atender la crisis clim\u00e1tica, ni tampoco los riesgos ambientales reales, ni los esfuerzos que hacen los pa\u00edses para proteger bienes p\u00fablicos globales como los bosques tropicales, el agua o la biodiversidad\u201d,<\/em>&nbsp;asegur\u00f3 la ministra Estrada.<\/p>\n\n\n\n<p>La revisi\u00f3n de expertos, respaldada por los gobiernos de Francia, Alemania, Colombia y Kenia, propone tres transformaciones clave para garantizar el acceso directo y efectivo de los Pueblos Ind\u00edgenas y comunidades m\u00e1s vulnerables, reconociendo su papel esencial en la protecci\u00f3n de la naturaleza:<\/p>\n\n\n\n<ul class=\"wp-block-list\">\n<li>Incorporar adecuadamente la naturaleza y el clima en los an\u00e1lisis econ\u00f3micos y de deuda.<\/li>\n\n\n\n<li>Resolver las tensiones actuales de endeudamiento en los pa\u00edses vulnerables.<\/li>\n\n\n\n<li>Dise\u00f1ar nuevos instrumentos de financiaci\u00f3n que impulsen inversiones en acci\u00f3n clim\u00e1tica y conservaci\u00f3n.<\/li>\n<\/ul>\n\n\n\n<p>El proceso se origin\u00f3 en junio de 2023, durante la Cumbre por un Nuevo Pacto Financiero Global convocada por Francia, y avanz\u00f3 con su lanzamiento oficial en la COP28 de Dub\u00e1i. En 2024 se conform\u00f3 un grupo multiregional y multidisciplinario de expertos, y ahora, en abril de 2025, se entregan las recomendaciones finales con miras a la COP30 que se celebrar\u00e1 en Bel\u00e9m de Par\u00e1.<\/p>\n\n\n\n<p>La ministra Estrada reiter\u00f3 que Colombia seguir\u00e1 promoviendo propuestas para integrar criterios ambientales en el sistema financiero global y destac\u00f3 la necesidad de impulsar mecanismos que reconozcan el valor del capital natural y aseguren el acceso directo de los pueblos ind\u00edgenas y comunidades \u00e9tnicas a los recursos para la acci\u00f3n clim\u00e1tica.<\/p>\n\n\n\n<p><em>\u201cEsta revisi\u00f3n de expertos es una hoja de ruta para una reforma real del sistema financiero global, basada en evidencia, en justicia y en cooperaci\u00f3n. Ahora es el momento de dar el siguiente paso. Desde Colombia, estamos dispuestos a liderar esfuerzos para convertir estos resultados en propuestas concretas que podamos impulsar, de manera conjunta, en la COP30\u201d,<\/em>&nbsp;enfatiz\u00f3 la jefa de la cartera de Ambiente.<\/p>\n\n\n\n<p>Colombia, junto con otros pa\u00edses del Sur Global, liderar\u00e1 esta transformaci\u00f3n del sistema financiero internacional, poniendo en el centro la justicia clim\u00e1tica. Para ello, es prioritario que los mecanismos innovadores derivados de esta revisi\u00f3n garanticen el&nbsp;<strong>acceso directo y efectivo de los Pueblos Ind\u00edgenas<\/strong>&nbsp;y las comunidades m\u00e1s vulnerables,&nbsp;<strong>cuyo papel en la protecci\u00f3n de la naturaleza y la acci\u00f3n clim\u00e1tica es insustituible.<\/strong>&nbsp;La valoraci\u00f3n del capital natural debe convertirse en una herramienta concreta para reconocer la riqueza que estas comunidades han conservado durante siglos e incorporarla, con justicia, al an\u00e1lisis econ\u00f3mico global.<\/p>\n\n\n\n<p><strong>Avances estrat\u00e9gicos para Colombia<\/strong><\/p>\n\n\n\n<p>Durante su paso por Nueva York, la ministra Lena Estrada particip\u00f3 en el Foro Permanente para las Cuestiones Ind\u00edgenas de la ONU, donde hizo un llamado a que este mecanismo inste a los Estados a mejorar la participaci\u00f3n efectiva de los Pueblos Ind\u00edgenas en las decisiones globales. En su intervenci\u00f3n, la ministra resalt\u00f3 la necesidad de reconocer los saberes de las mujeres ind\u00edgenas en las pol\u00edticas ambientales, defendi\u00f3 el car\u00e1cter sagrado de la hoja de coca y subray\u00f3 que \u201cnuestras voces deben estar en el centro de las decisiones globales\u201d.<\/p>\n\n\n\n<p>Adem\u00e1s, sostuvo reuniones bilaterales con la canciller de Bolivia, Celinda Sosa, para fortalecer la agenda amaz\u00f3nica, reafirmar el rol clave de los pueblos ind\u00edgenas, el compromiso con la&nbsp;OTCA&nbsp;y la urgencia de frenar la expansi\u00f3n de combustibles f\u00f3siles. En Washington D. C., continu\u00f3 su agenda de alto nivel con organizaciones como Conservation International, donde dialog\u00f3 sobre el liderazgo de Colombia rumbo a la COP30, la protecci\u00f3n de la Amazon\u00eda y el fortalecimiento de la acci\u00f3n clim\u00e1tica con los Pueblos Ind\u00edgenas. Tambi\u00e9n sostuvo encuentros con altos directivos del Banco Mundial, entre ellos Mark Thomas y Benoit Bosquet, para consolidar mecanismos de financiamiento directo a comunidades y avanzar en la implementaci\u00f3n del Fondo de Biocarbono en la Orinoquia.<\/p>\n\n\n\n<p><\/p>\n\n\n\n<p>minambiente.gov.co<\/p>\n","protected":false},"excerpt":{"rendered":"<p>Washington D.C., 25 de abril de 2025 (minambienteco) \u2014&nbsp;En el marco de su visita oficial a Estados Unidos, la ministra de Ambiente y Desarrollo Sostenible de Colombia, Lena Estrada A\u00f1okazi, recibi\u00f3 en Washington el informe final de la Revisi\u00f3n de Expertos sobre Deuda, Naturaleza y Clima, un insumo clave para avanzar en una reforma profunda [&hellip;]<\/p>\n","protected":false},"author":1,"featured_media":184936,"comment_status":"closed","ping_status":"closed","sticky":false,"template":"","format":"standard","meta":{"_acf_changed":false,"_jetpack_memberships_contains_paid_content":false,"footnotes":"","jetpack_publicize_message":"","jetpack_publicize_feature_enabled":true,"jetpack_social_post_already_shared":true,"jetpack_social_options":{"image_generator_settings":{"template":"highway","default_image_id":0,"font":"","enabled":false},"version":2}},"categories":[6],"tags":[],"class_list":["post-184935","post","type-post","status-publish","format-standard","has-post-thumbnail","hentry","category-ecologia"],"acf":[],"jetpack_publicize_connections":[],"jetpack_featured_media_url":"https:\/\/i0.wp.com\/sportseco.com\/wp-content\/uploads\/2025\/04\/Comunicado-Minambiente-impulsa-alianzas-en-Estados-Unidos.jpeg?fit=1280%2C853&ssl=1","jetpack_sharing_enabled":true,"_links":{"self":[{"href":"https:\/\/sportseco.com\/index.php?rest_route=\/wp\/v2\/posts\/184935","targetHints":{"allow":["GET"]}}],"collection":[{"href":"https:\/\/sportseco.com\/index.php?rest_route=\/wp\/v2\/posts"}],"about":[{"href":"https:\/\/sportseco.com\/index.php?rest_route=\/wp\/v2\/types\/post"}],"author":[{"embeddable":true,"href":"https:\/\/sportseco.com\/index.php?rest_route=\/wp\/v2\/users\/1"}],"replies":[{"embeddable":true,"href":"https:\/\/sportseco.com\/index.php?rest_route=%2Fwp%2Fv2%2Fcomments&post=184935"}],"version-history":[{"count":1,"href":"https:\/\/sportseco.com\/index.php?rest_route=\/wp\/v2\/posts\/184935\/revisions"}],"predecessor-version":[{"id":184937,"href":"https:\/\/sportseco.com\/index.php?rest_route=\/wp\/v2\/posts\/184935\/revisions\/184937"}],"wp:featuredmedia":[{"embeddable":true,"href":"https:\/\/sportseco.com\/index.php?rest_route=\/wp\/v2\/media\/184936"}],"wp:attachment":[{"href":"https:\/\/sportseco.com\/index.php?rest_route=%2Fwp%2Fv2%2Fmedia&parent=184935"}],"wp:term":[{"taxonomy":"category","embeddable":true,"href":"https:\/\/sportseco.com\/index.php?rest_route=%2Fwp%2Fv2%2Fcategories&post=184935"},{"taxonomy":"post_tag","embeddable":true,"href":"https:\/\/sportseco.com\/index.php?rest_route=%2Fwp%2Fv2%2Ftags&post=184935"}],"curies":[{"name":"wp","href":"https:\/\/api.w.org\/{rel}","templated":true}]}}