{"id":184949,"date":"2025-04-25T15:17:24","date_gmt":"2025-04-25T19:17:24","guid":{"rendered":"https:\/\/sportseco.com\/?p=184949"},"modified":"2025-04-25T15:17:28","modified_gmt":"2025-04-25T19:17:28","slug":"flick-es-un-dia-para-trabajar-luchar-por-ganar-pero-tambien-disfrutar","status":"publish","type":"post","link":"https:\/\/sportseco.com\/?p=184949","title":{"rendered":"Flick: \u00abEs un d\u00eda para trabajar, luchar por ganar, pero tambi\u00e9n disfrutar\u00bb"},"content":{"rendered":"\n<p>Ronald Ara\u00fajo tambi\u00e9n compareci\u00f3 en rueda de prensa y puso en valor \u00abla posibilidad de ganar otro t\u00edtulo\u00bb<\/p>\n\n\n\n<p id=\"i4t-id-3ejnk6csm\"><strong>Hansi Flick<\/strong>&nbsp;compareci\u00f3, antes de que el&nbsp;<strong>FC Barcelona<\/strong>&nbsp;llevase a cabo entrenamiento oficial, el rueda de prensa en al previa de la gran final de la&nbsp;<strong>Copa del Rey<\/strong>. En entrenador del conjunto catal\u00e1n quiso empezar poniendo en valor el duelo, afirmando que \u00abtenemos que disfrutar del d\u00eda de ma\u00f1ana. El&nbsp;<strong>Real Madrid CF<\/strong>&nbsp;es un gran rival y el campo est\u00e1 precioso. Tenemos que trabajar y luchar para ganar, pero tambi\u00e9n disfrutar\u00bb.<\/p>\n\n\n\n<p id=\"i4t-id-fbo9sgj4b\">Siguiendo con lo que supone el d\u00eda de ma\u00f1ana para el&nbsp;<strong>FC Barcelona<\/strong>, el alem\u00e1n destac\u00f3 que \u00abjugar la final de la&nbsp;<strong>Copa del Rey<\/strong>&nbsp;es una gran experiencia. En una final no hay favoritos, jugamos contra uno de los mejores equipos del mundo y queremos luchar por este t\u00edtulo. Queremos seguir creciendo y aprendiendo y ma\u00f1ana es un d\u00eda perfecto para ello\u00bb.<\/p>\n\n\n\n<p id=\"i4t-id-cnfrrfpln\">Analizando el estilo de su equipo,&nbsp;<strong>Flick<\/strong>&nbsp;explic\u00f3 que \u00abtenemos una idea muy clara de c\u00f3mo queremos jugar y creo en estos jugadores. Luchamos siempre hasta el final y ma\u00f1ana ser\u00e1 lo mismo. Vendr\u00e1n m\u00e1s de 26.000 personas a animar al&nbsp;<strong>FC Barcelona<\/strong>, se merecen que lo demos todo para ganar\u00bb.<\/p>\n\n\n\n<p>Finalmente, el entrenador quiso poner en valor la labor del estamento arbitral afirmando que \u00abesto es un deporte y es nuestra responsabilidad proteger a toda la gente involucrada en este juego. Necesitamos a los \u00e1rbitros y tenemos que cuidarlos y respetarlos\u00bb.<\/p>\n\n\n\n<blockquote class=\"wp-block-quote is-layout-flow wp-block-quote-is-layout-flow\">\n<p><a href=\"https:\/\/youtube.com\/live\/4-Fpn5unw8k\" target=\"_blank\" rel=\"noreferrer noopener\">Vuelve a escuchar la rueda de prensa del FC Barcelona en la previa de la final<\/a><\/p>\n<\/blockquote>\n\n\n\n<p id=\"i4t-id-51e6d6rb7\">Por su parte,&nbsp;<strong>Ronald Araujo<\/strong>&nbsp;valor\u00f3 el duelo por el t\u00edtulo destacando que \u00abel partido de ma\u00f1ana significa much\u00edsimo. Otra final, la posibilidad de ganar otro t\u00edtulo y ante un gran rival como el&nbsp;<strong>Real Madrid CF<\/strong>. Va a ser diferente a todo lo que hemos vivido esta temporada. Queremos ser protagonistas y tener la pelota. El equipo est\u00e1 muy motivado y con ganas, nuestra mentalidad es la de ganar siempre\u00bb.<\/p>\n\n\n\n<p id=\"i4t-id-07qc74sqh\">Con respecto al rival del conjunto catal\u00e1n, el central destac\u00f3 que \u00abjugamos contra el&nbsp;<strong>Real Madrid CF<\/strong>. Es un gran equipo con grandes jugadores. Lo afrontamos con mucha humildad, va a ser un partido muy dif\u00edcil\u00bb.&nbsp;<\/p>\n\n\n\n<p id=\"i4t-id-f6qk1f9n4\">Al ser preguntado por el desparpajo de sus compa\u00f1eros procedentes de&nbsp;<strong>La Mas\u00eda<\/strong>, el uruguayo afirm\u00f3 que \u00ablos jovenes te sorprenden porque tienen una tranquilidad incre\u00edble. Llegan arriba sin miedo, no parece que vayan a jugar una final ma\u00f1ana\u00bb.<\/p>\n\n\n\n<p id=\"i4t-id-z4g0e1pqf\">Finalmente,&nbsp;<strong>Araujo<\/strong>&nbsp;concluy\u00f3 poniendo en valor el trabajo del&nbsp;<strong>FC Barcelona<\/strong>, explicando que \u00abtenemos un gran equipo que est\u00e1 haciendo las cosas muy bien. El club y nuestra gente se merecen que luchemos ma\u00f1ana por el t\u00edtulo\u00bb.&nbsp;<\/p>\n\n\n\n<p><\/p>\n\n\n\n<p>rfef.es<\/p>\n","protected":false},"excerpt":{"rendered":"<p>Ronald Ara\u00fajo tambi\u00e9n compareci\u00f3 en rueda de prensa y puso en valor \u00abla posibilidad de ganar otro t\u00edtulo\u00bb Hansi Flick&nbsp;compareci\u00f3, antes de que el&nbsp;FC Barcelona&nbsp;llevase a cabo entrenamiento oficial, el rueda de prensa en al previa de la gran final de la&nbsp;Copa del Rey. En entrenador del conjunto catal\u00e1n quiso empezar poniendo en valor el [&hellip;]<\/p>\n","protected":false},"author":1,"featured_media":184950,"comment_status":"closed","ping_status":"closed","sticky":false,"template":"","format":"standard","meta":{"_acf_changed":false,"_jetpack_memberships_contains_paid_content":false,"footnotes":"","jetpack_publicize_message":"","jetpack_publicize_feature_enabled":true,"jetpack_social_post_already_shared":true,"jetpack_social_options":{"image_generator_settings":{"template":"highway","default_image_id":0,"font":"","enabled":false},"version":2}},"categories":[5],"tags":[],"class_list":["post-184949","post","type-post","status-publish","format-standard","has-post-thumbnail","hentry","category-futbol"],"acf":[],"jetpack_publicize_connections":[],"jetpack_featured_media_url":"https:\/\/i0.wp.com\/sportseco.com\/wp-content\/uploads\/2025\/04\/whatsapp_image_2025-04-25_at_17.38.45.jpeg.webp?fit=960%2C540&ssl=1","jetpack_sharing_enabled":true,"_links":{"self":[{"href":"https:\/\/sportseco.com\/index.php?rest_route=\/wp\/v2\/posts\/184949","targetHints":{"allow":["GET"]}}],"collection":[{"href":"https:\/\/sportseco.com\/index.php?rest_route=\/wp\/v2\/posts"}],"about":[{"href":"https:\/\/sportseco.com\/index.php?rest_route=\/wp\/v2\/types\/post"}],"author":[{"embeddable":true,"href":"https:\/\/sportseco.com\/index.php?rest_route=\/wp\/v2\/users\/1"}],"replies":[{"embeddable":true,"href":"https:\/\/sportseco.com\/index.php?rest_route=%2Fwp%2Fv2%2Fcomments&post=184949"}],"version-history":[{"count":1,"href":"https:\/\/sportseco.com\/index.php?rest_route=\/wp\/v2\/posts\/184949\/revisions"}],"predecessor-version":[{"id":184951,"href":"https:\/\/sportseco.com\/index.php?rest_route=\/wp\/v2\/posts\/184949\/revisions\/184951"}],"wp:featuredmedia":[{"embeddable":true,"href":"https:\/\/sportseco.com\/index.php?rest_route=\/wp\/v2\/media\/184950"}],"wp:attachment":[{"href":"https:\/\/sportseco.com\/index.php?rest_route=%2Fwp%2Fv2%2Fmedia&parent=184949"}],"wp:term":[{"taxonomy":"category","embeddable":true,"href":"https:\/\/sportseco.com\/index.php?rest_route=%2Fwp%2Fv2%2Fcategories&post=184949"},{"taxonomy":"post_tag","embeddable":true,"href":"https:\/\/sportseco.com\/index.php?rest_route=%2Fwp%2Fv2%2Ftags&post=184949"}],"curies":[{"name":"wp","href":"https:\/\/api.w.org\/{rel}","templated":true}]}}