{"id":184957,"date":"2025-04-25T17:47:28","date_gmt":"2025-04-25T21:47:28","guid":{"rendered":"https:\/\/sportseco.com\/?p=184957"},"modified":"2025-04-25T17:47:35","modified_gmt":"2025-04-25T21:47:35","slug":"con-el-reconocimiento-de-estados-unidos-cali-avanza-en-su-estrategia-por-la-proteccion-y-conservacion-del-parque-nacional-natural-farallones","status":"publish","type":"post","link":"https:\/\/sportseco.com\/?p=184957","title":{"rendered":"Con el reconocimiento de Estados Unidos, Cali avanza en su estrategia por la protecci\u00f3n y conservaci\u00f3n del Parque Nacional Natural Farallones"},"content":{"rendered":"\n<figure class=\"wp-block-image\"><img data-recalc-dims=\"1\" decoding=\"async\" src=\"https:\/\/i0.wp.com\/www.cali.gov.co\/info\/caligovco_se\/media\/pubInt\/thumbs\/thpubInt_700X400_186507.webp?w=640&#038;ssl=1\" alt=\"Con el reconocimiento de Estados Unidos, Cali avanza en su estrategia por la protecci\u00f3n y conservaci\u00f3n del Parque Nacional Natural Farallones\" title=\"Con el reconocimiento de Estados Unidos, Cali avanza en su estrategia por la protecci\u00f3n y conservaci\u00f3n del Parque Nacional Natural Farallones\"\/><\/figure>\n\n\n\n<ul class=\"wp-block-list\">\n<li><em>En el marco de la visita de John McNamara, encargado de Negocios de la Embajada de Estados Unidos en Colombia, Cali reafirm\u00f3 su legado como \u2018Capital de la Biodiversidad\u2019 y una de las ciudades m\u00e1s biodiversas del mundo.<\/em><br \/>\u00a0<\/li>\n\n\n\n<li><em>La Administraci\u00f3n Distrital le mostr\u00f3 al diplom\u00e1tico el trabajo que se ha hecho en los Farallones, destacando el cierre de todas las minas ilegales. Adem\u00e1s, se le entreg\u00f3 en comodato a la Polic\u00eda el predio \u2018El Arbolito\u2019, en el corregimiento de Los Andes, donde hoy funciona una de las sedes de Carabineros. \u00a0\u00a0\u00a0<\/em><br \/>\u00a0<\/li>\n\n\n\n<li><em>\u201cEl Parque Nacional Natural Farallones es parte de nuestra identidad y fuente de vida para Cali. Protegerlo es nuestro deber y recuperarlo tambi\u00e9n. No vamos a vivir m\u00e1s de espaldas a este para\u00edso natural\u201d, dijo el alcalde Alejandro Eder.<\/em><\/li>\n<\/ul>\n\n\n\n<p><strong>Santiago de Cali, 25 de abril de 2025<\/strong><br \/><br \/>Con el reconocimiento de Estados Unidos, Cali contin\u00faa fortaleciendo su estrategia para la protecci\u00f3n y conservaci\u00f3n del&nbsp;<strong><em>Parque Nacional Natural Farallones<\/em><\/strong>, reafirmando as\u00ed su legado como&nbsp;<em>\u2018Capital de la Biodiversidad\u2019<\/em>&nbsp;en Colombia y una de las ciudades m\u00e1s biodiversas del mundo.<br \/><br \/>Y es que antes y despu\u00e9s de la&nbsp;<em>COP16<\/em>, la cumbre sobre biodiversidad m\u00e1s importante del planeta y que se realiz\u00f3 en octubre de 2024, la apuesta por los Farallones ha sido una prioridad de la Administraci\u00f3n Distrital que lidera el alcalde Alejandro Eder.<br \/><br \/>El viernes&nbsp;<em>(25.04.2025)&nbsp;<\/em>y en el marco de la visita de&nbsp;<em>John McNamara<\/em>, encargado de Negocios de la Embajada de Estados Unidos en Colombia, se dieron a conocer las acciones que se est\u00e1n implementando para avanzar en el prop\u00f3sito de cuidar este tesoro, que forma parte del patrimonio natural de Colombia. &nbsp;&nbsp;<br \/><br \/>Para Alejandro Eder, el trabajo en conjunto con el tema de los Farallones ha sido extraordinario.&nbsp;<em>\u201cLogramos cerrar la mina ilegal m\u00e1s grande de la historia en nuestro pa\u00eds, gracias a un trabajo desde esta Administraci\u00f3n, articulado con diferentes organismos. Hoy le presentamos al embajador de Estados Unidos el trabajo que hemos venido realizando; le agradecimos adem\u00e1s por el apoyo del Gobierno de ese pa\u00eds, sin el cual no ser\u00eda posible este tipo de logros contra la delincuencia y los delitos medio ambientales. Cali no va a vivir m\u00e1s de espaldas a los Farallones\u201d<\/em>, asegur\u00f3 el burgomaestre. &nbsp;<br \/><br \/>Seg\u00fan el mandatario, despu\u00e9s de cerrar las minas ilegales que impactaban los ecosistemas, inici\u00f3 la etapa de descontaminar m\u00e1s de 1000 hect\u00e1reas afectadas.&nbsp;<em>\u201cDesde Cali estamos comprometidos con recuperar la seguridad de todos los ciudadanos; atacar estos delitos transnacionales tambi\u00e9n contribuye a esa meta\u201d<\/em>, agreg\u00f3.&nbsp;&nbsp;&nbsp;&nbsp;&nbsp;&nbsp;&nbsp; &nbsp;<br \/><br \/><strong>Espaldarazo de Estados Unidos<\/strong><br \/><br \/>John McNamara felicit\u00f3 a la Administraci\u00f3n Distrital y a los organismos aliados, por su lucha contra la miner\u00eda ilegal en el Parque Farallones y otros delitos como el narcotr\u00e1fico, que impactan a la ciudad, la regi\u00f3n, el pa\u00eds y otras partes del mundo.<br \/><br \/><em>\u201cEste parque es una belleza natural y me alegra que ya no haya minas ilegales funcionando. Ahora viene la recuperaci\u00f3n de la tierra; ya estamos trabajando en este objetivo. Los cale\u00f1os tienen el deber de sentirse orgullosos de este tesoro natural y, asimismo, la responsabilidad de cuidarlo\u201d<\/em>, consider\u00f3 el representante diplom\u00e1tico.&nbsp; &nbsp;&nbsp;&nbsp;&nbsp;&nbsp;&nbsp;<br \/><br \/>Cabe recordar que la Administraci\u00f3n Distrital, en articulaci\u00f3n con la Gobernaci\u00f3n del Valle del Cauca, el Gobierno Nacional, la Fuerza P\u00fablica, Parques Nacionales y organizaciones comunitarias y ambientales, viene implementando acciones concretas que incluyen el cierre de todas la minas ilegales; la restauraci\u00f3n de \u00e1reas degradadas; el fortalecimiento de la vigilancia ambiental; proyectos con guardabosques; ecoturismo; educaci\u00f3n ecol\u00f3gica en comunidades aleda\u00f1as; y el impulso de econom\u00edas sostenibles con inversi\u00f3n de empresas americanas.<br \/><br \/><strong>Entrega a la Polic\u00eda del predio \u2018El Arbolito\u2019<\/strong><br \/><br \/>La Alcald\u00eda de Cali entreg\u00f3 en comodato a la Polic\u00eda Nacional el predio&nbsp;<em>\u2018El Arbolito\u2019<\/em>, ubicado en el corregimiento de Los Andes, dentro del Parque Nacional Natural Farallones, donde actualmente funciona una de las sedes de Carabineros.<br \/><br \/>El objetivo es que la Fuerza P\u00fablica pueda seguir robusteciendo algunas infraestructuras estrat\u00e9gicas, para la misi\u00f3n de controlar la miner\u00eda ilegal en los Farallones.<br \/><br \/>Asimismo, se tiene proyectado invertir recursos por parte de la Alcald\u00eda, para la construcci\u00f3n de una base de alta monta\u00f1a de la Polic\u00eda de Carabineros en la vereda Pe\u00f1as Blancas, tambi\u00e9n corregimiento de Los Andes.<br \/><br \/><strong>Los Farallones, libre de miner\u00eda<\/strong><br \/><br \/>Es de resaltar que el plan para proteger los Farallones avanza con resultados positivos y se mantienen todas las minas ilegales cerradas, gracias al trabajo interinstitucional desarrollado desde el a\u00f1o pasado.<br \/><br \/>En lo corrido de 2025, la Fuerza P\u00fablica ha realizado m\u00e1s de 130 puestos de control; unos 80 patrullajes motorizados y un aproximado de 200 patrullajes a pie, en la parte baja. Adem\u00e1s, se hace revisi\u00f3n d\u00eda por d\u00eda de cada mina cerrada y se busca a los dinamizadores de la miner\u00eda ilegal.<br \/><br \/>De esta manera, Santiago de Cali se sigue posicionando como un referente en la protecci\u00f3n del patrimonio natural de Colombia y en la lucha global por detener la p\u00e9rdida de la biodiversidad.<\/p>\n\n\n\n<p><\/p>\n\n\n\n<p>cali.gov.co<\/p>\n","protected":false},"excerpt":{"rendered":"<p>Santiago de Cali, 25 de abril de 2025 Con el reconocimiento de Estados Unidos, Cali contin\u00faa fortaleciendo su estrategia para la protecci\u00f3n y conservaci\u00f3n del&nbsp;Parque Nacional Natural Farallones, reafirmando as\u00ed su legado como&nbsp;\u2018Capital de la Biodiversidad\u2019&nbsp;en Colombia y una de las ciudades m\u00e1s biodiversas del mundo. Y es que antes y despu\u00e9s de la&nbsp;COP16, la [&hellip;]<\/p>\n","protected":false},"author":1,"featured_media":184958,"comment_status":"closed","ping_status":"closed","sticky":false,"template":"","format":"standard","meta":{"_acf_changed":false,"_jetpack_memberships_contains_paid_content":false,"footnotes":"","jetpack_publicize_message":"","jetpack_publicize_feature_enabled":true,"jetpack_social_post_already_shared":true,"jetpack_social_options":{"image_generator_settings":{"template":"highway","default_image_id":0,"font":"","enabled":false},"version":2}},"categories":[6],"tags":[],"class_list":["post-184957","post","type-post","status-publish","format-standard","has-post-thumbnail","hentry","category-ecologia"],"acf":[],"jetpack_publicize_connections":[],"jetpack_featured_media_url":"https:\/\/i0.wp.com\/sportseco.com\/wp-content\/uploads\/2025\/04\/thgaleria_700X400_320439.webp?fit=700%2C394&ssl=1","jetpack_sharing_enabled":true,"_links":{"self":[{"href":"https:\/\/sportseco.com\/index.php?rest_route=\/wp\/v2\/posts\/184957","targetHints":{"allow":["GET"]}}],"collection":[{"href":"https:\/\/sportseco.com\/index.php?rest_route=\/wp\/v2\/posts"}],"about":[{"href":"https:\/\/sportseco.com\/index.php?rest_route=\/wp\/v2\/types\/post"}],"author":[{"embeddable":true,"href":"https:\/\/sportseco.com\/index.php?rest_route=\/wp\/v2\/users\/1"}],"replies":[{"embeddable":true,"href":"https:\/\/sportseco.com\/index.php?rest_route=%2Fwp%2Fv2%2Fcomments&post=184957"}],"version-history":[{"count":1,"href":"https:\/\/sportseco.com\/index.php?rest_route=\/wp\/v2\/posts\/184957\/revisions"}],"predecessor-version":[{"id":184959,"href":"https:\/\/sportseco.com\/index.php?rest_route=\/wp\/v2\/posts\/184957\/revisions\/184959"}],"wp:featuredmedia":[{"embeddable":true,"href":"https:\/\/sportseco.com\/index.php?rest_route=\/wp\/v2\/media\/184958"}],"wp:attachment":[{"href":"https:\/\/sportseco.com\/index.php?rest_route=%2Fwp%2Fv2%2Fmedia&parent=184957"}],"wp:term":[{"taxonomy":"category","embeddable":true,"href":"https:\/\/sportseco.com\/index.php?rest_route=%2Fwp%2Fv2%2Fcategories&post=184957"},{"taxonomy":"post_tag","embeddable":true,"href":"https:\/\/sportseco.com\/index.php?rest_route=%2Fwp%2Fv2%2Ftags&post=184957"}],"curies":[{"name":"wp","href":"https:\/\/api.w.org\/{rel}","templated":true}]}}