{"id":184970,"date":"2025-04-26T10:24:45","date_gmt":"2025-04-26T14:24:45","guid":{"rendered":"https:\/\/sportseco.com\/?p=184970"},"modified":"2025-04-26T10:24:51","modified_gmt":"2025-04-26T14:24:51","slug":"dia-mundial-de-la-propiedad-intelectual-26-de-abril-2","status":"publish","type":"post","link":"https:\/\/sportseco.com\/?p=184970","title":{"rendered":"D\u00eda Mundial de la Propiedad Intelectual, 26 de abril"},"content":{"rendered":"\n<p>El D\u00eda Mundial de la Propiedad Intelectual brinda una oportunidad \u00fanica para considerar, junto a otras personas de todo el mundo, de qu\u00e9 manera la&nbsp;<a href=\"https:\/\/www.wipo.int\/about-ip\/es\/\" rel=\"noreferrer noopener\" target=\"_blank\">propiedad intelectual<\/a>&nbsp;&nbsp;(PI) ayuda al panorama mundial de las artes a prosperar, y propicia la innovaci\u00f3n tecnol\u00f3gica que da impulso al progreso humano. La campa\u00f1a tambi\u00e9n da la oportunidad de destacar el papel que desempe\u00f1an los derechos de PI, como&nbsp;<a href=\"https:\/\/www.wipo.int\/patents\/es\/\" rel=\"noreferrer noopener\" target=\"_blank\">patentes<\/a>,&nbsp;<a href=\"https:\/\/www.wipo.int\/trademarks\/es\/\" rel=\"noreferrer noopener\" target=\"_blank\">marcas<\/a>,&nbsp;<a href=\"https:\/\/www.wipo.int\/designs\/es\/\" rel=\"noreferrer noopener\" target=\"_blank\">dise\u00f1os industriales<\/a>,&nbsp;<a href=\"https:\/\/www.wipo.int\/copyright\/es\/\" rel=\"noreferrer noopener\" target=\"_blank\">derecho de autor<\/a>, para estimular la innovaci\u00f3n y la creatividad.<\/p>\n\n\n\n<p>El D\u00eda Mundial de la Propiedad Intelectual hace hincapi\u00e9 en la importancia de un sistema equilibrado de propiedad intelectual para reconocer y recompensar a los inventores y creadores por su trabajo y garantizar que la sociedad se beneficie de su creatividad e ingenio. Los derechos de PI permiten a investigadores, inventores, empresas, dise\u00f1adores, artistas y otras personas proteger por derecho sus productos innovadores y creativos y obtener de ellos un rendimiento econ\u00f3mico.<\/p>\n\n\n\n<h2 class=\"wp-block-heading\">Acerca del D\u00eda Mundial de la Propiedad Intelectual<\/h2>\n\n\n\n<p>En 2000, los&nbsp;<a href=\"https:\/\/www.wipo.int\/members\/es\/\" rel=\"noreferrer noopener\" target=\"_blank\">Estados miembros<\/a>&nbsp;de la OMPI eligieron el d\u00eda 26 de abril, que es el d\u00eda en el que entr\u00f3 en vigor en 1970 el&nbsp;<a href=\"https:\/\/www.wipo.int\/treaties\/es\/convention\/index.html\" rel=\"noreferrer noopener\" target=\"_blank\">Convenio de la OMPI<\/a>, para celebrar el D\u00eda Mundial de la PI a los fines de fomentar una mayor comprensi\u00f3n general de la PI.<\/p>\n\n\n\n<p>Desde entonces, el D\u00eda Mundial de la Propiedad Intelectual ha constituido una oportunidad \u00fanica para celebrar las contribuciones de los inventores y creadores de todo el mundo y para explorar de qu\u00e9 manera la propiedad intelectual contribuye al florecimiento de la m\u00fasica y las artes y a la innovaci\u00f3n tecnol\u00f3gica que ayuda a dar forma a nuestro mundo.<\/p>\n\n\n\n<p><a href=\"https:\/\/www.wipo.int\/en\/web\/ipday\/2025\/faqs\" target=\"_blank\" rel=\"noreferrer noopener\">Preguntas frecuentes<\/a><\/p>\n\n\n\n<h2 class=\"wp-block-heading\">La PI y la m\u00fasica: Al ritmo de la PI<\/h2>\n\n\n\n<h2 class=\"wp-block-heading\">26 de abril de 2025<\/h2>\n\n\n\n<figure class=\"wp-block-image\"><img data-recalc-dims=\"1\" decoding=\"async\" src=\"https:\/\/i0.wp.com\/www.wipo.int\/documents\/d\/ipday\/wipd25-index-960.jpg?w=640&#038;ssl=1\" alt=\"#\"\/><\/figure>\n\n\n\n<p><a href=\"https:\/\/www.wipo.int\/en\/web\/ipday\/2025\/index\"><\/a><\/p>\n\n\n\n<p>Con sus ritmos que nos hacen bailar y las letras que nos conmueven y apelan a nuestras emociones m\u00e1s profundas, la creaci\u00f3n musical enriquece todos los aspectos de nuestra vida.<\/p>\n\n\n\n<p>El D\u00eda Mundial de la Propiedad Intelectual 2025 pone de relieve c\u00f3mo la creatividad y la innovaci\u00f3n, con el respaldo de los derechos de PI, ayudan a preservar un panorama musical pr\u00f3spero, din\u00e1mico y diverso que beneficia a todas las personas, en todas partes.<\/p>\n\n\n\n<p>\u00danase a este homenaje al idioma universal de la m\u00fasica y a los creadores, inventores y emprendedores de gran talento que siguen desarrollando los nuevos sonidos, estilos y tecnolog\u00edas que est\u00e1n transformando el futuro de la m\u00fasica y nos llevan a todos a sentir el ritmo.<\/p>\n\n\n\n<p>wipo.int<\/p>\n","protected":false},"excerpt":{"rendered":"<p>El D\u00eda Mundial de la Propiedad Intelectual brinda una oportunidad \u00fanica para considerar, junto a otras personas de todo el mundo, de qu\u00e9 manera la&nbsp;propiedad intelectual&nbsp;&nbsp;(PI) ayuda al panorama mundial de las artes a prosperar, y propicia la innovaci\u00f3n tecnol\u00f3gica que da impulso al progreso humano. La campa\u00f1a tambi\u00e9n da la oportunidad de destacar el [&hellip;]<\/p>\n","protected":false},"author":1,"featured_media":184971,"comment_status":"closed","ping_status":"closed","sticky":false,"template":"","format":"standard","meta":{"_acf_changed":false,"_jetpack_memberships_contains_paid_content":false,"footnotes":"","jetpack_publicize_message":"","jetpack_publicize_feature_enabled":true,"jetpack_social_post_already_shared":true,"jetpack_social_options":{"image_generator_settings":{"template":"highway","default_image_id":0,"font":"","enabled":false},"version":2}},"categories":[6],"tags":[],"class_list":["post-184970","post","type-post","status-publish","format-standard","has-post-thumbnail","hentry","category-ecologia"],"acf":[],"jetpack_publicize_connections":[],"jetpack_featured_media_url":"https:\/\/i0.wp.com\/sportseco.com\/wp-content\/uploads\/2025\/04\/wipd25-index-960.jpg?fit=960%2C540&ssl=1","jetpack_sharing_enabled":true,"_links":{"self":[{"href":"https:\/\/sportseco.com\/index.php?rest_route=\/wp\/v2\/posts\/184970","targetHints":{"allow":["GET"]}}],"collection":[{"href":"https:\/\/sportseco.com\/index.php?rest_route=\/wp\/v2\/posts"}],"about":[{"href":"https:\/\/sportseco.com\/index.php?rest_route=\/wp\/v2\/types\/post"}],"author":[{"embeddable":true,"href":"https:\/\/sportseco.com\/index.php?rest_route=\/wp\/v2\/users\/1"}],"replies":[{"embeddable":true,"href":"https:\/\/sportseco.com\/index.php?rest_route=%2Fwp%2Fv2%2Fcomments&post=184970"}],"version-history":[{"count":1,"href":"https:\/\/sportseco.com\/index.php?rest_route=\/wp\/v2\/posts\/184970\/revisions"}],"predecessor-version":[{"id":184972,"href":"https:\/\/sportseco.com\/index.php?rest_route=\/wp\/v2\/posts\/184970\/revisions\/184972"}],"wp:featuredmedia":[{"embeddable":true,"href":"https:\/\/sportseco.com\/index.php?rest_route=\/wp\/v2\/media\/184971"}],"wp:attachment":[{"href":"https:\/\/sportseco.com\/index.php?rest_route=%2Fwp%2Fv2%2Fmedia&parent=184970"}],"wp:term":[{"taxonomy":"category","embeddable":true,"href":"https:\/\/sportseco.com\/index.php?rest_route=%2Fwp%2Fv2%2Fcategories&post=184970"},{"taxonomy":"post_tag","embeddable":true,"href":"https:\/\/sportseco.com\/index.php?rest_route=%2Fwp%2Fv2%2Ftags&post=184970"}],"curies":[{"name":"wp","href":"https:\/\/api.w.org\/{rel}","templated":true}]}}