{"id":184979,"date":"2025-04-26T11:07:00","date_gmt":"2025-04-26T15:07:00","guid":{"rendered":"https:\/\/sportseco.com\/?p=184979"},"modified":"2025-04-26T11:07:04","modified_gmt":"2025-04-26T15:07:04","slug":"el-derecho-de-la-naturaleza-puede-guiar-un-cambio-transformador","status":"publish","type":"post","link":"https:\/\/sportseco.com\/?p=184979","title":{"rendered":"El derecho de la naturaleza puede guiar un cambio transformador"},"content":{"rendered":"\n<p>Durante una de las sesiones del Foro Permanente para las Cuestiones Ind\u00edgenas, celebrado en la sede de las Naciones Unidas en Nueva York, Constanza Prieto subray\u00f3 la importancia del derecho medioambiental, que promueve el respeto a los limites naturales y a los ecosistemas.<\/p>\n\n\n\n<p><strong>Por&nbsp;<\/strong><strong>Juanita Herrera Posada<\/strong><\/p>\n\n\n\n<p>Este busca responder a los problemas medioambientales actuales, aport\u00e1ndoles una nueva perspectiva, ya que&nbsp;esta ley que promueve el respeto a los limites naturales y a los ecosistemas&nbsp;como entes en s\u00ed mismos. Adem\u00e1s, es de gran importancia ya que est\u00e1 intr\u00ednsecamente vinculado con los derechos ind\u00edgenas: cuando se viola uno, el otro tambi\u00e9n se ve afectado.<\/p>\n\n\n\n<p>Mientras el derecho medioambiental reconoce la naturaleza \u201ccomo una cosa o un objeto\u201d, cuya explotaci\u00f3n tiene cierto l\u00edmite,&nbsp;<strong>los derechos de la naturaleza reconocen a \u00e9sta como \u201cun sujeto que merece respeto y protecci\u00f3n\u201d en s\u00ed mismo<\/strong>&nbsp;porque existen muchos elementos que dependen de estos ecosistemas, como animales o bosques, explic\u00f3 Constanza Prieto, destacando la diferencia del derecho innovador de la naturaleza.<\/p>\n\n\n\n<p>Constanza Prieto es directora jur\u00eddica para Am\u00e9rica Latina del&nbsp;<em>Earth Law Center<\/em>, una organizaci\u00f3n jur\u00eddica sin animo de lucro fundada en 2008 que busca trabajar por el derecho medioambiental.<\/p>\n\n\n\n<p>Durante una de las sesiones del Foro Permanente para las Cuestiones Ind\u00edgenas, celebrado en la sede de las Naciones Unidas en Nueva York, Prieto&nbsp;subray\u00f3 la importancia de&nbsp;<strong>esta legislaci\u00f3n, que promueve el respeto a los limites naturales y a los ecosistemas<\/strong>.<\/p>\n\n\n\n<p>Prieto -junto con otros expertos en los derechos de los ind\u00edgenas- profundiz\u00f3 c\u00f3mo la gobernanza ind\u00edgena, el reconocimiento legal y las&nbsp;<strong>relaciones con la naturaleza pueden guiar un cambio transformador para las personas y el planeta<\/strong>.<\/p>\n\n\n\n<p>El Foro Permanente para las Cuestiones Ind\u00edgenas busca abordar cuestiones relacionadas con el desarrollo econ\u00f3mico, social, cultural y medioambiental de los pueblos ind\u00edgenas por medio de diversos eventos que permiten la discusi\u00f3n entre agentes de cambio.<\/p>\n\n\n\n<p>La doctora Kelsey Leonard, profesora de Derecho de la&nbsp;Naturaleza (<em>Earth Law<\/em>) en la Universidad de Waterloo, por su parte, compar\u00f3&nbsp;<strong>el derecho de la naturaleza con un \u00e1rbol quetiene muchas ramas<\/strong>, como los derechos de los animales o los derechos ind\u00edgenas, y que siempre pueden crecer m\u00e1s. Este derecho busca responder a los problemas medioambientales actuales, aport\u00e1ndoles una nueva perspectiva.<\/p>\n\n\n\n<h2 class=\"wp-block-heading\">De los derechos ind\u00edgenas hasta el ecocidio<\/h2>\n\n\n\n<p>El concepto de la Ley de la Tierra o de la Naturaleza es bastante amplio e involucra diferentes tipos de principios que tienen como objetivo&nbsp;<strong>regular la protecci\u00f3n y el valor de la naturaleza<\/strong>.<\/p>\n\n\n\n<p>Estos est\u00e1n interconectados y forman parte de distintas ramas como puede ser el derecho ind\u00edgena, o el ecocidio, que es la criminalizaci\u00f3n o generaci\u00f3n de delitos por destrucci\u00f3n masiva de los ecosistemas, especific\u00f3&nbsp;Prieto en una entrevista con Noticias ONU.<\/p>\n\n\n\n<p>Estos derechos tienen una&nbsp;<strong>gran relaci\u00f3n con los pueblos ind\u00edgenas y sus derechos<\/strong>, ya que la interconexi\u00f3n entre los seres humanos y la naturaleza en el mundo empieza con los pueblos ind\u00edgenas, quienes dependen de esta naturaleza y han sido considerados durante a\u00f1os como sus \u201cguardianes\u201d.<\/p>\n\n\n\n<figure class=\"wp-block-image\"><img data-recalc-dims=\"1\" decoding=\"async\" src=\"https:\/\/i0.wp.com\/global.unitednations.entermediadb.net\/assets\/mediadb\/services\/module\/asset\/downloads\/preset\/Libraries\/Production%20Library\/24-04-25_IndigenousForum_Nature_Rights2.jpg\/image770x420cropped.jpg?w=640&#038;ssl=1\" alt=\"Constanza Prieto es directora jur\u00eddica para Am\u00e9rica Latina del Earth Law Center, una organizaci\u00f3n jur\u00eddica sin animo de lucro fundada en 2008 que busca trabajar por el derecho medioambiental.\" title=\"Constanza Prieto es directora jur\u00eddica para Am\u00e9rica Latina del Earth Law Center, una organizaci\u00f3n jur\u00eddica sin animo de lucro fundada en 2008 que busca trabajar por el derecho medioambiental.\"\/><\/figure>\n\n\n\n<p>ONU\/Juanita Herrera Posada<\/p>\n\n\n\n<h2 class=\"wp-block-heading\">Los derechos del r\u00edo Mara\u00f1\u00f3n tras 20 a\u00f1os de lucha&nbsp;<\/h2>\n\n\n\n<p>A pesar de que los derechos de los ind\u00edgenas y de la naturaleza se ven como ramas separadas, \u201cest\u00e1n profundamente interconectados\u201d.&nbsp;<\/p>\n\n\n\n<p>\u201cCon el caso del r\u00edo Mara\u00f1\u00f3n, la Corte precisamente habla de que est\u00e1n expl\u00edcitamente vinculados.&nbsp;<strong>Si se viola, de los derechos del r\u00edo Mara\u00f1\u00f3n, se van a violar los derechos de autodeterminaci\u00f3n de los pueblos ind\u00edgenas<\/strong>\u201d, dijo Prieto, poniendo como ejemplo&nbsp;la demanda contra el Estado, ganada en 2024, por las mujeres del pueblo ind\u00edgena Kukama en Per\u00fa por la protecci\u00f3n y los derechos del r\u00edo debido a vertidos sistem\u00e1ticos de petr\u00f3leo.<\/p>\n\n\n\n<p>En cooperaci\u00f3n con el&nbsp;<em>Earth Law Center&nbsp;<\/em>y<em>&nbsp;<\/em>tras 20 a\u00f1os de lucha,&nbsp;estas mujeres ind\u00edgenas lograron que el&nbsp;<strong>Estado peruano reconociera el derecho del r\u00edo<\/strong>&nbsp;y nombrara a las comunidades ind\u00edgenas que dependen de \u00e9l como sus \u201cguardianes\u201d.&nbsp;<\/p>\n\n\n\n<p>La destrucci\u00f3n del r\u00edo Mara\u00f1\u00f3n, por los permanentes derrames de petr\u00f3leo, afecta tambi\u00e9n los derechos de la comunidad Kukama al \u201cno poder ejercer su autodeterminaci\u00f3n, afecta sus tierras y territorios, afecta su v\u00ednculo espiritual con el r\u00edo, y afecta su soberan\u00eda alimentaria\u201d, indic\u00f3 Prieto.<\/p>\n\n\n\n<h2 class=\"wp-block-heading\">M\u00e1s all\u00e1 del paradigma judicial: cambiar la cultura y la mentalidad<\/h2>\n\n\n\n<p>Asimismo, para conseguir un cambio es importante transformar el paradigma cultural, si&nbsp;<strong>\u201cla gente valora m\u00e1s su v\u00ednculo con la naturaleza, va a protegerlo\u201d<\/strong>, sostuvo la directora jur\u00eddica.<\/p>\n\n\n\n<p>Esta protecci\u00f3n viene muchas veces de los pueblos ind\u00edgenas. En Ecuador el 90% de los casos que ata\u00f1en al derecho de la naturaleza, son promovidos por la sociedad civil, no por de la defensor\u00eda p\u00fablica.<\/p>\n\n\n\n<p><strong>En pa\u00edses donde \u201cno hay una sociedad civil fuerte, los derechos tienden a quedarse en el papel<\/strong>. Por ejemplo, Bolivia no ha logrado generar una movilizaci\u00f3n social, a pesar de ser el primer pa\u00eds en reconocer los derechos de la naturaleza en su legislaci\u00f3n\u201d. Por eso es importante que las personas se involucren en proteger este derecho y que exijan un cambio.<\/p>\n\n\n\n<p>Este cambio de mentalidad en la sociedad tambi\u00e9n va de la mano con llevar las problem\u00e1ticas locales a espacios internacionales para darles visibilidad. \u201cCuando las problem\u00e1ticas quedan encerradas en las paredes locales las comunidades (\u2026) piensan que no van a ser escuchadas, que no tienen visibilizaci\u00f3n\u201d.<\/p>\n\n\n\n<p>Dar a estas voces un espacio internacional que las amplifique o catalice, hace posible que se encuentren con gente que comparte su lucha para salir de la l\u00f3gica de que \u2018no se puede lograr un cambio\u2019, y ayuda a que se presiones a los Estados para que act\u00faen&nbsp; conforme a las leyes.<\/p>\n\n\n\n<p><strong>\u201cEs algo virtuoso que las comunidades puedan catalizar su voz en forma internacional\u201d<\/strong>, concluy\u00f3 Prieto.&nbsp;<\/p>\n\n\n\n<p><\/p>\n\n\n\n<p>news.un.org<\/p>\n","protected":false},"excerpt":{"rendered":"<p>Durante una de las sesiones del Foro Permanente para las Cuestiones Ind\u00edgenas, celebrado en la sede de las Naciones Unidas en Nueva York, Constanza Prieto subray\u00f3 la importancia del derecho medioambiental, que promueve el respeto a los limites naturales y a los ecosistemas. Por&nbsp;Juanita Herrera Posada Este busca responder a los problemas medioambientales actuales, aport\u00e1ndoles [&hellip;]<\/p>\n","protected":false},"author":1,"featured_media":184980,"comment_status":"closed","ping_status":"closed","sticky":false,"template":"","format":"standard","meta":{"_acf_changed":false,"_jetpack_memberships_contains_paid_content":false,"footnotes":"","jetpack_publicize_message":"","jetpack_publicize_feature_enabled":true,"jetpack_social_post_already_shared":true,"jetpack_social_options":{"image_generator_settings":{"template":"highway","default_image_id":0,"font":"","enabled":false},"version":2}},"categories":[6],"tags":[],"class_list":["post-184979","post","type-post","status-publish","format-standard","has-post-thumbnail","hentry","category-ecologia"],"acf":[],"jetpack_publicize_connections":[],"jetpack_featured_media_url":"https:\/\/i0.wp.com\/sportseco.com\/wp-content\/uploads\/2025\/04\/image1170x530cropped-9.jpg?fit=1170%2C530&ssl=1","jetpack_sharing_enabled":true,"_links":{"self":[{"href":"https:\/\/sportseco.com\/index.php?rest_route=\/wp\/v2\/posts\/184979","targetHints":{"allow":["GET"]}}],"collection":[{"href":"https:\/\/sportseco.com\/index.php?rest_route=\/wp\/v2\/posts"}],"about":[{"href":"https:\/\/sportseco.com\/index.php?rest_route=\/wp\/v2\/types\/post"}],"author":[{"embeddable":true,"href":"https:\/\/sportseco.com\/index.php?rest_route=\/wp\/v2\/users\/1"}],"replies":[{"embeddable":true,"href":"https:\/\/sportseco.com\/index.php?rest_route=%2Fwp%2Fv2%2Fcomments&post=184979"}],"version-history":[{"count":1,"href":"https:\/\/sportseco.com\/index.php?rest_route=\/wp\/v2\/posts\/184979\/revisions"}],"predecessor-version":[{"id":184981,"href":"https:\/\/sportseco.com\/index.php?rest_route=\/wp\/v2\/posts\/184979\/revisions\/184981"}],"wp:featuredmedia":[{"embeddable":true,"href":"https:\/\/sportseco.com\/index.php?rest_route=\/wp\/v2\/media\/184980"}],"wp:attachment":[{"href":"https:\/\/sportseco.com\/index.php?rest_route=%2Fwp%2Fv2%2Fmedia&parent=184979"}],"wp:term":[{"taxonomy":"category","embeddable":true,"href":"https:\/\/sportseco.com\/index.php?rest_route=%2Fwp%2Fv2%2Fcategories&post=184979"},{"taxonomy":"post_tag","embeddable":true,"href":"https:\/\/sportseco.com\/index.php?rest_route=%2Fwp%2Fv2%2Ftags&post=184979"}],"curies":[{"name":"wp","href":"https:\/\/api.w.org\/{rel}","templated":true}]}}