{"id":184991,"date":"2025-04-26T12:13:55","date_gmt":"2025-04-26T16:13:55","guid":{"rendered":"https:\/\/sportseco.com\/?p=184991"},"modified":"2025-04-26T12:13:59","modified_gmt":"2025-04-26T16:13:59","slug":"colombia-asume-el-liderazgo-de-alianza-regional-para-la-proteccion-del-oceano-pacifico","status":"publish","type":"post","link":"https:\/\/sportseco.com\/?p=184991","title":{"rendered":"Colombia asume el liderazgo de alianza regional para la protecci\u00f3n del Oc\u00e9ano Pac\u00edfico"},"content":{"rendered":"\n<figure class=\"wp-block-image\"><img data-recalc-dims=\"1\" decoding=\"async\" src=\"https:\/\/i0.wp.com\/www.minambiente.gov.co\/wp-content\/uploads\/2025\/04\/Presidencia.jpeg?w=640&#038;ssl=1\" alt=\"Colombia asume el liderazgo de alianza regional para la protecci\u00f3n del Oc\u00e9ano Pac\u00edfico\" title=\"Colombia asume el liderazgo de alianza regional para la protecci\u00f3n del Oc\u00e9ano Pac\u00edfico\"\/><\/figure>\n\n\n\n<ul class=\"wp-block-list\">\n<li>La ministra de Ambiente de Colombia, Lena Estrada A\u00f1okazi, asumi\u00f3 la Presidencia Pro Tempore del Corredor Marino del Pac\u00edfico Este Tropical (CMAR).<\/li>\n\n\n\n<li>Esta alianza ambiental entre Panam\u00e1, Ecuador, Costa Rica y Colombia trabaja por la conservaci\u00f3n de este ecosistema que alberga 10 \u00e1reas marinas protegidas.<\/li>\n<\/ul>\n\n\n\n<p><strong>Ciudad de Panam\u00e1 (Panam\u00e1), 25 de abril de 2025 (@Minambienteco)<\/strong>&nbsp;\u2013 Colombia sigue abanderando espacios internacionales para la defensa de la naturaleza y la vida. En esta ocasi\u00f3n, la ministra de Ambiente y Desarrollo Sostenible, Lena Estrada A\u00f1okazi, en cabeza del Gobierno del Cambio, asumi\u00f3 un nuevo rol de liderazgo en la protecci\u00f3n del oc\u00e9ano al convertirse en presidenta pro tempore del Corredor Marino del Pac\u00edfico Este Tropical (CMAR), una alianza regional que desde hace m\u00e1s de dos d\u00e9cadas protege uno de los tesoros marinos m\u00e1s ricos y diversos del planeta.<\/p>\n\n\n\n<p>La ceremonia de traspaso se realiz\u00f3 en la Canciller\u00eda de Panam\u00e1, donde la ministra Estrada tom\u00f3 el relevo del actual presidente, el ministro paname\u00f1o Juan Carlos Navarro.<\/p>\n\n\n\n<p>\u201cTrabajaremos para que el CMAR sea una iniciativa que apalanque acciones que atiendan la triple crisis planetaria: el cambio clim\u00e1tico, la contaminaci\u00f3n y la p\u00e9rdida de biodiversidad. Hoy hay aproximadamente 200 millones de toneladas de pl\u00e1stico en los oc\u00e9anos, que comprometen su capacidad para mitigar el cambio clim\u00e1tico y afectan la p\u00e9rdida de especies en las \u00e1reas n\u00facleo del corredor. Necesitamos colaborar como pa\u00edses del CMAR para lograr un tratado global para detener la contaminaci\u00f3n por pl\u00e1sticos que reduzca la producci\u00f3n y el consumo y que atienda esta amenaza desde la ra\u00edz. Asimismo, necesitamos colaborar regionalmente para atender las principales amenazas del corredor, incluyendo la pesca ilegal no declarada y no reglamentada\u201d, destac\u00f3 la ministra colombiana durante el encuentro.<\/p>\n\n\n\n<p>La jefe de la cartera ambiental tambi\u00e9n afirm\u00f3 que, bajo su presidencia, se buscar\u00e1 convertir al CMAR en una iniciativa que contribuya al mejoramiento de las condiciones de vida de las comunidades costeras, muchas de ellas comunidades \u00e9tnicas que hist\u00f3ricamente han sido olvidadas y vulneradas: \u201cDebemos asegurar que todas las acciones que realicemos se hagan de la mano con estas comunidades, fortaleciendo un enfoque que territorialice los beneficios de la acci\u00f3n regional\u201d.<\/p>\n\n\n\n<p>Adem\u00e1s, Estrada asegur\u00f3 que seguir\u00e1n articulando esfuerzos para garantizar la sostenibilidad financiera del Corredor, lo cual es importante para que la iniciativa se mantenga y continue su fortalecimiento y mejora.<\/p>\n\n\n\n<p>De igual manera, la ministra destac\u00f3 la labor de los guardaparques en la conservaci\u00f3n de este corredor marino y se\u00f1al\u00f3 que, con apoyo de Parques Nacionales Naturales de Colombia, se promover\u00e1 la internacionalizaci\u00f3n de este Corredor, que cuenta con lecciones aprendidas para la negociaci\u00f3n y cumplimiento de compromisos internacionales en materia ambiental.<\/p>\n\n\n\n<p>Al respecto, el director de Parques Nacionales Naturales de Colombia, Luisz Olmedo Mart\u00ednez, dijo que \u201caportaremos nuestra experiencia en la gesti\u00f3n de \u00e1reas marinas protegidas para fortalecer esta alianza regional. Las \u00e1reas que integran el Corredor en Colombia son laboratorios vivos de conservaci\u00f3n, investigaci\u00f3n y gobernanza participativa. Trabajaremos por consolidar la internacionalizaci\u00f3n del Corredor, aportar al cumplimiento de compromisos globales y posicionar a CMAR como un modelo de cooperaci\u00f3n efectiva para enfrentar la crisis clim\u00e1tica y proteger la biodiversidad marina\u201d.<\/p>\n\n\n\n<p><strong>Una joya para la biodiversidad mundial<\/strong><\/p>\n\n\n\n<p>El CMAR, creado en 2004, re\u00fane esfuerzos de los cuatro pa\u00edses para conservar una regi\u00f3n oce\u00e1nica de m\u00e1s de dos millones de kil\u00f3metros cuadrados, que hoy alberga 10 \u00e1reas marinas protegidas de alto valor ecol\u00f3gico, entre ellas Cocos, Bicentenario, Coiba, Cordillera de Coiba, Gal\u00e1pagos, Hermandad, Gorgona, Colinas y Lomas, Yurupar\u00ed y Malpelo. Estos espacios est\u00e1n interconectados por corredores migratorios de especies emblem\u00e1ticas como tiburones, tortugas, ballenas y aves marinas.<\/p>\n\n\n\n<p>Se estima que en esta regi\u00f3n habitan m\u00e1s de 160 especies end\u00e9micas y migratorias, muchas de ellas en riesgo. Su protecci\u00f3n no solo resguarda la biodiversidad, sino tambi\u00e9n servicios ecosist\u00e9micos esenciales para millones de personas que viven de los recursos del mar.<\/p>\n\n\n\n<p>Con este paso, Colombia reafirma su liderazgo ambiental en la regi\u00f3n y su compromiso con el futuro del planeta, protegiendo un oc\u00e9ano que nos conecta y del que todos dependemos.<\/p>\n\n\n\n<p><\/p>\n\n\n\n<p>minambiente.gov.co<\/p>\n","protected":false},"excerpt":{"rendered":"<p>Ciudad de Panam\u00e1 (Panam\u00e1), 25 de abril de 2025 (@Minambienteco)&nbsp;\u2013 Colombia sigue abanderando espacios internacionales para la defensa de la naturaleza y la vida. En esta ocasi\u00f3n, la ministra de Ambiente y Desarrollo Sostenible, Lena Estrada A\u00f1okazi, en cabeza del Gobierno del Cambio, asumi\u00f3 un nuevo rol de liderazgo en la protecci\u00f3n del oc\u00e9ano al [&hellip;]<\/p>\n","protected":false},"author":1,"featured_media":184992,"comment_status":"closed","ping_status":"closed","sticky":false,"template":"","format":"standard","meta":{"_acf_changed":false,"_jetpack_memberships_contains_paid_content":false,"footnotes":"","jetpack_publicize_message":"","jetpack_publicize_feature_enabled":true,"jetpack_social_post_already_shared":true,"jetpack_social_options":{"image_generator_settings":{"template":"highway","default_image_id":0,"font":"","enabled":false},"version":2}},"categories":[1],"tags":[],"class_list":["post-184991","post","type-post","status-publish","format-standard","has-post-thumbnail","hentry","category-uncategorized"],"acf":[],"jetpack_publicize_connections":[],"jetpack_featured_media_url":"https:\/\/i0.wp.com\/sportseco.com\/wp-content\/uploads\/2025\/04\/oceano_pacifico_43_orig.jpg?fit=1011%2C674&ssl=1","jetpack_sharing_enabled":true,"_links":{"self":[{"href":"https:\/\/sportseco.com\/index.php?rest_route=\/wp\/v2\/posts\/184991","targetHints":{"allow":["GET"]}}],"collection":[{"href":"https:\/\/sportseco.com\/index.php?rest_route=\/wp\/v2\/posts"}],"about":[{"href":"https:\/\/sportseco.com\/index.php?rest_route=\/wp\/v2\/types\/post"}],"author":[{"embeddable":true,"href":"https:\/\/sportseco.com\/index.php?rest_route=\/wp\/v2\/users\/1"}],"replies":[{"embeddable":true,"href":"https:\/\/sportseco.com\/index.php?rest_route=%2Fwp%2Fv2%2Fcomments&post=184991"}],"version-history":[{"count":1,"href":"https:\/\/sportseco.com\/index.php?rest_route=\/wp\/v2\/posts\/184991\/revisions"}],"predecessor-version":[{"id":184993,"href":"https:\/\/sportseco.com\/index.php?rest_route=\/wp\/v2\/posts\/184991\/revisions\/184993"}],"wp:featuredmedia":[{"embeddable":true,"href":"https:\/\/sportseco.com\/index.php?rest_route=\/wp\/v2\/media\/184992"}],"wp:attachment":[{"href":"https:\/\/sportseco.com\/index.php?rest_route=%2Fwp%2Fv2%2Fmedia&parent=184991"}],"wp:term":[{"taxonomy":"category","embeddable":true,"href":"https:\/\/sportseco.com\/index.php?rest_route=%2Fwp%2Fv2%2Fcategories&post=184991"},{"taxonomy":"post_tag","embeddable":true,"href":"https:\/\/sportseco.com\/index.php?rest_route=%2Fwp%2Fv2%2Ftags&post=184991"}],"curies":[{"name":"wp","href":"https:\/\/api.w.org\/{rel}","templated":true}]}}