{"id":185049,"date":"2025-04-27T20:44:49","date_gmt":"2025-04-28T00:44:49","guid":{"rendered":"https:\/\/sportseco.com\/?p=185049"},"modified":"2025-04-27T20:48:45","modified_gmt":"2025-04-28T00:48:45","slug":"el-centro-de-cali-se-reactivo-con-la-calle-de-la-catarsis-una-jornada-de-arte-cultura-deporte-y-expresion-ciudadana","status":"publish","type":"post","link":"https:\/\/sportseco.com\/?p=185049","title":{"rendered":"El Centro de Cali se reactiv\u00f3 con \u201cLa Calle de la Catarsis\u201d, una jornada de arte, cultura, deporte y expresi\u00f3n ciudadana"},"content":{"rendered":"\n<figure class=\"wp-block-image\"><img data-recalc-dims=\"1\" decoding=\"async\" src=\"https:\/\/i0.wp.com\/www.cali.gov.co\/info\/caligovco_se\/media\/pubInt\/thumbs\/thpubInt_700X400_186533.webp?w=640&#038;ssl=1\" alt=\"El Centro de Cali se reactiv\u00f3 con \u201cLa Calle de la Catarsis\u201d, una jornada de arte, cultura, deporte y expresi\u00f3n ciudadana\" title=\"El Centro de Cali se reactiv\u00f3 con \u201cLa Calle de la Catarsis\u201d, una jornada de arte, cultura, deporte y expresi\u00f3n ciudadana\"\/><\/figure>\n\n\n\n<ul class=\"wp-block-list\">\n<li><em>La Alcald\u00eda de Cali lider\u00f3 la jornada de \u201cLa Calle de la Catarsis\u201d en el barrio El Calvario con una intervenci\u00f3n social, cultural y deportiva.<\/em><br \/>\u00a0<\/li>\n\n\n\n<li><em>Esta ser\u00e1 la primera de muchas jornadas que se realizar\u00e1n en diferentes puntos de la ciudad, en un ejercicio de di\u00e1logo y reconciliaci\u00f3n ciudadana.<\/em><br \/>\u00a0<\/li>\n\n\n\n<li><em>Habitantes, artistas y gestores sociales participaron en un muro de expresi\u00f3n colectiva para reflexionar y transformar sus ideas en arte.<\/em><br \/>\u00a0<\/li>\n\n\n\n<li><em>El evento marca el inicio de un nuevo ciclo de reactivaci\u00f3n del centro de Cali, con el prop\u00f3sito de promover la participaci\u00f3n ciudadana y el tejido social.<\/em><\/li>\n<\/ul>\n\n\n\n<p><strong>Santiago de Cali, 27 de abril de 2025<\/strong><br \/><br \/>Con una jornada cargada de arte, cultura, recreaci\u00f3n e intervenci\u00f3n social, la Alcald\u00eda de Cali, junto con su equipo interinstitucional, llev\u00f3 a cabo con \u00e9xito la actividad denominada \u2018Calle de la Catarsis\u2019, en el barrio El Calvario. Esta acci\u00f3n forma parte de la estrategia de reactivaci\u00f3n del centro de la ciudad, a trav\u00e9s del di\u00e1logo, el arte y la participaci\u00f3n comunitaria.<br \/><br \/>\u201cEstamos en la Calle de la Catarsis,&nbsp; en el sector del Calvario al lado de Ciudad Para\u00edso.&nbsp; Est\u00e1 es una zona que estamos trabajando para resignificarla en una zona de inclusi\u00f3n, de desarrollo y sobre todo de reconciliaci\u00f3n y de encuentro. Cale\u00f1os, unidos es que recuperamos a Cali y eso lo hacemos escuchando y trabajando con toda la ciudad\u201d, asegur\u00f3 Alejandro Eder, Alcalde de Santiago de Cali.<br \/><br \/>Durante el evento, habitantes de El Calvario y San Pascual, artistas, gestores sociales, instituciones y ciudadanos, participaron en un muro de expresi\u00f3n colectiva donde plasmaron sus peticiones, opiniones y deseos, generando un di\u00e1logo abierto que permiti\u00f3 la reflexi\u00f3n y el intercambio entre pares, para luego convertir esos pensamientos en manifestaciones art\u00edsticas.<br \/><br \/>La jornada tambi\u00e9n integr\u00f3 una amplia oferta institucional: actividades deportivas para la infancia, jornadas de vacunaci\u00f3n, atenci\u00f3n social, campa\u00f1as de limpieza lideradas por Ciudad Limpia, entre otras acciones que acompa\u00f1aron la programaci\u00f3n art\u00edstica y cultural con presentaciones musicales y recreativas para toda la comunidad.<br \/><br \/>\u201cCerramos de manera positiva esta jornada donde compartimos con la comunidad del sector, fortaleciendo la oferta institucional y generando un espacio de reflexi\u00f3n a trav\u00e9s de diversas actividades art\u00edsticas y sociales, marcando el inicio de un nuevo ciclo de reactivaci\u00f3n en el centro de Cali, donde el arte y la cultura se consolidan como herramientas fundamentales para la integraci\u00f3n y el desarrollo de nuestra ciudad\u201d, expres\u00f3 Leydi Higidio, secretaria de Cultura de Cali.<br \/><br \/>Esta intervenci\u00f3n marca el inicio de un plan de acciones de alto impacto cultural y social que continuar\u00e1 en los pr\u00f3ximos meses, con el prop\u00f3sito de seguir reactivando los sectores m\u00e1s vulnerables de Cali, promoviendo la participaci\u00f3n ciudadana y fortaleciendo el tejido social a trav\u00e9s del arte.<\/p>\n\n\n\n<p><\/p>\n\n\n\n<p>cali.gov.co<\/p>\n","protected":false},"excerpt":{"rendered":"<p>Santiago de Cali, 27 de abril de 2025 Con una jornada cargada de arte, cultura, recreaci\u00f3n e intervenci\u00f3n social, la Alcald\u00eda de Cali, junto con su equipo interinstitucional, llev\u00f3 a cabo con \u00e9xito la actividad denominada \u2018Calle de la Catarsis\u2019, en el barrio El Calvario. Esta acci\u00f3n forma parte de la estrategia de reactivaci\u00f3n del [&hellip;]<\/p>\n","protected":false},"author":1,"featured_media":185050,"comment_status":"closed","ping_status":"closed","sticky":false,"template":"","format":"standard","meta":{"_acf_changed":false,"_jetpack_memberships_contains_paid_content":false,"footnotes":"","jetpack_publicize_message":"","jetpack_publicize_feature_enabled":true,"jetpack_social_post_already_shared":true,"jetpack_social_options":{"image_generator_settings":{"template":"highway","default_image_id":0,"font":"","enabled":false},"version":2}},"categories":[6],"tags":[],"class_list":["post-185049","post","type-post","status-publish","format-standard","has-post-thumbnail","hentry","category-ecologia"],"acf":[],"jetpack_publicize_connections":[],"jetpack_featured_media_url":"https:\/\/i0.wp.com\/sportseco.com\/wp-content\/uploads\/2025\/04\/thgaleria_700X400_320536.webp?fit=700%2C394&ssl=1","jetpack_sharing_enabled":true,"_links":{"self":[{"href":"https:\/\/sportseco.com\/index.php?rest_route=\/wp\/v2\/posts\/185049","targetHints":{"allow":["GET"]}}],"collection":[{"href":"https:\/\/sportseco.com\/index.php?rest_route=\/wp\/v2\/posts"}],"about":[{"href":"https:\/\/sportseco.com\/index.php?rest_route=\/wp\/v2\/types\/post"}],"author":[{"embeddable":true,"href":"https:\/\/sportseco.com\/index.php?rest_route=\/wp\/v2\/users\/1"}],"replies":[{"embeddable":true,"href":"https:\/\/sportseco.com\/index.php?rest_route=%2Fwp%2Fv2%2Fcomments&post=185049"}],"version-history":[{"count":2,"href":"https:\/\/sportseco.com\/index.php?rest_route=\/wp\/v2\/posts\/185049\/revisions"}],"predecessor-version":[{"id":185052,"href":"https:\/\/sportseco.com\/index.php?rest_route=\/wp\/v2\/posts\/185049\/revisions\/185052"}],"wp:featuredmedia":[{"embeddable":true,"href":"https:\/\/sportseco.com\/index.php?rest_route=\/wp\/v2\/media\/185050"}],"wp:attachment":[{"href":"https:\/\/sportseco.com\/index.php?rest_route=%2Fwp%2Fv2%2Fmedia&parent=185049"}],"wp:term":[{"taxonomy":"category","embeddable":true,"href":"https:\/\/sportseco.com\/index.php?rest_route=%2Fwp%2Fv2%2Fcategories&post=185049"},{"taxonomy":"post_tag","embeddable":true,"href":"https:\/\/sportseco.com\/index.php?rest_route=%2Fwp%2Fv2%2Ftags&post=185049"}],"curies":[{"name":"wp","href":"https:\/\/api.w.org\/{rel}","templated":true}]}}