{"id":185073,"date":"2025-04-28T08:43:20","date_gmt":"2025-04-28T12:43:20","guid":{"rendered":"https:\/\/sportseco.com\/?p=185073"},"modified":"2025-04-28T08:43:24","modified_gmt":"2025-04-28T12:43:24","slug":"ultimo-entrenamiento-antes-de-viajar-hacia-manizales","status":"publish","type":"post","link":"https:\/\/sportseco.com\/?p=185073","title":{"rendered":"\u00daltimo entrenamiento antes de viajar hacia Manizales"},"content":{"rendered":"\n<p>Las dirigidas por Carlos Paniagua completaron hoy, domingo 27 de abril, su \u00faltima pr\u00e1ctica antes de viajar hacia \u00abLa Ciudad de las Puertas Abiertas\u00bb para afrontar el debut en<strong>&nbsp;la CONMEBOL Sub-17.<\/strong><\/p>\n\n\n\n<p>La ma\u00f1ana comenz\u00f3 con el calentamiento de rutina y movilidad articular con bal\u00f3n. Luego, realizaron ruedas de pases enfocadas en los perfiles, controles y tensi\u00f3n en el pase. Finalmente, dividieron el grupo en dos equipos y jugaron en espacio reducido.<\/p>\n\n\n\n<p><strong>A continuaci\u00f3n el fixture de la Selecci\u00f3n en el certamen continental:<\/strong><\/p>\n\n\n\n<ul class=\"wp-block-list\">\n<li><strong>Primera fecha Fase de Grupos<\/strong><br \/>Estadio Palogrande de Manizales<br \/>Partido: Colombia vs Argentina<br \/>Fecha: 30 de abril<br \/>Hora: 7:00 pm<\/li>\n\n\n\n<li><strong>Segunda fecha Fase de Grupos<\/strong><br \/>Estadio Palogrande de Manizales<br \/>Partido: Colombia vs Venezuela<br \/>Fecha: 2 de mayo<br \/>Hora: 7:00 pm<\/li>\n\n\n\n<li><strong>Tercera fecha Fase de Grupos<\/strong><br \/>Estadio Palogrande de Manizales<br \/>Partido: Colombia vs Chile<br \/>Fecha: 6 de mayo<br \/>Hora: 7:00 pm<\/li>\n\n\n\n<li><strong>Cuarta fecha Fase de Grupos<\/strong><br \/>Estadio Francisco Rivera Escobar de Palmira<br \/>Partido: Colombia vs Paraguay<br \/>Fecha: 9 de mayo<br \/>Hora: 7:00 pm<\/li>\n<\/ul>\n\n\n\n<p><strong>Resumen de la jornada:<\/strong><\/p>\n\n\n\n<figure class=\"wp-block-embed is-type-video is-provider-youtube wp-block-embed-youtube wp-embed-aspect-16-9 wp-has-aspect-ratio\"><div class=\"wp-block-embed__wrapper\">\n<iframe loading=\"lazy\" title=\"Entrenamiento | Selecci\u00f3n Colombia Femenina Sub 17 en Bogot\u00e1, previo a su viaje a Manizales\" width=\"640\" height=\"360\" src=\"https:\/\/www.youtube.com\/embed\/_XY5QqF1pM0?feature=oembed\" frameborder=\"0\" allow=\"accelerometer; autoplay; clipboard-write; encrypted-media; gyroscope; picture-in-picture; web-share\" referrerpolicy=\"strict-origin-when-cross-origin\" allowfullscreen><\/iframe>\n<\/div><\/figure>\n\n\n\n<p><\/p>\n\n\n\n<p><\/p>\n\n\n\n<p>fcf.com.co<\/p>\n","protected":false},"excerpt":{"rendered":"<p>Las dirigidas por Carlos Paniagua completaron hoy, domingo 27 de abril, su \u00faltima pr\u00e1ctica antes de viajar hacia \u00abLa Ciudad de las Puertas Abiertas\u00bb para afrontar el debut en&nbsp;la CONMEBOL Sub-17. La ma\u00f1ana comenz\u00f3 con el calentamiento de rutina y movilidad articular con bal\u00f3n. Luego, realizaron ruedas de pases enfocadas en los perfiles, controles y [&hellip;]<\/p>\n","protected":false},"author":1,"featured_media":185074,"comment_status":"closed","ping_status":"closed","sticky":false,"template":"","format":"standard","meta":{"_acf_changed":false,"_jetpack_memberships_contains_paid_content":false,"footnotes":"","jetpack_publicize_message":"","jetpack_publicize_feature_enabled":true,"jetpack_social_post_already_shared":true,"jetpack_social_options":{"image_generator_settings":{"template":"highway","default_image_id":0,"font":"","enabled":false},"version":2}},"categories":[1],"tags":[],"class_list":["post-185073","post","type-post","status-publish","format-standard","has-post-thumbnail","hentry","category-uncategorized"],"acf":[],"jetpack_publicize_connections":[],"jetpack_featured_media_url":"https:\/\/i0.wp.com\/sportseco.com\/wp-content\/uploads\/2025\/04\/FCF5619-2048x1365-1.jpg?fit=2048%2C1365&ssl=1","jetpack_sharing_enabled":true,"_links":{"self":[{"href":"https:\/\/sportseco.com\/index.php?rest_route=\/wp\/v2\/posts\/185073","targetHints":{"allow":["GET"]}}],"collection":[{"href":"https:\/\/sportseco.com\/index.php?rest_route=\/wp\/v2\/posts"}],"about":[{"href":"https:\/\/sportseco.com\/index.php?rest_route=\/wp\/v2\/types\/post"}],"author":[{"embeddable":true,"href":"https:\/\/sportseco.com\/index.php?rest_route=\/wp\/v2\/users\/1"}],"replies":[{"embeddable":true,"href":"https:\/\/sportseco.com\/index.php?rest_route=%2Fwp%2Fv2%2Fcomments&post=185073"}],"version-history":[{"count":1,"href":"https:\/\/sportseco.com\/index.php?rest_route=\/wp\/v2\/posts\/185073\/revisions"}],"predecessor-version":[{"id":185075,"href":"https:\/\/sportseco.com\/index.php?rest_route=\/wp\/v2\/posts\/185073\/revisions\/185075"}],"wp:featuredmedia":[{"embeddable":true,"href":"https:\/\/sportseco.com\/index.php?rest_route=\/wp\/v2\/media\/185074"}],"wp:attachment":[{"href":"https:\/\/sportseco.com\/index.php?rest_route=%2Fwp%2Fv2%2Fmedia&parent=185073"}],"wp:term":[{"taxonomy":"category","embeddable":true,"href":"https:\/\/sportseco.com\/index.php?rest_route=%2Fwp%2Fv2%2Fcategories&post=185073"},{"taxonomy":"post_tag","embeddable":true,"href":"https:\/\/sportseco.com\/index.php?rest_route=%2Fwp%2Fv2%2Ftags&post=185073"}],"curies":[{"name":"wp","href":"https:\/\/api.w.org\/{rel}","templated":true}]}}