{"id":185079,"date":"2025-04-28T13:27:50","date_gmt":"2025-04-28T17:27:50","guid":{"rendered":"https:\/\/sportseco.com\/?p=185079"},"modified":"2025-04-28T13:27:54","modified_gmt":"2025-04-28T17:27:54","slug":"malaga-acogera-el-vi-foro-iberoamericano-de-turismo-sostenible-turisos2025","status":"publish","type":"post","link":"https:\/\/sportseco.com\/?p=185079","title":{"rendered":"M\u00e1laga acoger\u00e1 el VI Foro Iberoamericano de turismo sostenible #TuriSOS2025"},"content":{"rendered":"\n<p><strong>Madrid, (EFEverde).-M\u00e1laga acoger\u00e1 el pr\u00f3ximo 9 de mayo el VI Foro Iberoamericano de Turismo Sostenible #TuriSOS2025 tque tiende un puente entre Andaluc\u00eda, Europa e Iberoam\u00e9rica para fomentar un modelo de turismo responsable e innovador en igualdad.<\/strong><\/p>\n\n\n\n<p>Esta previsto que el encuentro reuna a una treintena de expertos internacionales de m\u00e1s de 15 pa\u00edses que analizar\u00e1n y debatir\u00e1n&nbsp; sobre las nuevas tendencias en el turismo responsable y sostenible.<\/p>\n\n\n\n<p>El turismo con mirada de mujer; sostenibilidad y turismo en los medios de comunicaci\u00f3n; a cinco a\u00f1os de los ODS 2030; los retos del turismo sostenible o innovaci\u00f3n y tecnolog\u00eda en el sector, ser\u00e1n algunas de las cuestiones que se abordar\u00e1n en el Ateneo de M\u00e1laga.<\/p>\n\n\n\n<p>El foro dedicar\u00e1 un apartado especial a \u00abNayarit, el M\u00e9xico por descubrir\u00bb con una Master Class sobre este&nbsp; destino mexicano, a cargo del Secretario de Turismo del Estado de Nayarit y Presidente de la Asociaci\u00f3n de Secretarios de Turismo de M\u00e9xico \u2013 ASETUR, Juan<br \/>Enrique Su\u00e1rez del Real Tostado.<\/p>\n\n\n\n<p>Durante el foro se entregaran los II Reconocimientos a los 50 + 1 Inspiradores de Europa \u2013LATAM y contar\u00e1 con entrada libre hasta completar aforo.<\/p>\n\n\n\n<p><\/p>\n\n\n\n<p>efeverde.com<\/p>\n\n\n\n<p><\/p>\n","protected":false},"excerpt":{"rendered":"<p>Madrid, (EFEverde).-M\u00e1laga acoger\u00e1 el pr\u00f3ximo 9 de mayo el VI Foro Iberoamericano de Turismo Sostenible #TuriSOS2025 tque tiende un puente entre Andaluc\u00eda, Europa e Iberoam\u00e9rica para fomentar un modelo de turismo responsable e innovador en igualdad. Esta previsto que el encuentro reuna a una treintena de expertos internacionales de m\u00e1s de 15 pa\u00edses que analizar\u00e1n [&hellip;]<\/p>\n","protected":false},"author":1,"featured_media":185080,"comment_status":"closed","ping_status":"closed","sticky":false,"template":"","format":"standard","meta":{"_acf_changed":false,"_jetpack_memberships_contains_paid_content":false,"footnotes":"","jetpack_publicize_message":"","jetpack_publicize_feature_enabled":true,"jetpack_social_post_already_shared":true,"jetpack_social_options":{"image_generator_settings":{"template":"highway","default_image_id":0,"font":"","enabled":false},"version":2}},"categories":[6],"tags":[],"class_list":["post-185079","post","type-post","status-publish","format-standard","has-post-thumbnail","hentry","category-ecologia"],"acf":[],"jetpack_publicize_connections":[],"jetpack_featured_media_url":"https:\/\/i0.wp.com\/sportseco.com\/wp-content\/uploads\/2025\/04\/Panoramica-de-los-Montes-de-Malaga.-EFE-Jorge-Zapata.jpg?fit=1920%2C1097&ssl=1","jetpack_sharing_enabled":true,"_links":{"self":[{"href":"https:\/\/sportseco.com\/index.php?rest_route=\/wp\/v2\/posts\/185079","targetHints":{"allow":["GET"]}}],"collection":[{"href":"https:\/\/sportseco.com\/index.php?rest_route=\/wp\/v2\/posts"}],"about":[{"href":"https:\/\/sportseco.com\/index.php?rest_route=\/wp\/v2\/types\/post"}],"author":[{"embeddable":true,"href":"https:\/\/sportseco.com\/index.php?rest_route=\/wp\/v2\/users\/1"}],"replies":[{"embeddable":true,"href":"https:\/\/sportseco.com\/index.php?rest_route=%2Fwp%2Fv2%2Fcomments&post=185079"}],"version-history":[{"count":1,"href":"https:\/\/sportseco.com\/index.php?rest_route=\/wp\/v2\/posts\/185079\/revisions"}],"predecessor-version":[{"id":185081,"href":"https:\/\/sportseco.com\/index.php?rest_route=\/wp\/v2\/posts\/185079\/revisions\/185081"}],"wp:featuredmedia":[{"embeddable":true,"href":"https:\/\/sportseco.com\/index.php?rest_route=\/wp\/v2\/media\/185080"}],"wp:attachment":[{"href":"https:\/\/sportseco.com\/index.php?rest_route=%2Fwp%2Fv2%2Fmedia&parent=185079"}],"wp:term":[{"taxonomy":"category","embeddable":true,"href":"https:\/\/sportseco.com\/index.php?rest_route=%2Fwp%2Fv2%2Fcategories&post=185079"},{"taxonomy":"post_tag","embeddable":true,"href":"https:\/\/sportseco.com\/index.php?rest_route=%2Fwp%2Fv2%2Ftags&post=185079"}],"curies":[{"name":"wp","href":"https:\/\/api.w.org\/{rel}","templated":true}]}}