{"id":185088,"date":"2025-04-28T13:54:14","date_gmt":"2025-04-28T17:54:14","guid":{"rendered":"https:\/\/sportseco.com\/?p=185088"},"modified":"2025-04-28T13:54:19","modified_gmt":"2025-04-28T17:54:19","slug":"en-la-emblematica-tierra-del-oro-barbacoas-iniciaron-las-zonales-clasificatorias-del-petronio-alvarez","status":"publish","type":"post","link":"https:\/\/sportseco.com\/?p=185088","title":{"rendered":"En la emblem\u00e1tica tierra del oro, Barbacoas, iniciaron las zonales clasificatorias del Petronio \u00c1lvarez"},"content":{"rendered":"\n<figure class=\"wp-block-image\"><img data-recalc-dims=\"1\" decoding=\"async\" src=\"https:\/\/i0.wp.com\/www.cali.gov.co\/info\/caligovco_se\/media\/pubInt\/thumbs\/thpubInt_700X400_186549.webp?w=640&#038;ssl=1\" alt=\"En la emblem\u00e1tica tierra del oro, Barbacoas, iniciaron las zonales clasificatorias del Petronio \u00c1lvarez\" title=\"En la emblem\u00e1tica tierra del oro, Barbacoas, iniciaron las zonales clasificatorias del Petronio \u00c1lvarez\"\/><\/figure>\n\n\n\n<ul class=\"wp-block-list\">\n<li><em>El Festival de M\u00fasica del Pac\u00edfico Petronio \u00c1lvarez, realizado por la Secretar\u00eda de Cultura de Cali, dio inicio a los m\u00e1s de 6000 kil\u00f3metros que se recorrer\u00e1n en diferentes municipios del Pac\u00edfico colombiano, durante las zonales clasificatorias.<\/em><\/li>\n\n\n\n<li><em>de 150 agrupaciones que hicieron parte del proceso de inscripci\u00f3n, participar\u00e1n en las 7 zonales restantes.<\/em><br \/>\u00a0<\/li>\n\n\n\n<li><em>Puerto Tejada, Buenaventura, Istmina y Bogot\u00e1, son algunas de las ciudades hasta donde llegar\u00e1 Petronio este a\u00f1o para realizar las zonales<\/em>.<\/li>\n<\/ul>\n\n\n\n<p><strong>Santiago de Cali, 28 de abril de 2025<\/strong><\/p>\n\n\n\n<p>A orillas del R\u00edo Telemb\u00ed, en Barbacoas, Nari\u00f1o, el Festival de M\u00fasica del Pac\u00edfico Petronio \u00c1lvarez, realizado por la Secretar\u00eda de cultura de Cali, inici\u00f3 el recorrido de las zonales clasificatorias para identificar a las agrupaciones que se seleccionar\u00e1n para participar en el concurso musical del festival en el mes de agosto.<\/p>\n\n\n\n<p>La ruta, que recorrer\u00e1 cerca de 6000 kil\u00f3metros por toda la regi\u00f3n Pac\u00edfica colombiana y que llegar\u00e1 hasta la provincia de Esmeraldas en Ecuador, posibilitar\u00e1, adem\u00e1s identificar nuevas propuestas musicales y la salvaguarda de las m\u00fasicas tradicionales de esta zona del pa\u00eds.<\/p>\n\n\n\n<p>Marimba y cantos tradicionales, Viol\u00edn caucano, Libre, Chirim\u00eda de Flauta y Chirim\u00eda de Clarinete son las modalidades en las que estar\u00e1n haciendo audici\u00f3n las cerca de 150 agrupaciones inscritas en las zonales. Mismas con las que, adem\u00e1s, se estar\u00e1n haciendo procesos de fortalecimiento y formaci\u00f3n a trav\u00e9s de un breve espacio formativo previo a la presentaci\u00f3n de sus audiciones.<\/p>\n\n\n\n<p>\u201cCon orgullo iniciamos una traves\u00eda de m\u00e1s de 6000 kil\u00f3metros, que a\u00f1o tras a\u00f1o nos lleva a recorrer los territorios del Pac\u00edfico colombiano, en articulaci\u00f3n y alianza con las entidades municipales. Este maravilloso recorrido comenz\u00f3 en Barbacoas, Nari\u00f1o, donde compartimos con las comunidades y disfrutamos del talento que nutre la magia de nuestro Festival. A trav\u00e9s de las zonales clasificatorias, avanzamos en el camino para descubrir qui\u00e9nes ser\u00e1n los pr\u00f3ximos embajadores del Bombo Golpeador\u201d, destac\u00f3 Leydi Higidio, secretaria de Cultura de Cali.<\/p>\n\n\n\n<p><strong>Camino hacia los 30 a\u00f1os de festival<\/strong><\/p>\n\n\n\n<p>En el 2025, el Petronio \u00c1lvarez tambi\u00e9n comienza su ruta hacia los 30 a\u00f1os, una estrategia que busca fortalecer el festival, sus procesos y visibilizaci\u00f3n; adem\u00e1s, se busca tambi\u00e9n realizar optimizaciones en la muestra de expresiones tradicionales, enfocando los esfuerzos hacia la preservaci\u00f3n del patrimonio cultural inmaterial que habita en la regi\u00f3n.<\/p>\n\n\n\n<p>\u201cEn esta edici\u00f3n del festival, adem\u00e1s, comenzamos el camino hacia los primeros 30 a\u00f1os del festival, una importante misi\u00f3n que nos permitir\u00e1 seguir aunando esfuerzos para hacer del Petronio una plataforma todav\u00eda m\u00e1s importante a nivel mundial para potenciar las m\u00fasicas tradicionales y las nuevas creaciones de la regi\u00f3n Pac\u00edfica\u201d, agreg\u00f3 Higidio.<\/p>\n\n\n\n<p>El Festival de M\u00fasica del Pac\u00edfico Petronio \u00c1lvarez tendr\u00e1 sus pr\u00f3ximas zonales clasificatorias en Puerto Tejada, Cauca; Buenaventura, Valle; Esmeraldas, Ecuador; Bogot\u00e1 D.C.; Istmina, Choc\u00f3; Timbiqu\u00ed, Cauca; y finalizar\u00e1n en Cali en el mes de junio.<\/p>\n\n\n\n<p><\/p>\n\n\n\n<p><\/p>\n\n\n\n<p>cali.gov.co<\/p>\n\n\n\n<ul class=\"wp-block-list\">\n<li><a href=\"https:\/\/www.cali.gov.co\/boletines\/publicaciones\/186549\/en-la-emblematica-tierra-del-oro-barbacoas-iniciaron-las-zonales-clasificatorias-del-petronio-alvarez\/#\"><\/a><\/li>\n<\/ul>\n","protected":false},"excerpt":{"rendered":"<p>Santiago de Cali, 28 de abril de 2025 A orillas del R\u00edo Telemb\u00ed, en Barbacoas, Nari\u00f1o, el Festival de M\u00fasica del Pac\u00edfico Petronio \u00c1lvarez, realizado por la Secretar\u00eda de cultura de Cali, inici\u00f3 el recorrido de las zonales clasificatorias para identificar a las agrupaciones que se seleccionar\u00e1n para participar en el concurso musical del festival [&hellip;]<\/p>\n","protected":false},"author":1,"featured_media":185089,"comment_status":"closed","ping_status":"closed","sticky":false,"template":"","format":"standard","meta":{"_acf_changed":false,"_jetpack_memberships_contains_paid_content":false,"footnotes":"","jetpack_publicize_message":"","jetpack_publicize_feature_enabled":true,"jetpack_social_post_already_shared":true,"jetpack_social_options":{"image_generator_settings":{"template":"highway","default_image_id":0,"font":"","enabled":false},"version":2}},"categories":[6],"tags":[],"class_list":["post-185088","post","type-post","status-publish","format-standard","has-post-thumbnail","hentry","category-ecologia"],"acf":[],"jetpack_publicize_connections":[],"jetpack_featured_media_url":"https:\/\/i0.wp.com\/sportseco.com\/wp-content\/uploads\/2025\/04\/thgaleria_700X400_320604.webp?fit=600%2C400&ssl=1","jetpack_sharing_enabled":true,"_links":{"self":[{"href":"https:\/\/sportseco.com\/index.php?rest_route=\/wp\/v2\/posts\/185088","targetHints":{"allow":["GET"]}}],"collection":[{"href":"https:\/\/sportseco.com\/index.php?rest_route=\/wp\/v2\/posts"}],"about":[{"href":"https:\/\/sportseco.com\/index.php?rest_route=\/wp\/v2\/types\/post"}],"author":[{"embeddable":true,"href":"https:\/\/sportseco.com\/index.php?rest_route=\/wp\/v2\/users\/1"}],"replies":[{"embeddable":true,"href":"https:\/\/sportseco.com\/index.php?rest_route=%2Fwp%2Fv2%2Fcomments&post=185088"}],"version-history":[{"count":1,"href":"https:\/\/sportseco.com\/index.php?rest_route=\/wp\/v2\/posts\/185088\/revisions"}],"predecessor-version":[{"id":185090,"href":"https:\/\/sportseco.com\/index.php?rest_route=\/wp\/v2\/posts\/185088\/revisions\/185090"}],"wp:featuredmedia":[{"embeddable":true,"href":"https:\/\/sportseco.com\/index.php?rest_route=\/wp\/v2\/media\/185089"}],"wp:attachment":[{"href":"https:\/\/sportseco.com\/index.php?rest_route=%2Fwp%2Fv2%2Fmedia&parent=185088"}],"wp:term":[{"taxonomy":"category","embeddable":true,"href":"https:\/\/sportseco.com\/index.php?rest_route=%2Fwp%2Fv2%2Fcategories&post=185088"},{"taxonomy":"post_tag","embeddable":true,"href":"https:\/\/sportseco.com\/index.php?rest_route=%2Fwp%2Fv2%2Ftags&post=185088"}],"curies":[{"name":"wp","href":"https:\/\/api.w.org\/{rel}","templated":true}]}}